{"id":57715,"date":"2025-06-04T09:29:01","date_gmt":"2025-06-04T12:29:01","guid":{"rendered":"https:\/\/www.pbagora.com.br\/?p=902764"},"modified":"2025-06-04T11:29:01","modified_gmt":"2025-06-04T14:29:01","slug":"jovem-e-baleado-durante-partida-de-futebol-em-bayeux","status":"publish","type":"post","link":"https:\/\/sindaopcpb.org.br\/index.php\/2025\/06\/04\/jovem-e-baleado-durante-partida-de-futebol-em-bayeux\/","title":{"rendered":"Jovem \u00e9 baleado durante partida de futebol em Bayeux"},"content":{"rendered":"<p><img width=\"687\" height=\"463\" src=\"https:\/\/www.pbagora.com.br\/storage\/2023\/11\/csm_samu_no_hospital_de_trauma_JP_702d9f635d.jpeg\" class=\"attachment-large size-large wp-post-image\" alt=\"\" style=\"margin-bottom: 20px;\" decoding=\"async\" srcset=\"https:\/\/www.pbagora.com.br\/storage\/2023\/11\/csm_samu_no_hospital_de_trauma_JP_702d9f635d.jpeg 687w, https:\/\/www.pbagora.com.br\/storage\/2023\/11\/csm_samu_no_hospital_de_trauma_JP_702d9f635d-300x202.jpeg 300w, https:\/\/www.pbagora.com.br\/storage\/2023\/11\/csm_samu_no_hospital_de_trauma_JP_702d9f635d-150x101.jpeg 150w, https:\/\/www.pbagora.com.br\/storage\/2023\/11\/csm_samu_no_hospital_de_trauma_JP_702d9f635d-380x256.jpeg 380w, https:\/\/www.pbagora.com.br\/storage\/2023\/11\/csm_samu_no_hospital_de_trauma_JP_702d9f635d-80x54.jpeg 80w, https:\/\/www.pbagora.com.br\/storage\/2023\/11\/csm_samu_no_hospital_de_trauma_JP_702d9f635d-600x404.jpeg 600w\" sizes=\"(max-width: 687px) 100vw, 687px\" \/><\/p>\n<p>Um jovem foi v\u00edtima de uma tentativa de homic\u00eddio na noite dessa ter\u00e7a-feira (03) enquanto participava de uma partida de futebol na cidade de Bayeux, na Regi\u00e3o Metropolitana de Jo\u00e3o Pessoa. O crime aconteceu em uma quadra esportiva localizada no bairro Jardim Aeroporto.<\/p>\n\n\n\n<p>De acordo com informa\u00e7\u00f5es de testemunhas, a v\u00edtima estava jogando bola quando dois homens chegaram ao local e efetuaram v\u00e1rios disparos de arma de fogo em sua dire\u00e7\u00e3o. O espa\u00e7o estava bastante movimentado no momento do ataque, o que causou p\u00e2nico entre os presentes.<\/p>\n\n\n\n<p>O Servi\u00e7o de Atendimento M\u00f3vel de Urg\u00eancia (Samu) foi acionado imediatamente. O jovem, que n\u00e3o teve o nome divulgado, foi socorrido inicialmente para a Unidade de Pronto Atendimento (UPA) de Bayeux, mas, devido \u00e0 gravidade dos ferimentos, precisou ser transferido para o Hospital de Emerg\u00eancia e Trauma de Jo\u00e3o Pessoa, onde segue internado.<\/p>\n\n\n\n<p>Ainda n\u00e3o h\u00e1 informa\u00e7\u00f5es sobre a motiva\u00e7\u00e3o do crime, nem detalhes sobre os autores dos disparos. A Delegacia de Homic\u00eddios de Bayeux est\u00e1 \u00e0 frente das investiga\u00e7\u00f5es.<\/p>\n\n\n\n<p><strong><em>PB Agora<\/em><\/strong><\/p>\n","protected":false},"excerpt":{"rendered":"<p><img loading=\"lazy\" decoding=\"async\" width=\"687\" height=\"463\" src=\"https:\/\/www.pbagora.com.br\/storage\/2023\/11\/csm_samu_no_hospital_de_trauma_JP_702d9f635d.jpeg\" class=\"attachment-large size-large wp-post-image\" alt=\"\" srcset=\"https:\/\/www.pbagora.com.br\/storage\/2023\/11\/csm_samu_no_hospital_de_trauma_JP_702d9f635d.jpeg 687w, https:\/\/www.pbagora.com.br\/storage\/2023\/11\/csm_samu_no_hospital_de_trauma_JP_702d9f635d-300x202.jpeg 300w, https:\/\/www.pbagora.com.br\/storage\/2023\/11\/csm_samu_no_hospital_de_trauma_JP_702d9f635d-150x101.jpeg 150w, https:\/\/www.pbagora.com.br\/storage\/2023\/11\/csm_samu_no_hospital_de_trauma_JP_702d9f635d-380x256.jpeg 380w, https:\/\/www.pbagora.com.br\/storage\/2023\/11\/csm_samu_no_hospital_de_trauma_JP_702d9f635d-80x54.jpeg 80w, https:\/\/www.pbagora.com.br\/storage\/2023\/11\/csm_samu_no_hospital_de_trauma_JP_702d9f635d-600x404.jpeg 600w\" sizes=\"auto, (max-width: 687px) 100vw, 687px\"><\/p>\n<p>Um jovem foi v\u00edtima de uma tentativa de homic\u00eddio na noite dessa ter\u00e7a-feira (03) enquanto participava de uma\u2026<\/p>\n","protected":false},"author":123457,"featured_media":0,"comment_status":"closed","ping_status":"closed","sticky":false,"template":"","format":"standard","meta":{"advgb_blocks_editor_width":"","advgb_blocks_columns_visual_guide":"","footnotes":""},"categories":[34],"tags":[35,10839,10847],"class_list":["post-57715","post","type-post","status-publish","format-standard","hentry","category-g1","tag-g1","tag-policial","tag-rodape-03"],"author_meta":{"display_name":"Reda\u00e7\u00e3o","author_link":"https:\/\/sindaopcpb.org.br\/author\/redacao\/"},"featured_img":null,"coauthors":[],"tax_additional":{"categories":{"linked":["<a href=\"https:\/\/sindaopcpb.org.br\/g1\/\" class=\"advgb-post-tax-term\">G1<\/a>"],"unlinked":["<span class=\"advgb-post-tax-term\">G1<\/span>"]},"tags":{"linked":["<a href=\"https:\/\/sindaopcpb.org.br\/g1\/\" class=\"advgb-post-tax-term\">g1<\/a>","<a href=\"https:\/\/sindaopcpb.org.br\/g1\/\" class=\"advgb-post-tax-term\">Policial<\/a>","<a href=\"https:\/\/sindaopcpb.org.br\/g1\/\" class=\"advgb-post-tax-term\">Rodape 03<\/a>"],"unlinked":["<span class=\"advgb-post-tax-term\">g1<\/span>","<span class=\"advgb-post-tax-term\">Policial<\/span>","<span class=\"advgb-post-tax-term\">Rodape 03<\/span>"]}},"comment_count":"0","relative_dates":{"created":"Publicado 11 meses atr\u00e1s","modified":"Atualizado 11 meses atr\u00e1s"},"absolute_dates":{"created":"Publicado em 4 de junho de 2025","modified":"Atualizado em 4 de junho de 2025"},"absolute_dates_time":{"created":"Publicado em 4 de junho de 2025 09:29","modified":"Atualizado em 4 de junho de 2025 11:29"},"featured_img_caption":"","series_order":"","_links":{"self":[{"href":"https:\/\/sindaopcpb.org.br\/index.php\/wp-json\/wp\/v2\/posts\/57715","targetHints":{"allow":["GET"]}}],"collection":[{"href":"https:\/\/sindaopcpb.org.br\/index.php\/wp-json\/wp\/v2\/posts"}],"about":[{"href":"https:\/\/sindaopcpb.org.br\/index.php\/wp-json\/wp\/v2\/types\/post"}],"author":[{"embeddable":true,"href":"https:\/\/sindaopcpb.org.br\/index.php\/wp-json\/wp\/v2\/users\/123457"}],"replies":[{"embeddable":true,"href":"https:\/\/sindaopcpb.org.br\/index.php\/wp-json\/wp\/v2\/comments?post=57715"}],"version-history":[{"count":3,"href":"https:\/\/sindaopcpb.org.br\/index.php\/wp-json\/wp\/v2\/posts\/57715\/revisions"}],"predecessor-version":[{"id":57725,"href":"https:\/\/sindaopcpb.org.br\/index.php\/wp-json\/wp\/v2\/posts\/57715\/revisions\/57725"}],"wp:attachment":[{"href":"https:\/\/sindaopcpb.org.br\/index.php\/wp-json\/wp\/v2\/media?parent=57715"}],"wp:term":[{"taxonomy":"category","embeddable":true,"href":"https:\/\/sindaopcpb.org.br\/index.php\/wp-json\/wp\/v2\/categories?post=57715"},{"taxonomy":"post_tag","embeddable":true,"href":"https:\/\/sindaopcpb.org.br\/index.php\/wp-json\/wp\/v2\/tags?post=57715"}],"curies":[{"name":"wp","href":"https:\/\/api.w.org\/{rel}","templated":true}]}}