{"id":57670,"date":"2025-06-03T06:26:24","date_gmt":"2025-06-03T09:26:24","guid":{"rendered":"https:\/\/www.pbagora.com.br\/?p=902559"},"modified":"2025-06-03T09:26:24","modified_gmt":"2025-06-03T12:26:24","slug":"pf-passa-a-atuar-permanentemente-no-aeroporto-de-campina","status":"publish","type":"post","link":"https:\/\/sindaopcpb.org.br\/index.php\/2025\/06\/03\/pf-passa-a-atuar-permanentemente-no-aeroporto-de-campina\/","title":{"rendered":"PF passa a atuar permanentemente no Aeroporto de Campina"},"content":{"rendered":"<p><img width=\"1024\" height=\"576\" src=\"https:\/\/www.pbagora.com.br\/storage\/2025\/06\/WhatsApp-Image-2025-06-02-at-21.54.59-1024x576.jpeg\" class=\"attachment-large size-large wp-post-image\" alt=\"\" style=\"margin-bottom: 20px;\" decoding=\"async\" loading=\"lazy\" srcset=\"https:\/\/www.pbagora.com.br\/storage\/2025\/06\/WhatsApp-Image-2025-06-02-at-21.54.59-1024x576.jpeg 1024w, https:\/\/www.pbagora.com.br\/storage\/2025\/06\/WhatsApp-Image-2025-06-02-at-21.54.59-300x169.jpeg 300w, https:\/\/www.pbagora.com.br\/storage\/2025\/06\/WhatsApp-Image-2025-06-02-at-21.54.59-150x84.jpeg 150w, https:\/\/www.pbagora.com.br\/storage\/2025\/06\/WhatsApp-Image-2025-06-02-at-21.54.59-768x432.jpeg 768w, https:\/\/www.pbagora.com.br\/storage\/2025\/06\/WhatsApp-Image-2025-06-02-at-21.54.59-380x214.jpeg 380w, https:\/\/www.pbagora.com.br\/storage\/2025\/06\/WhatsApp-Image-2025-06-02-at-21.54.59-800x450.jpeg 800w, https:\/\/www.pbagora.com.br\/storage\/2025\/06\/WhatsApp-Image-2025-06-02-at-21.54.59-1160x653.jpeg 1160w, https:\/\/www.pbagora.com.br\/storage\/2025\/06\/WhatsApp-Image-2025-06-02-at-21.54.59-80x46.jpeg 80w, https:\/\/www.pbagora.com.br\/storage\/2025\/06\/WhatsApp-Image-2025-06-02-at-21.54.59-760x428.jpeg 760w, https:\/\/www.pbagora.com.br\/storage\/2025\/06\/WhatsApp-Image-2025-06-02-at-21.54.59-600x338.jpeg 600w, https:\/\/www.pbagora.com.br\/storage\/2025\/06\/WhatsApp-Image-2025-06-02-at-21.54.59.jpeg 1280w\" sizes=\"auto, (max-width: 1024px) 100vw, 1024px\" \/><\/p>\n<p><\/p>\n\n\n\n<p>A Pol\u00edcia Federal iniciou, na manh\u00e3 desta segunda-feira (2), as atividades permanentes de pol\u00edcia aeroportu\u00e1ria no Aeroporto Presidente Jo\u00e3o Suassuna, em Campina Grande. A medida visa garantir o cumprimento das atribui\u00e7\u00f5es constitucionais e normativas relacionadas \u00e0 seguran\u00e7a no terminal.<\/p>\n\n\n\n<figure class=\"wp-block-image size-large\"><img  loading=\"lazy\"  decoding=\"async\"  width=\"768\"  height=\"1024\"  src=\"https:\/\/www.pbagora.com.br\/storage\/2025\/06\/WhatsApp-Image-2025-06-02-at-21.54.59-1-768x1024.jpeg\"  alt=\"\"  class=\"wp-image-902560\"  srcset=\"https:\/\/www.pbagora.com.br\/storage\/2025\/06\/WhatsApp-Image-2025-06-02-at-21.54.59-1-768x1024.jpeg 768w, https:\/\/www.pbagora.com.br\/storage\/2025\/06\/WhatsApp-Image-2025-06-02-at-21.54.59-1-225x300.jpeg 225w, https:\/\/www.pbagora.com.br\/storage\/2025\/06\/WhatsApp-Image-2025-06-02-at-21.54.59-1-113x150.jpeg 113w, https:\/\/www.pbagora.com.br\/storage\/2025\/06\/WhatsApp-Image-2025-06-02-at-21.54.59-1-380x507.jpeg 380w, https:\/\/www.pbagora.com.br\/storage\/2025\/06\/WhatsApp-Image-2025-06-02-at-21.54.59-1-800x1067.jpeg 800w, https:\/\/www.pbagora.com.br\/storage\/2025\/06\/WhatsApp-Image-2025-06-02-at-21.54.59-1-80x107.jpeg 80w, https:\/\/www.pbagora.com.br\/storage\/2025\/06\/WhatsApp-Image-2025-06-02-at-21.54.59-1-60x80.jpeg 60w, https:\/\/www.pbagora.com.br\/storage\/2025\/06\/WhatsApp-Image-2025-06-02-at-21.54.59-1-760x1013.jpeg 760w, https:\/\/www.pbagora.com.br\/storage\/2025\/06\/WhatsApp-Image-2025-06-02-at-21.54.59-1-450x600.jpeg 450w, https:\/\/www.pbagora.com.br\/storage\/2025\/06\/WhatsApp-Image-2025-06-02-at-21.54.59-1.jpeg 960w\"  sizes=\"auto, (max-width: 768px) 100vw, 768px\" ><\/figure>\n\n\n\n<p>A implementa\u00e7\u00e3o das atividades permanentes contou com o apoio da concession\u00e1ria AENA, respons\u00e1vel pela administra\u00e7\u00e3o do aeroporto, que cedeu espa\u00e7o f\u00edsico para o posto de atendimento ao p\u00fablico e para as atividades de fiscaliza\u00e7\u00e3o no setor de desembarque. Essa colabora\u00e7\u00e3o possibilitou a amplia\u00e7\u00e3o das a\u00e7\u00f5es de controle migrat\u00f3rio e de seguran\u00e7a na regi\u00e3o.<\/p>\n\n\n\n<p>Com a medida, a Pol\u00edcia Federal passa a executar suas atribui\u00e7\u00f5es constitucionais relacionadas \u00e0 seguran\u00e7a aeroportu\u00e1ria, ao controle migrat\u00f3rio e documental, e \u00e0 fiscaliza\u00e7\u00e3o do transporte a\u00e9reo, conforme os padr\u00f5es nacionais e internacionais de seguran\u00e7a p\u00fablica.<\/p>\n\n\n\n<p>Reda\u00e7\u00e3o com assessoria<\/p>\n","protected":false},"excerpt":{"rendered":"<p><img loading=\"lazy\" decoding=\"async\" width=\"1024\" height=\"576\" src=\"https:\/\/www.pbagora.com.br\/storage\/2025\/06\/WhatsApp-Image-2025-06-02-at-21.54.59-1024x576.jpeg\" class=\"attachment-large size-large wp-post-image\" alt=\"\" srcset=\"https:\/\/www.pbagora.com.br\/storage\/2025\/06\/WhatsApp-Image-2025-06-02-at-21.54.59-1024x576.jpeg 1024w, https:\/\/www.pbagora.com.br\/storage\/2025\/06\/WhatsApp-Image-2025-06-02-at-21.54.59-300x169.jpeg 300w, https:\/\/www.pbagora.com.br\/storage\/2025\/06\/WhatsApp-Image-2025-06-02-at-21.54.59-150x84.jpeg 150w, https:\/\/www.pbagora.com.br\/storage\/2025\/06\/WhatsApp-Image-2025-06-02-at-21.54.59-768x432.jpeg 768w, https:\/\/www.pbagora.com.br\/storage\/2025\/06\/WhatsApp-Image-2025-06-02-at-21.54.59-380x214.jpeg 380w, https:\/\/www.pbagora.com.br\/storage\/2025\/06\/WhatsApp-Image-2025-06-02-at-21.54.59-800x450.jpeg 800w, https:\/\/www.pbagora.com.br\/storage\/2025\/06\/WhatsApp-Image-2025-06-02-at-21.54.59-1160x653.jpeg 1160w, https:\/\/www.pbagora.com.br\/storage\/2025\/06\/WhatsApp-Image-2025-06-02-at-21.54.59-80x46.jpeg 80w, https:\/\/www.pbagora.com.br\/storage\/2025\/06\/WhatsApp-Image-2025-06-02-at-21.54.59-760x428.jpeg 760w, https:\/\/www.pbagora.com.br\/storage\/2025\/06\/WhatsApp-Image-2025-06-02-at-21.54.59-600x338.jpeg 600w, https:\/\/www.pbagora.com.br\/storage\/2025\/06\/WhatsApp-Image-2025-06-02-at-21.54.59.jpeg 1280w\" sizes=\"auto, (max-width: 1024px) 100vw, 1024px\"><\/p>\n<p>A Pol\u00edcia Federal iniciou, na manh\u00e3 desta segunda-feira (2), as atividades permanentes de pol\u00edcia aeroportu\u00e1ria no Aeroporto Presidente\u2026<\/p>\n","protected":false},"author":123457,"featured_media":0,"comment_status":"closed","ping_status":"closed","sticky":false,"template":"","format":"standard","meta":{"advgb_blocks_editor_width":"","advgb_blocks_columns_visual_guide":"","footnotes":""},"categories":[34],"tags":[35,10839,10847],"class_list":["post-57670","post","type-post","status-publish","format-standard","hentry","category-g1","tag-g1","tag-policial","tag-rodape-03"],"author_meta":{"display_name":"Reda\u00e7\u00e3o","author_link":"https:\/\/sindaopcpb.org.br\/author\/redacao\/"},"featured_img":null,"coauthors":[],"tax_additional":{"categories":{"linked":["<a href=\"https:\/\/sindaopcpb.org.br\/g1\/\" class=\"advgb-post-tax-term\">G1<\/a>"],"unlinked":["<span class=\"advgb-post-tax-term\">G1<\/span>"]},"tags":{"linked":["<a href=\"https:\/\/sindaopcpb.org.br\/g1\/\" class=\"advgb-post-tax-term\">g1<\/a>","<a href=\"https:\/\/sindaopcpb.org.br\/g1\/\" class=\"advgb-post-tax-term\">Policial<\/a>","<a href=\"https:\/\/sindaopcpb.org.br\/g1\/\" class=\"advgb-post-tax-term\">Rodape 03<\/a>"],"unlinked":["<span class=\"advgb-post-tax-term\">g1<\/span>","<span class=\"advgb-post-tax-term\">Policial<\/span>","<span class=\"advgb-post-tax-term\">Rodape 03<\/span>"]}},"comment_count":"0","relative_dates":{"created":"Publicado 11 meses atr\u00e1s","modified":"Atualizado 11 meses atr\u00e1s"},"absolute_dates":{"created":"Publicado em 3 de junho de 2025","modified":"Atualizado em 3 de junho de 2025"},"absolute_dates_time":{"created":"Publicado em 3 de junho de 2025 06:26","modified":"Atualizado em 3 de junho de 2025 09:26"},"featured_img_caption":"","series_order":"","_links":{"self":[{"href":"https:\/\/sindaopcpb.org.br\/index.php\/wp-json\/wp\/v2\/posts\/57670","targetHints":{"allow":["GET"]}}],"collection":[{"href":"https:\/\/sindaopcpb.org.br\/index.php\/wp-json\/wp\/v2\/posts"}],"about":[{"href":"https:\/\/sindaopcpb.org.br\/index.php\/wp-json\/wp\/v2\/types\/post"}],"author":[{"embeddable":true,"href":"https:\/\/sindaopcpb.org.br\/index.php\/wp-json\/wp\/v2\/users\/123457"}],"replies":[{"embeddable":true,"href":"https:\/\/sindaopcpb.org.br\/index.php\/wp-json\/wp\/v2\/comments?post=57670"}],"version-history":[{"count":3,"href":"https:\/\/sindaopcpb.org.br\/index.php\/wp-json\/wp\/v2\/posts\/57670\/revisions"}],"predecessor-version":[{"id":57687,"href":"https:\/\/sindaopcpb.org.br\/index.php\/wp-json\/wp\/v2\/posts\/57670\/revisions\/57687"}],"wp:attachment":[{"href":"https:\/\/sindaopcpb.org.br\/index.php\/wp-json\/wp\/v2\/media?parent=57670"}],"wp:term":[{"taxonomy":"category","embeddable":true,"href":"https:\/\/sindaopcpb.org.br\/index.php\/wp-json\/wp\/v2\/categories?post=57670"},{"taxonomy":"post_tag","embeddable":true,"href":"https:\/\/sindaopcpb.org.br\/index.php\/wp-json\/wp\/v2\/tags?post=57670"}],"curies":[{"name":"wp","href":"https:\/\/api.w.org\/{rel}","templated":true}]}}