{"id":57663,"date":"2025-06-02T16:35:20","date_gmt":"2025-06-02T19:35:20","guid":{"rendered":"https:\/\/www.pbagora.com.br\/?p=902457"},"modified":"2025-06-02T16:35:20","modified_gmt":"2025-06-02T19:35:20","slug":"em-liberdade-confira-restricoes-impostas-ao-motorista-que-atropelou-e-matou-zelador-no-bessa","status":"publish","type":"post","link":"https:\/\/sindaopcpb.org.br\/index.php\/2025\/06\/02\/em-liberdade-confira-restricoes-impostas-ao-motorista-que-atropelou-e-matou-zelador-no-bessa\/","title":{"rendered":"EM LIBERDADE: confira restri\u00e7\u00f5es impostas ao motorista que atropelou e matou zelador no Bessa"},"content":{"rendered":"<p><img width=\"594\" height=\"295\" src=\"https:\/\/www.pbagora.com.br\/storage\/2025\/05\/image-39.png\" class=\"attachment-large size-large wp-post-image\" alt=\"\" style=\"margin-bottom: 20px;\" decoding=\"async\" loading=\"lazy\" srcset=\"https:\/\/www.pbagora.com.br\/storage\/2025\/05\/image-39.png 594w, https:\/\/www.pbagora.com.br\/storage\/2025\/05\/image-39-300x149.png 300w, https:\/\/www.pbagora.com.br\/storage\/2025\/05\/image-39-150x74.png 150w, https:\/\/www.pbagora.com.br\/storage\/2025\/05\/image-39-380x189.png 380w, https:\/\/www.pbagora.com.br\/storage\/2025\/05\/image-39-80x40.png 80w\" sizes=\"auto, (max-width: 594px) 100vw, 594px\" \/><\/p>\n<p>O motorista acusado de atropelar e matar o zelador Maurelio Silva de Ara\u00fajo, de 48 anos, no bairro do Bessa, em Jo\u00e3o Pessoa est\u00e1 em liberdade, mas ter\u00e1 que cumprir uma s\u00e9rie de medidas cautelares impostas pela Justi\u00e7a.<\/p>\n\n\n\n<p>De acordo com a decis\u00e3o da ju\u00edza Alessandra Nara Torres da Silva, da 1\u00aa Vara Regional de Garantias da Para\u00edba, Arthur Jos\u00e9 Rodrigues de Farias, de 22 anos, est\u00e1 proibido de:<\/p>\n\n\n\n<p>-Ingerir bebidas alco\u00f3licas em locais p\u00fablicos por dois anos ou at\u00e9 o julgamento final;<\/p>\n\n\n\n<p>-Sair de casa entre 22h e 6h, inclusive aos finais de semana;<\/p>\n\n\n\n<p>-Dirigir qualquer tipo de ve\u00edculo, tendo a Carteira Nacional de Habilita\u00e7\u00e3o (CNH) suspensa;<\/p>\n\n\n\n<p>-Deve comparecer mensalmente \u00e0 Justi\u00e7a para prestar contas de suas atividades.<\/p>\n\n\n\n<p>Na decis\u00e3o, a magistrada justificou que, embora o caso envolva gravidade, a aplica\u00e7\u00e3o de medidas restritivas \u00e9 suficiente no momento.<\/p>\n\n\n\n<p>\u201cRevela-se razo\u00e1vel e proporcional a imposi\u00e7\u00e3o de restri\u00e7\u00f5es que limitem a liberdade do autuado, sem priv\u00e1-lo integralmente dela, sobretudo diante das circunst\u00e2ncias do fato, que envolveu condu\u00e7\u00e3o de ve\u00edculo automotor sob influ\u00eancia de \u00e1lcool, com resultado lesivo grave, somado \u00e0 tentativa de evas\u00e3o do local do crime\u201d, escreveu.<\/p>\n\n\n\n<p>Arthur, que \u00e9 filho da prefeita de Pilar, confessou que havia ingerido bebida alco\u00f3lica e voltava de uma festa de formatura quando perdeu o controle do carro e atropelou o zelador, que estava na cal\u00e7ada realizando seu trabalho, ele foi solto ap\u00f3s pagar uma fian\u00e7a de R$ 15.180. J\u00e1 a v\u00edtima chegou a ser socorrida, mas n\u00e3o resistiu aos ferimentos e morreu no domingo (1\u00ba) no Hospital de Trauma de Jo\u00e3o Pessoa.<\/p>\n\n\n\n<p><strong><em>PB Agora<\/em><\/strong><\/p>\n","protected":false},"excerpt":{"rendered":"<p><img decoding=\"async\" width=\"594\" height=\"295\" src=\"https:\/\/www.pbagora.com.br\/storage\/2025\/05\/image-39.png\" class=\"attachment-large size-large wp-post-image\" alt=\"\" loading=\"lazy\" srcset=\"https:\/\/www.pbagora.com.br\/storage\/2025\/05\/image-39.png 594w, https:\/\/www.pbagora.com.br\/storage\/2025\/05\/image-39-300x149.png 300w, https:\/\/www.pbagora.com.br\/storage\/2025\/05\/image-39-150x74.png 150w, https:\/\/www.pbagora.com.br\/storage\/2025\/05\/image-39-380x189.png 380w, https:\/\/www.pbagora.com.br\/storage\/2025\/05\/image-39-80x40.png 80w\" sizes=\"auto, (max-width: 594px) 100vw, 594px\"><\/p>\n<p>O motorista acusado de atropelar e matar o zelador Maurelio Silva de Ara\u00fajo, de 48 anos, no bairro\u2026<\/p>\n","protected":false},"author":123457,"featured_media":0,"comment_status":"closed","ping_status":"closed","sticky":false,"template":"","format":"standard","meta":{"advgb_blocks_editor_width":"","advgb_blocks_columns_visual_guide":"","footnotes":""},"categories":[34],"tags":[10840,35,10839],"class_list":["post-57663","post","type-post","status-publish","format-standard","hentry","category-g1","tag-destaque-centro-03","tag-g1","tag-policial"],"author_meta":{"display_name":"Reda\u00e7\u00e3o","author_link":"https:\/\/sindaopcpb.org.br\/author\/redacao\/"},"featured_img":null,"coauthors":[],"tax_additional":{"categories":{"linked":["<a href=\"https:\/\/sindaopcpb.org.br\/g1\/\" class=\"advgb-post-tax-term\">G1<\/a>"],"unlinked":["<span class=\"advgb-post-tax-term\">G1<\/span>"]},"tags":{"linked":["<a href=\"https:\/\/sindaopcpb.org.br\/g1\/\" class=\"advgb-post-tax-term\">Destaque Centro 03<\/a>","<a href=\"https:\/\/sindaopcpb.org.br\/g1\/\" class=\"advgb-post-tax-term\">g1<\/a>","<a href=\"https:\/\/sindaopcpb.org.br\/g1\/\" class=\"advgb-post-tax-term\">Policial<\/a>"],"unlinked":["<span class=\"advgb-post-tax-term\">Destaque Centro 03<\/span>","<span class=\"advgb-post-tax-term\">g1<\/span>","<span class=\"advgb-post-tax-term\">Policial<\/span>"]}},"comment_count":"0","relative_dates":{"created":"Publicado 11 meses atr\u00e1s","modified":"Atualizado 11 meses atr\u00e1s"},"absolute_dates":{"created":"Publicado em 2 de junho de 2025","modified":"Atualizado em 2 de junho de 2025"},"absolute_dates_time":{"created":"Publicado em 2 de junho de 2025 16:35","modified":"Atualizado em 2 de junho de 2025 16:35"},"featured_img_caption":"","series_order":"","_links":{"self":[{"href":"https:\/\/sindaopcpb.org.br\/index.php\/wp-json\/wp\/v2\/posts\/57663","targetHints":{"allow":["GET"]}}],"collection":[{"href":"https:\/\/sindaopcpb.org.br\/index.php\/wp-json\/wp\/v2\/posts"}],"about":[{"href":"https:\/\/sindaopcpb.org.br\/index.php\/wp-json\/wp\/v2\/types\/post"}],"author":[{"embeddable":true,"href":"https:\/\/sindaopcpb.org.br\/index.php\/wp-json\/wp\/v2\/users\/123457"}],"replies":[{"embeddable":true,"href":"https:\/\/sindaopcpb.org.br\/index.php\/wp-json\/wp\/v2\/comments?post=57663"}],"version-history":[{"count":1,"href":"https:\/\/sindaopcpb.org.br\/index.php\/wp-json\/wp\/v2\/posts\/57663\/revisions"}],"predecessor-version":[{"id":57664,"href":"https:\/\/sindaopcpb.org.br\/index.php\/wp-json\/wp\/v2\/posts\/57663\/revisions\/57664"}],"wp:attachment":[{"href":"https:\/\/sindaopcpb.org.br\/index.php\/wp-json\/wp\/v2\/media?parent=57663"}],"wp:term":[{"taxonomy":"category","embeddable":true,"href":"https:\/\/sindaopcpb.org.br\/index.php\/wp-json\/wp\/v2\/categories?post=57663"},{"taxonomy":"post_tag","embeddable":true,"href":"https:\/\/sindaopcpb.org.br\/index.php\/wp-json\/wp\/v2\/tags?post=57663"}],"curies":[{"name":"wp","href":"https:\/\/api.w.org\/{rel}","templated":true}]}}