{"id":57644,"date":"2025-06-02T11:37:41","date_gmt":"2025-06-02T14:37:41","guid":{"rendered":"https:\/\/www.pbagora.com.br\/?p=902441"},"modified":"2025-06-02T11:37:41","modified_gmt":"2025-06-02T14:37:41","slug":"adolescente-suspeito-de-matar-ex-namorada-a-facadas-e-apreendido-em-santa-rita","status":"publish","type":"post","link":"https:\/\/sindaopcpb.org.br\/index.php\/2025\/06\/02\/adolescente-suspeito-de-matar-ex-namorada-a-facadas-e-apreendido-em-santa-rita\/","title":{"rendered":"Adolescente suspeito de matar ex-namorada a facadas \u00e9 apreendido em Santa Rita"},"content":{"rendered":"<p><img width=\"984\" height=\"491\" src=\"https:\/\/www.pbagora.com.br\/storage\/2025\/05\/feminicidio-santa-rita.avif\" class=\"attachment-large size-large wp-post-image\" alt=\"\" style=\"margin-bottom: 20px;\" decoding=\"async\" srcset=\"https:\/\/www.pbagora.com.br\/storage\/2025\/05\/feminicidio-santa-rita.avif 984w, https:\/\/www.pbagora.com.br\/storage\/2025\/05\/feminicidio-santa-rita-300x150.avif 300w, https:\/\/www.pbagora.com.br\/storage\/2025\/05\/feminicidio-santa-rita-150x75.avif 150w, https:\/\/www.pbagora.com.br\/storage\/2025\/05\/feminicidio-santa-rita-768x383.avif 768w, https:\/\/www.pbagora.com.br\/storage\/2025\/05\/feminicidio-santa-rita-380x190.avif 380w, https:\/\/www.pbagora.com.br\/storage\/2025\/05\/feminicidio-santa-rita-800x399.avif 800w, https:\/\/www.pbagora.com.br\/storage\/2025\/05\/feminicidio-santa-rita-80x40.avif 80w, https:\/\/www.pbagora.com.br\/storage\/2025\/05\/feminicidio-santa-rita-760x379.avif 760w, https:\/\/www.pbagora.com.br\/storage\/2025\/05\/feminicidio-santa-rita-600x299.avif 600w\" sizes=\"(max-width: 984px) 100vw, 984px\" \/><\/p>\n<p>O adolescente suspeito de assassinar a ex-namorada a facadas no \u00faltimo s\u00e1bado (31), em Santa Rita, na Grande Jo\u00e3o Pessoa, foi apreendido na manh\u00e3 desta segunda-feira (2) pela Pol\u00edcia Civil.<\/p>\n\n\n\n<p>A v\u00edtima, uma adolescente de 15 anos, foi morta enquanto fazia as unhas em um sal\u00e3o de beleza no bairro Popular. De acordo com testemunhas, o suspeito invadiu o local armado com uma faca, desferiu os primeiros golpes e, mesmo com a jovem tentando fugir, seguiu perseguindo e atacando.<\/p>\n\n\n\n<p>Imagens de c\u00e2meras de seguran\u00e7a mostram a adolescente correndo pelas ruas j\u00e1 ferida, mas ela n\u00e3o resistiu e caiu sem vida pouco depois.<\/p>\n\n\n\n<p>O laudo da per\u00edcia confirmou que a v\u00edtima foi atingida por dez facadas, sendo sete delas nas costas, o que indica que ela tentou escapar do agressor. A faca usada no crime n\u00e3o foi localizada at\u00e9 o momento, e a pol\u00edcia suspeita que o adolescente tenha levado o objeto durante a fuga.<\/p>\n\n\n\n<p>Segundo as investiga\u00e7\u00f5es, o relacionamento entre os dois havia terminado h\u00e1 cerca de dois meses. O suspeito n\u00e3o aceitava o fim e j\u00e1 demonstrava comportamento possessivo e violento.<\/p>\n\n\n\n<p>Ap\u00f3s a apreens\u00e3o, o jovem foi encaminhado para procedimentos na Delegacia de Pol\u00edcia Civil e dever\u00e1 responder por ato infracional an\u00e1logo a homic\u00eddio qualificado, conforme prev\u00ea o Estatuto da Crian\u00e7a e do Adolescente (ECA).<\/p>\n\n\n\n<p><strong><em>PB Agora<\/em><\/strong><\/p>\n","protected":false},"excerpt":{"rendered":"<p><img loading=\"lazy\" decoding=\"async\" width=\"984\" height=\"491\" src=\"https:\/\/www.pbagora.com.br\/storage\/2025\/05\/feminicidio-santa-rita.avif\" class=\"attachment-large size-large wp-post-image\" alt=\"\" srcset=\"https:\/\/www.pbagora.com.br\/storage\/2025\/05\/feminicidio-santa-rita.avif 984w, https:\/\/www.pbagora.com.br\/storage\/2025\/05\/feminicidio-santa-rita-300x150.avif 300w, https:\/\/www.pbagora.com.br\/storage\/2025\/05\/feminicidio-santa-rita-150x75.avif 150w, https:\/\/www.pbagora.com.br\/storage\/2025\/05\/feminicidio-santa-rita-768x383.avif 768w, https:\/\/www.pbagora.com.br\/storage\/2025\/05\/feminicidio-santa-rita-380x190.avif 380w, https:\/\/www.pbagora.com.br\/storage\/2025\/05\/feminicidio-santa-rita-800x399.avif 800w, https:\/\/www.pbagora.com.br\/storage\/2025\/05\/feminicidio-santa-rita-80x40.avif 80w, https:\/\/www.pbagora.com.br\/storage\/2025\/05\/feminicidio-santa-rita-760x379.avif 760w, https:\/\/www.pbagora.com.br\/storage\/2025\/05\/feminicidio-santa-rita-600x299.avif 600w\" sizes=\"auto, (max-width: 984px) 100vw, 984px\"><\/p>\n<p>O adolescente suspeito de assassinar a ex-namorada a facadas no \u00faltimo s\u00e1bado (31), em Santa Rita, na Grande\u2026<\/p>\n","protected":false},"author":123457,"featured_media":0,"comment_status":"closed","ping_status":"closed","sticky":false,"template":"","format":"standard","meta":{"advgb_blocks_editor_width":"","advgb_blocks_columns_visual_guide":"","footnotes":""},"categories":[34],"tags":[10840,35,10839],"class_list":["post-57644","post","type-post","status-publish","format-standard","hentry","category-g1","tag-destaque-centro-03","tag-g1","tag-policial"],"author_meta":{"display_name":"Reda\u00e7\u00e3o","author_link":"https:\/\/sindaopcpb.org.br\/author\/redacao\/"},"featured_img":null,"coauthors":[],"tax_additional":{"categories":{"linked":["<a href=\"https:\/\/sindaopcpb.org.br\/g1\/\" class=\"advgb-post-tax-term\">G1<\/a>"],"unlinked":["<span class=\"advgb-post-tax-term\">G1<\/span>"]},"tags":{"linked":["<a href=\"https:\/\/sindaopcpb.org.br\/g1\/\" class=\"advgb-post-tax-term\">Destaque Centro 03<\/a>","<a href=\"https:\/\/sindaopcpb.org.br\/g1\/\" class=\"advgb-post-tax-term\">g1<\/a>","<a href=\"https:\/\/sindaopcpb.org.br\/g1\/\" class=\"advgb-post-tax-term\">Policial<\/a>"],"unlinked":["<span class=\"advgb-post-tax-term\">Destaque Centro 03<\/span>","<span class=\"advgb-post-tax-term\">g1<\/span>","<span class=\"advgb-post-tax-term\">Policial<\/span>"]}},"comment_count":"0","relative_dates":{"created":"Publicado 11 meses atr\u00e1s","modified":"Atualizado 11 meses atr\u00e1s"},"absolute_dates":{"created":"Publicado em 2 de junho de 2025","modified":"Atualizado em 2 de junho de 2025"},"absolute_dates_time":{"created":"Publicado em 2 de junho de 2025 11:37","modified":"Atualizado em 2 de junho de 2025 11:37"},"featured_img_caption":"","series_order":"","_links":{"self":[{"href":"https:\/\/sindaopcpb.org.br\/index.php\/wp-json\/wp\/v2\/posts\/57644","targetHints":{"allow":["GET"]}}],"collection":[{"href":"https:\/\/sindaopcpb.org.br\/index.php\/wp-json\/wp\/v2\/posts"}],"about":[{"href":"https:\/\/sindaopcpb.org.br\/index.php\/wp-json\/wp\/v2\/types\/post"}],"author":[{"embeddable":true,"href":"https:\/\/sindaopcpb.org.br\/index.php\/wp-json\/wp\/v2\/users\/123457"}],"replies":[{"embeddable":true,"href":"https:\/\/sindaopcpb.org.br\/index.php\/wp-json\/wp\/v2\/comments?post=57644"}],"version-history":[{"count":2,"href":"https:\/\/sindaopcpb.org.br\/index.php\/wp-json\/wp\/v2\/posts\/57644\/revisions"}],"predecessor-version":[{"id":57658,"href":"https:\/\/sindaopcpb.org.br\/index.php\/wp-json\/wp\/v2\/posts\/57644\/revisions\/57658"}],"wp:attachment":[{"href":"https:\/\/sindaopcpb.org.br\/index.php\/wp-json\/wp\/v2\/media?parent=57644"}],"wp:term":[{"taxonomy":"category","embeddable":true,"href":"https:\/\/sindaopcpb.org.br\/index.php\/wp-json\/wp\/v2\/categories?post=57644"},{"taxonomy":"post_tag","embeddable":true,"href":"https:\/\/sindaopcpb.org.br\/index.php\/wp-json\/wp\/v2\/tags?post=57644"}],"curies":[{"name":"wp","href":"https:\/\/api.w.org\/{rel}","templated":true}]}}