{"id":57636,"date":"2025-06-02T08:19:31","date_gmt":"2025-06-02T11:19:31","guid":{"rendered":"https:\/\/www.pbagora.com.br\/?p=902399"},"modified":"2025-06-02T11:45:31","modified_gmt":"2025-06-02T14:45:31","slug":"zelador-atropelado-enquanto-trabalhava-no-bessa-morre-no-hospital-de-trauma-de-jp","status":"publish","type":"post","link":"https:\/\/sindaopcpb.org.br\/index.php\/2025\/06\/02\/zelador-atropelado-enquanto-trabalhava-no-bessa-morre-no-hospital-de-trauma-de-jp\/","title":{"rendered":"Zelador atropelado enquanto trabalhava no Bessa, morre no Hospital de Trauma de JP"},"content":{"rendered":"<p><img width=\"594\" height=\"295\" src=\"https:\/\/www.pbagora.com.br\/storage\/2025\/05\/image-39.png\" class=\"attachment-large size-large wp-post-image\" alt=\"\" style=\"margin-bottom: 20px;\" decoding=\"async\" loading=\"lazy\" srcset=\"https:\/\/www.pbagora.com.br\/storage\/2025\/05\/image-39.png 594w, https:\/\/www.pbagora.com.br\/storage\/2025\/05\/image-39-300x149.png 300w, https:\/\/www.pbagora.com.br\/storage\/2025\/05\/image-39-150x74.png 150w, https:\/\/www.pbagora.com.br\/storage\/2025\/05\/image-39-380x189.png 380w, https:\/\/www.pbagora.com.br\/storage\/2025\/05\/image-39-80x40.png 80w\" sizes=\"auto, (max-width: 594px) 100vw, 594px\" \/><\/p>\n<p>O zelador Maur\u00edlio Silva de Ara\u00fajo, de 48 anos, faleceu neste domingo, dia 1\u00ba de junho, no Hospital de Emerg\u00eancia e Trauma Senador Humberto Lucena, em Jo\u00e3o Pessoa. Ele n\u00e3o resistiu aos ferimentos provocados por um atropelamento ocorrido na manh\u00e3 da \u00faltima sexta-feira, dia 30 de maio, no bairro do Bessa.<\/p>\n\n\n\n<p>De acordo com informa\u00e7\u00f5es da Pol\u00edcia Militar, Maur\u00edlio estava na cal\u00e7ada quando foi atingido por um ve\u00edculo conduzido por Arthur Jos\u00e9 Rodrigues de Farias, de 22 anos. Testemunhas relataram que o motorista apresentava sinais claros de embriaguez no momento do acidente.<\/p>\n\n\n\n<p>O boletim registrado pelo Batalh\u00e3o Especializado em Policiamento Tur\u00edstico (BEPTur) aponta que o condutor apresentava odor et\u00edlico, olhos vermelhos, fala alterada, comportamento exaltado e dificuldade para manter o equil\u00edbrio.<\/p>\n\n\n\n<p>Ainda segundo a ocorr\u00eancia, Arthur se recusou a realizar o teste do etil\u00f4metro, tamb\u00e9m conhecido como teste do baf\u00f4metro, e foi autuado com base no artigo 165-A do C\u00f3digo de Tr\u00e2nsito Brasileiro, que trata da recusa em se submeter ao teste quando h\u00e1 sinais evidentes de embriaguez.<\/p>\n\n\n\n<p>O motorista foi conduzido \u00e0 Central de Flagrantes, na Cidade da Pol\u00edcia Civil, e liberado ap\u00f3s pagamento de fian\u00e7a.<\/p>\n\n\n\n<p>Com a morte da v\u00edtima, o caso dever\u00e1 ser reclassificado pela Pol\u00edcia Civil. Inicialmente tratado como les\u00e3o corporal de natureza grave, o inqu\u00e9rito passa agora a apurar homic\u00eddio, que pode ser enquadrado como culposo, quando n\u00e3o h\u00e1 inten\u00e7\u00e3o de matar, ou at\u00e9 doloso, caso a investiga\u00e7\u00e3o entenda que o motorista assumiu o risco de produzir o resultado morte ao dirigir embriagado.<\/p>\n\n\n\n<p><strong><em>PB Agora<\/em><\/strong><\/p>\n","protected":false},"excerpt":{"rendered":"<p><img decoding=\"async\" width=\"594\" height=\"295\" src=\"https:\/\/www.pbagora.com.br\/storage\/2025\/05\/image-39.png\" class=\"attachment-large size-large wp-post-image\" alt=\"\" loading=\"lazy\" srcset=\"https:\/\/www.pbagora.com.br\/storage\/2025\/05\/image-39.png 594w, https:\/\/www.pbagora.com.br\/storage\/2025\/05\/image-39-300x149.png 300w, https:\/\/www.pbagora.com.br\/storage\/2025\/05\/image-39-150x74.png 150w, https:\/\/www.pbagora.com.br\/storage\/2025\/05\/image-39-380x189.png 380w, https:\/\/www.pbagora.com.br\/storage\/2025\/05\/image-39-80x40.png 80w\" sizes=\"auto, (max-width: 594px) 100vw, 594px\"><\/p>\n<p>O zelador Maur\u00edlio Silva de Ara\u00fajo, de 48 anos, faleceu neste domingo, dia 1\u00ba de junho, no Hospital\u2026<\/p>\n","protected":false},"author":123457,"featured_media":0,"comment_status":"closed","ping_status":"closed","sticky":false,"template":"","format":"standard","meta":{"advgb_blocks_editor_width":"","advgb_blocks_columns_visual_guide":"","footnotes":""},"categories":[34],"tags":[35,10839,10847],"class_list":["post-57636","post","type-post","status-publish","format-standard","hentry","category-g1","tag-g1","tag-policial","tag-rodape-03"],"author_meta":{"display_name":"Reda\u00e7\u00e3o","author_link":"https:\/\/sindaopcpb.org.br\/author\/redacao\/"},"featured_img":null,"coauthors":[],"tax_additional":{"categories":{"linked":["<a href=\"https:\/\/sindaopcpb.org.br\/g1\/\" class=\"advgb-post-tax-term\">G1<\/a>"],"unlinked":["<span class=\"advgb-post-tax-term\">G1<\/span>"]},"tags":{"linked":["<a href=\"https:\/\/sindaopcpb.org.br\/g1\/\" class=\"advgb-post-tax-term\">g1<\/a>","<a href=\"https:\/\/sindaopcpb.org.br\/g1\/\" class=\"advgb-post-tax-term\">Policial<\/a>","<a href=\"https:\/\/sindaopcpb.org.br\/g1\/\" class=\"advgb-post-tax-term\">Rodape 03<\/a>"],"unlinked":["<span class=\"advgb-post-tax-term\">g1<\/span>","<span class=\"advgb-post-tax-term\">Policial<\/span>","<span class=\"advgb-post-tax-term\">Rodape 03<\/span>"]}},"comment_count":"0","relative_dates":{"created":"Publicado 11 meses atr\u00e1s","modified":"Atualizado 11 meses atr\u00e1s"},"absolute_dates":{"created":"Publicado em 2 de junho de 2025","modified":"Atualizado em 2 de junho de 2025"},"absolute_dates_time":{"created":"Publicado em 2 de junho de 2025 08:19","modified":"Atualizado em 2 de junho de 2025 11:45"},"featured_img_caption":"","series_order":"","_links":{"self":[{"href":"https:\/\/sindaopcpb.org.br\/index.php\/wp-json\/wp\/v2\/posts\/57636","targetHints":{"allow":["GET"]}}],"collection":[{"href":"https:\/\/sindaopcpb.org.br\/index.php\/wp-json\/wp\/v2\/posts"}],"about":[{"href":"https:\/\/sindaopcpb.org.br\/index.php\/wp-json\/wp\/v2\/types\/post"}],"author":[{"embeddable":true,"href":"https:\/\/sindaopcpb.org.br\/index.php\/wp-json\/wp\/v2\/users\/123457"}],"replies":[{"embeddable":true,"href":"https:\/\/sindaopcpb.org.br\/index.php\/wp-json\/wp\/v2\/comments?post=57636"}],"version-history":[{"count":3,"href":"https:\/\/sindaopcpb.org.br\/index.php\/wp-json\/wp\/v2\/posts\/57636\/revisions"}],"predecessor-version":[{"id":57657,"href":"https:\/\/sindaopcpb.org.br\/index.php\/wp-json\/wp\/v2\/posts\/57636\/revisions\/57657"}],"wp:attachment":[{"href":"https:\/\/sindaopcpb.org.br\/index.php\/wp-json\/wp\/v2\/media?parent=57636"}],"wp:term":[{"taxonomy":"category","embeddable":true,"href":"https:\/\/sindaopcpb.org.br\/index.php\/wp-json\/wp\/v2\/categories?post=57636"},{"taxonomy":"post_tag","embeddable":true,"href":"https:\/\/sindaopcpb.org.br\/index.php\/wp-json\/wp\/v2\/tags?post=57636"}],"curies":[{"name":"wp","href":"https:\/\/api.w.org\/{rel}","templated":true}]}}