{"id":57629,"date":"2025-06-01T14:09:41","date_gmt":"2025-06-01T17:09:41","guid":{"rendered":"https:\/\/www.pbagora.com.br\/?p=902325"},"modified":"2025-06-01T20:20:41","modified_gmt":"2025-06-01T23:20:41","slug":"cantor-lenno-da-banda-desejo-de-menina-e-preso-apos-show-em-joao-pessoa","status":"publish","type":"post","link":"https:\/\/sindaopcpb.org.br\/index.php\/2025\/06\/01\/cantor-lenno-da-banda-desejo-de-menina-e-preso-apos-show-em-joao-pessoa\/","title":{"rendered":"Cantor Lenno, da banda Desejo de Menina, \u00e9 preso ap\u00f3s show em Jo\u00e3o Pessoa"},"content":{"rendered":"<p><img width=\"387\" height=\"218\" src=\"https:\/\/www.pbagora.com.br\/storage\/2025\/06\/Captura-de-tela-2025-06-01-140852.png\" class=\"attachment-large size-large wp-post-image\" alt=\"\" style=\"margin-bottom: 20px;\" decoding=\"async\" srcset=\"https:\/\/www.pbagora.com.br\/storage\/2025\/06\/Captura-de-tela-2025-06-01-140852.png 387w, https:\/\/www.pbagora.com.br\/storage\/2025\/06\/Captura-de-tela-2025-06-01-140852-300x169.png 300w, https:\/\/www.pbagora.com.br\/storage\/2025\/06\/Captura-de-tela-2025-06-01-140852-150x84.png 150w, https:\/\/www.pbagora.com.br\/storage\/2025\/06\/Captura-de-tela-2025-06-01-140852-380x214.png 380w, https:\/\/www.pbagora.com.br\/storage\/2025\/06\/Captura-de-tela-2025-06-01-140852-80x46.png 80w\" sizes=\"(max-width: 387px) 100vw, 387px\" \/><\/p>\n<p>O cantor Lenno, vocalista da banda Desejo de Menina, foi preso na madrugada deste domingo (1\u00b0), em Jo\u00e3o Pessoa, ap\u00f3s cumprir uma apresenta\u00e7\u00e3o no bairro de Jaguaribe, durante um evento junino.<\/p>\n\n\n\n<p>De acordo com informa\u00e7\u00f5es da Pol\u00edcia Militar da Para\u00edba, a pris\u00e3o ocorreu por volta das 2h e foi motivada por um mandado de pris\u00e3o preventiva expedido pela Justi\u00e7a de Pernambuco.<\/p>\n\n\n\n<p>O mandado est\u00e1 relacionado a um acidente ocorrido no dia 5 de maio, na BR-116, no trecho que corta o munic\u00edpio de Santa Maria da Boa Vista (PE). Segundo a Pol\u00edcia Rodovi\u00e1ria Federal (PRF), um ve\u00edculo de luxo colidiu na traseira de uma van, que capotou ap\u00f3s o impacto. Uma mulher de 33 anos morreu no local. O motorista do carro sofreu ferimentos leves, recusou-se a fazer o teste do baf\u00f4metro e foi autuado.<\/p>\n\n\n\n<p>Ainda segundo a Pol\u00edcia Militar, Lenno foi conduzido \u00e0 Cidade da Pol\u00edcia Civil, no bairro do Geisel, onde permanecia detido at\u00e9 o in\u00edcio da tarde. A transfer\u00eancia para Pernambuco deve ocorrer nas pr\u00f3ximas horas.<\/p>\n\n\n\n<p>Ap\u00f3s o acidente, a banda Desejo de Menina emitiu uma nota lamentando o ocorrido e informou que aguardava esclarecimentos oficiais. Desde ent\u00e3o, Lenno havia se afastado dos palcos, e o show realizado nesta madrugada marcaria sua retomada nas apresenta\u00e7\u00f5es do S\u00e3o Jo\u00e3o.<\/p>\n\n\n\n<p><strong><em>Reda\u00e7\u00e3o<\/em><\/strong><\/p>\n","protected":false},"excerpt":{"rendered":"<p><img loading=\"lazy\" decoding=\"async\" width=\"387\" height=\"218\" src=\"https:\/\/www.pbagora.com.br\/storage\/2025\/06\/Captura-de-tela-2025-06-01-140852.png\" class=\"attachment-large size-large wp-post-image\" alt=\"\" srcset=\"https:\/\/www.pbagora.com.br\/storage\/2025\/06\/Captura-de-tela-2025-06-01-140852.png 387w, https:\/\/www.pbagora.com.br\/storage\/2025\/06\/Captura-de-tela-2025-06-01-140852-300x169.png 300w, https:\/\/www.pbagora.com.br\/storage\/2025\/06\/Captura-de-tela-2025-06-01-140852-150x84.png 150w, https:\/\/www.pbagora.com.br\/storage\/2025\/06\/Captura-de-tela-2025-06-01-140852-380x214.png 380w, https:\/\/www.pbagora.com.br\/storage\/2025\/06\/Captura-de-tela-2025-06-01-140852-80x46.png 80w\" sizes=\"auto, (max-width: 387px) 100vw, 387px\"><\/p>\n<p>O cantor Lenno, vocalista da banda Desejo de Menina, foi preso na madrugada deste domingo (1\u00b0), em Jo\u00e3o\u2026<\/p>\n","protected":false},"author":123457,"featured_media":0,"comment_status":"closed","ping_status":"closed","sticky":false,"template":"","format":"standard","meta":{"advgb_blocks_editor_width":"","advgb_blocks_columns_visual_guide":"","footnotes":""},"categories":[34],"tags":[35,10839,10847],"class_list":["post-57629","post","type-post","status-publish","format-standard","hentry","category-g1","tag-g1","tag-policial","tag-rodape-03"],"author_meta":{"display_name":"Reda\u00e7\u00e3o","author_link":"https:\/\/sindaopcpb.org.br\/author\/redacao\/"},"featured_img":null,"coauthors":[],"tax_additional":{"categories":{"linked":["<a href=\"https:\/\/sindaopcpb.org.br\/g1\/\" class=\"advgb-post-tax-term\">G1<\/a>"],"unlinked":["<span class=\"advgb-post-tax-term\">G1<\/span>"]},"tags":{"linked":["<a href=\"https:\/\/sindaopcpb.org.br\/g1\/\" class=\"advgb-post-tax-term\">g1<\/a>","<a href=\"https:\/\/sindaopcpb.org.br\/g1\/\" class=\"advgb-post-tax-term\">Policial<\/a>","<a href=\"https:\/\/sindaopcpb.org.br\/g1\/\" class=\"advgb-post-tax-term\">Rodape 03<\/a>"],"unlinked":["<span class=\"advgb-post-tax-term\">g1<\/span>","<span class=\"advgb-post-tax-term\">Policial<\/span>","<span class=\"advgb-post-tax-term\">Rodape 03<\/span>"]}},"comment_count":"0","relative_dates":{"created":"Publicado 11 meses atr\u00e1s","modified":"Atualizado 11 meses atr\u00e1s"},"absolute_dates":{"created":"Publicado em 1 de junho de 2025","modified":"Atualizado em 1 de junho de 2025"},"absolute_dates_time":{"created":"Publicado em 1 de junho de 2025 14:09","modified":"Atualizado em 1 de junho de 2025 20:20"},"featured_img_caption":"","series_order":"","_links":{"self":[{"href":"https:\/\/sindaopcpb.org.br\/index.php\/wp-json\/wp\/v2\/posts\/57629","targetHints":{"allow":["GET"]}}],"collection":[{"href":"https:\/\/sindaopcpb.org.br\/index.php\/wp-json\/wp\/v2\/posts"}],"about":[{"href":"https:\/\/sindaopcpb.org.br\/index.php\/wp-json\/wp\/v2\/types\/post"}],"author":[{"embeddable":true,"href":"https:\/\/sindaopcpb.org.br\/index.php\/wp-json\/wp\/v2\/users\/123457"}],"replies":[{"embeddable":true,"href":"https:\/\/sindaopcpb.org.br\/index.php\/wp-json\/wp\/v2\/comments?post=57629"}],"version-history":[{"count":4,"href":"https:\/\/sindaopcpb.org.br\/index.php\/wp-json\/wp\/v2\/posts\/57629\/revisions"}],"predecessor-version":[{"id":57643,"href":"https:\/\/sindaopcpb.org.br\/index.php\/wp-json\/wp\/v2\/posts\/57629\/revisions\/57643"}],"wp:attachment":[{"href":"https:\/\/sindaopcpb.org.br\/index.php\/wp-json\/wp\/v2\/media?parent=57629"}],"wp:term":[{"taxonomy":"category","embeddable":true,"href":"https:\/\/sindaopcpb.org.br\/index.php\/wp-json\/wp\/v2\/categories?post=57629"},{"taxonomy":"post_tag","embeddable":true,"href":"https:\/\/sindaopcpb.org.br\/index.php\/wp-json\/wp\/v2\/tags?post=57629"}],"curies":[{"name":"wp","href":"https:\/\/api.w.org\/{rel}","templated":true}]}}