{"id":57583,"date":"2025-05-29T19:30:39","date_gmt":"2025-05-29T22:30:39","guid":{"rendered":"https:\/\/www.pbagora.com.br\/?p=901935"},"modified":"2025-05-29T19:30:39","modified_gmt":"2025-05-29T22:30:39","slug":"cicero-lucena-destaca-protagonismo-de-joao-pessoa-no-turismo-em-lancamento-de-plano-internacional","status":"publish","type":"post","link":"https:\/\/sindaopcpb.org.br\/index.php\/2025\/05\/29\/cicero-lucena-destaca-protagonismo-de-joao-pessoa-no-turismo-em-lancamento-de-plano-internacional\/","title":{"rendered":"C\u00edcero Lucena destaca protagonismo de Jo\u00e3o Pessoa no Turismo em lan\u00e7amento de plano internacional"},"content":{"rendered":"<p><img width=\"1024\" height=\"776\" src=\"https:\/\/www.pbagora.com.br\/storage\/2025\/05\/cicero-scaled-e1748531721397-1024x776.jpeg\" class=\"attachment-large size-large wp-post-image\" alt=\"\" style=\"margin-bottom: 20px;\" decoding=\"async\" srcset=\"https:\/\/www.pbagora.com.br\/storage\/2025\/05\/cicero-scaled-e1748531721397-1024x776.jpeg 1024w, https:\/\/www.pbagora.com.br\/storage\/2025\/05\/cicero-scaled-e1748531721397-300x227.jpeg 300w, https:\/\/www.pbagora.com.br\/storage\/2025\/05\/cicero-scaled-e1748531721397-150x114.jpeg 150w, https:\/\/www.pbagora.com.br\/storage\/2025\/05\/cicero-scaled-e1748531721397-768x582.jpeg 768w, https:\/\/www.pbagora.com.br\/storage\/2025\/05\/cicero-scaled-e1748531721397-1536x1164.jpeg 1536w, https:\/\/www.pbagora.com.br\/storage\/2025\/05\/cicero-scaled-e1748531721397-380x288.jpeg 380w, https:\/\/www.pbagora.com.br\/storage\/2025\/05\/cicero-scaled-e1748531721397-800x606.jpeg 800w, https:\/\/www.pbagora.com.br\/storage\/2025\/05\/cicero-scaled-e1748531721397-1160x879.jpeg 1160w, https:\/\/www.pbagora.com.br\/storage\/2025\/05\/cicero-scaled-e1748531721397-80x60.jpeg 80w, https:\/\/www.pbagora.com.br\/storage\/2025\/05\/cicero-scaled-e1748531721397-760x576.jpeg 760w, https:\/\/www.pbagora.com.br\/storage\/2025\/05\/cicero-scaled-e1748531721397-600x455.jpeg 600w, https:\/\/www.pbagora.com.br\/storage\/2025\/05\/cicero-scaled-e1748531721397.jpeg 1702w\" sizes=\"(max-width: 1024px) 100vw, 1024px\" \/><\/p>\n<p>A cidade de Jo\u00e3o Pessoa foi palco, nesta quarta-feira (28), da apresenta\u00e7\u00e3o do Novo Plano Internacional de Marketing Tur\u00edstico do Brasil, em um evento marcado por entusiasmo, an\u00fancios importantes e um claro direcionamento para o fortalecimento do turismo como eixo estrat\u00e9gico de desenvolvimento econ\u00f4mico. A solenidade, que aconteceu no audit\u00f3rio da PBTur, contou com a participa\u00e7\u00e3o do prefeito C\u00edcero Lucena, do governador Jo\u00e3o Azev\u00eado, do presidente da Embratur, Marcelo Freixo, al\u00e9m de diversas autoridades e representantes do trade tur\u00edstico.<\/p>\n\n\n\n<p>O prefeito C\u00edcero Lucena ressaltou o protagonismo de Jo\u00e3o Pessoa nesse cen\u00e1rio. \u201cEsse \u00e9 um momento de celebra\u00e7\u00e3o para a Para\u00edba. Estamos vendo o fruto de um trabalho cont\u00ednuo. Quem n\u00e3o conhece, quer conhecer Jo\u00e3o Pessoa. Quem conhece, quer voltar. E quem volta, muitas vezes decide ficar\u201d, declarou C\u00edcero Lucena, que tamb\u00e9m ressaltou o impacto de eventos de grande porte, como o show de Roberto Carlos, na visibilidade da cidade e comemorou a recente decis\u00e3o judicial que permitir\u00e1 a reforma do ic\u00f4nico Hotel Tamba\u00fa, um dos principais s\u00edmbolos tur\u00edsticos da Capital.<\/p>\n\n\n\n<p>Durante a solenidade, tamb\u00e9m foi apresentado o Documento Orientador para Promo\u00e7\u00e3o Internacional da Para\u00edba, um material que destaca os potenciais tur\u00edsticos do Estado e sua integra\u00e7\u00e3o ao plano nacional. Com v\u00eddeos institucionais e explana\u00e7\u00f5es detalhadas, foram mostrados os investimentos que v\u00eam sendo realizados para alavancar o turismo paraibano, incluindo as belezas naturais, a infraestrutura em expans\u00e3o e a crescente visibilidade de Jo\u00e3o Pessoa no cen\u00e1rio nacional e internacional.<\/p>\n\n\n\n<p>Entre os destaques, est\u00e1 o Polo Tur\u00edstico Cabo Branco, um dos maiores complexos tur\u00edsticos em constru\u00e7\u00e3o no Nordeste, que re\u00fane empreendimentos nos setores de lazer, hotelaria e servi\u00e7os. Segundo o governador Jo\u00e3o Azev\u00eado, a cria\u00e7\u00e3o do polo foi um divisor de \u00e1guas para o turismo estadual. \u201cHoje, \u00e9 muito mais f\u00e1cil vender a Para\u00edba como destino tur\u00edstico. A credibilidade e os investimentos trouxeram novos empreendedores e fomentaram a gera\u00e7\u00e3o de emprego e renda\u201d, afirmou.<\/p>\n\n\n\n<p>O evento tamb\u00e9m marcou a apresenta\u00e7\u00e3o oficial do Plano Brasis, iniciativa do Governo Federal que busca promover um Brasil plural, diverso e receptivo no mercado internacional. O presidente da Embratur, Marcelo Freixo, destacou os recordes no setor nos \u00faltimos anos. \u201cO Brasil bateu recorde de turismo em 2024, e em 2025 j\u00e1 superamos esse n\u00famero. Isso \u00e9 fruto de parcerias entre estados, munic\u00edpios, institui\u00e7\u00f5es como o Sebrae e o pr\u00f3prio setor privado. Agora, o Brasil se apresenta ao mundo como \u2018Brasis\u2019: m\u00faltiplo, vibrante e cheio de possibilidades\u201d, frisou.<\/p>\n\n\n\n<p>O secret\u00e1rio executivo de Turismo de Jo\u00e3o Pessoa, Daniel Rodrigues, pontuou que a Capital paraibana vem colhendo frutos de uma gest\u00e3o voltada para o turismo sustent\u00e1vel e estruturado. \u201cEstamos prestes a inaugurar novos resorts e a cidade est\u00e1 cada vez mais preparada para receber visitantes. Essa integra\u00e7\u00e3o de esfor\u00e7os est\u00e1 transformando a realidade econ\u00f4mica da cidade\u201d, observou.<\/p>\n\n\n\n<p>A secret\u00e1ria estadual de Turismo, Ros\u00e1lia Lucas, falou sobre o papel do artesanato paraibano como elemento essencial na cultura e identidade tur\u00edstica do estado. Ela refor\u00e7ou a import\u00e2ncia do Polo Tur\u00edstico Cabo Branco e exaltou Jo\u00e3o Pessoa como o destino mais citado em pesquisas realizadas por empresas do setor. \u201cA Capital vive um novo patamar em sua hist\u00f3ria tur\u00edstica\u201d, afirmou.<\/p>\n\n\n\n<p>Ferdinando Lucena, presidente da PBTur, enfatizou a uni\u00e3o das esferas federal, estadual e municipal como fator decisivo para o avan\u00e7o do turismo. \u201cCada ente tem seu plano estrat\u00e9gico e, juntos, conseguimos criar pol\u00edticas eficazes e de longo prazo\u201d, disse.<\/p>\n\n\n\n<p>Luis Alberto Amorim, superintendente do Sebrae Para\u00edba, destacou a relev\u00e2ncia da parceria estrat\u00e9gica entre o Governo do Estado e o Sebrae para impulsionar o turismo paraibano. Segundo ele, essa colabora\u00e7\u00e3o tem sido fundamental para o desenvolvimento de a\u00e7\u00f5es que fortalecem o setor, promovendo o Estado como destino tur\u00edstico competitivo. Amorim tamb\u00e9m ressaltou o papel de destaque da Capital, cujo crescimento no turismo tem sido evidenciado pelo reconhecimento nacional e internacional, consolidando a cidade como uma refer\u00eancia no cen\u00e1rio tur\u00edstico brasileiro.<\/p>\n\n\n\n<p>Tamb\u00e9m representando o Sebrae, a gestora de Turismo e Economia Criativa, Regina Amorim, ressaltou o papel do empreendedorismo local. \u201cEstamos entrando com for\u00e7a no mercado internacional porque j\u00e1 temos reconhecimento nacional. Nossa tese \u00e9 clara: todo munic\u00edpio pode ser tur\u00edstico, desde que saibamos valorizar suas singularidades\u201d, asseverou.<\/p>\n\n\n\n<p>O evento tamb\u00e9m contou com a presen\u00e7a do diretor presidente da Cinep, R\u00f4mulo Polari Filho, da deputada Francisca Motta, do deputado Eduardo Carneiro e dos vereadores Raoni Mendes, Wamberto Ulysses e F\u00e1bio Carneiro, que reafirmaram seu compromisso com o fortalecimento do turismo como vetor de desenvolvimento sustent\u00e1vel para a Para\u00edba.<\/p>\n\n\n\n<p><strong><em>PB Agora<\/em><\/strong><\/p>\n","protected":false},"excerpt":{"rendered":"<p><img loading=\"lazy\" decoding=\"async\" width=\"1024\" height=\"776\" src=\"https:\/\/www.pbagora.com.br\/storage\/2025\/05\/cicero-scaled-e1748531721397-1024x776.jpeg\" class=\"attachment-large size-large wp-post-image\" alt=\"\" srcset=\"https:\/\/www.pbagora.com.br\/storage\/2025\/05\/cicero-scaled-e1748531721397-1024x776.jpeg 1024w, https:\/\/www.pbagora.com.br\/storage\/2025\/05\/cicero-scaled-e1748531721397-300x227.jpeg 300w, https:\/\/www.pbagora.com.br\/storage\/2025\/05\/cicero-scaled-e1748531721397-150x114.jpeg 150w, https:\/\/www.pbagora.com.br\/storage\/2025\/05\/cicero-scaled-e1748531721397-768x582.jpeg 768w, https:\/\/www.pbagora.com.br\/storage\/2025\/05\/cicero-scaled-e1748531721397-1536x1164.jpeg 1536w, https:\/\/www.pbagora.com.br\/storage\/2025\/05\/cicero-scaled-e1748531721397-380x288.jpeg 380w, https:\/\/www.pbagora.com.br\/storage\/2025\/05\/cicero-scaled-e1748531721397-800x606.jpeg 800w, https:\/\/www.pbagora.com.br\/storage\/2025\/05\/cicero-scaled-e1748531721397-1160x879.jpeg 1160w, https:\/\/www.pbagora.com.br\/storage\/2025\/05\/cicero-scaled-e1748531721397-80x60.jpeg 80w, https:\/\/www.pbagora.com.br\/storage\/2025\/05\/cicero-scaled-e1748531721397-760x576.jpeg 760w, https:\/\/www.pbagora.com.br\/storage\/2025\/05\/cicero-scaled-e1748531721397-600x455.jpeg 600w, https:\/\/www.pbagora.com.br\/storage\/2025\/05\/cicero-scaled-e1748531721397.jpeg 1702w\" sizes=\"auto, (max-width: 1024px) 100vw, 1024px\"><\/p>\n<p>A cidade de Jo\u00e3o Pessoa foi palco, nesta quarta-feira (28), da apresenta\u00e7\u00e3o do Novo Plano Internacional de Marketing\u2026<\/p>\n","protected":false},"author":123457,"featured_media":0,"comment_status":"closed","ping_status":"closed","sticky":false,"template":"","format":"standard","meta":{"advgb_blocks_editor_width":"","advgb_blocks_columns_visual_guide":"","footnotes":""},"categories":[34],"tags":[10840,35,10839],"class_list":["post-57583","post","type-post","status-publish","format-standard","hentry","category-g1","tag-destaque-centro-03","tag-g1","tag-policial"],"author_meta":{"display_name":"Reda\u00e7\u00e3o","author_link":"https:\/\/sindaopcpb.org.br\/author\/redacao\/"},"featured_img":null,"coauthors":[],"tax_additional":{"categories":{"linked":["<a href=\"https:\/\/sindaopcpb.org.br\/g1\/\" class=\"advgb-post-tax-term\">G1<\/a>"],"unlinked":["<span class=\"advgb-post-tax-term\">G1<\/span>"]},"tags":{"linked":["<a href=\"https:\/\/sindaopcpb.org.br\/g1\/\" class=\"advgb-post-tax-term\">Destaque Centro 03<\/a>","<a href=\"https:\/\/sindaopcpb.org.br\/g1\/\" class=\"advgb-post-tax-term\">g1<\/a>","<a href=\"https:\/\/sindaopcpb.org.br\/g1\/\" class=\"advgb-post-tax-term\">Policial<\/a>"],"unlinked":["<span class=\"advgb-post-tax-term\">Destaque Centro 03<\/span>","<span class=\"advgb-post-tax-term\">g1<\/span>","<span class=\"advgb-post-tax-term\">Policial<\/span>"]}},"comment_count":"0","relative_dates":{"created":"Publicado 11 meses atr\u00e1s","modified":"Atualizado 11 meses atr\u00e1s"},"absolute_dates":{"created":"Publicado em 29 de maio de 2025","modified":"Atualizado em 29 de maio de 2025"},"absolute_dates_time":{"created":"Publicado em 29 de maio de 2025 19:30","modified":"Atualizado em 29 de maio de 2025 19:30"},"featured_img_caption":"","series_order":"","_links":{"self":[{"href":"https:\/\/sindaopcpb.org.br\/index.php\/wp-json\/wp\/v2\/posts\/57583","targetHints":{"allow":["GET"]}}],"collection":[{"href":"https:\/\/sindaopcpb.org.br\/index.php\/wp-json\/wp\/v2\/posts"}],"about":[{"href":"https:\/\/sindaopcpb.org.br\/index.php\/wp-json\/wp\/v2\/types\/post"}],"author":[{"embeddable":true,"href":"https:\/\/sindaopcpb.org.br\/index.php\/wp-json\/wp\/v2\/users\/123457"}],"replies":[{"embeddable":true,"href":"https:\/\/sindaopcpb.org.br\/index.php\/wp-json\/wp\/v2\/comments?post=57583"}],"version-history":[{"count":1,"href":"https:\/\/sindaopcpb.org.br\/index.php\/wp-json\/wp\/v2\/posts\/57583\/revisions"}],"predecessor-version":[{"id":57584,"href":"https:\/\/sindaopcpb.org.br\/index.php\/wp-json\/wp\/v2\/posts\/57583\/revisions\/57584"}],"wp:attachment":[{"href":"https:\/\/sindaopcpb.org.br\/index.php\/wp-json\/wp\/v2\/media?parent=57583"}],"wp:term":[{"taxonomy":"category","embeddable":true,"href":"https:\/\/sindaopcpb.org.br\/index.php\/wp-json\/wp\/v2\/categories?post=57583"},{"taxonomy":"post_tag","embeddable":true,"href":"https:\/\/sindaopcpb.org.br\/index.php\/wp-json\/wp\/v2\/tags?post=57583"}],"curies":[{"name":"wp","href":"https:\/\/api.w.org\/{rel}","templated":true}]}}