{"id":57567,"date":"2025-05-29T08:49:22","date_gmt":"2025-05-29T11:49:22","guid":{"rendered":"https:\/\/www.pbagora.com.br\/?p=901878"},"modified":"2025-05-29T08:49:22","modified_gmt":"2025-05-29T11:49:22","slug":"prf-flagra-transporte-irregular-de-camarao-sem-nota-fiscal-na-br-101-em-mamanguape","status":"publish","type":"post","link":"https:\/\/sindaopcpb.org.br\/index.php\/2025\/05\/29\/prf-flagra-transporte-irregular-de-camarao-sem-nota-fiscal-na-br-101-em-mamanguape\/","title":{"rendered":"PRF flagra transporte irregular de camar\u00e3o sem nota fiscal na BR-101, em Mamanguape"},"content":{"rendered":"<p><img width=\"1024\" height=\"732\" src=\"https:\/\/www.pbagora.com.br\/storage\/2025\/05\/a31abb9e-4a81-48f6-b859-04827deeb48b-1024x732.jpeg\" class=\"attachment-large size-large wp-post-image\" alt=\"\" style=\"margin-bottom: 20px;\" decoding=\"async\" srcset=\"https:\/\/www.pbagora.com.br\/storage\/2025\/05\/a31abb9e-4a81-48f6-b859-04827deeb48b-1024x732.jpeg 1024w, https:\/\/www.pbagora.com.br\/storage\/2025\/05\/a31abb9e-4a81-48f6-b859-04827deeb48b-300x214.jpeg 300w, https:\/\/www.pbagora.com.br\/storage\/2025\/05\/a31abb9e-4a81-48f6-b859-04827deeb48b-150x107.jpeg 150w, https:\/\/www.pbagora.com.br\/storage\/2025\/05\/a31abb9e-4a81-48f6-b859-04827deeb48b-768x549.jpeg 768w, https:\/\/www.pbagora.com.br\/storage\/2025\/05\/a31abb9e-4a81-48f6-b859-04827deeb48b-380x272.jpeg 380w, https:\/\/www.pbagora.com.br\/storage\/2025\/05\/a31abb9e-4a81-48f6-b859-04827deeb48b-800x572.jpeg 800w, https:\/\/www.pbagora.com.br\/storage\/2025\/05\/a31abb9e-4a81-48f6-b859-04827deeb48b-1160x829.jpeg 1160w, https:\/\/www.pbagora.com.br\/storage\/2025\/05\/a31abb9e-4a81-48f6-b859-04827deeb48b-80x58.jpeg 80w, https:\/\/www.pbagora.com.br\/storage\/2025\/05\/a31abb9e-4a81-48f6-b859-04827deeb48b-760x543.jpeg 760w, https:\/\/www.pbagora.com.br\/storage\/2025\/05\/a31abb9e-4a81-48f6-b859-04827deeb48b-600x429.jpeg 600w, https:\/\/www.pbagora.com.br\/storage\/2025\/05\/a31abb9e-4a81-48f6-b859-04827deeb48b.jpeg 1175w\" sizes=\"(max-width: 1024px) 100vw, 1024px\" \/><\/p>\n<p>A Pol\u00edcia Rodovi\u00e1ria Federal (PRF) na Para\u00edba flagrou, na tarde da \u00faltima quarta-feira (28), no litoral norte paraibano, carga de camar\u00e3o sendo transportados sem nota fiscal. Na ocasi\u00e3o, foi realizada a regulariza\u00e7\u00e3o da mercadoria junto ao Fisco Estadual. Contudo, o ve\u00edculo foi recolhido devido estar com o licenciamento vencido.<\/p>\n\n\n\n<p>Em Mamanguape, no km 31 da BR-101, por volta das 16h03, durante uma fiscaliza\u00e7\u00e3o de rotina, uma equipe da PRF abordou um ve\u00edculo Fiat Fiorino Flex, de cor branca. O ve\u00edculo era conduzido por um homem de 49 anos. Durante a abordagem, foi solicitada ao condutor a documenta\u00e7\u00e3o do ve\u00edculo, sua habilita\u00e7\u00e3o e os documentos fiscais da carga transportada. O condutor informou transportar cerca de 420 kg de camar\u00e3o tipo m\u00e9dio, proveniente de Goianinha\u2013RN com destino a Cabedelo\u2013PB, por\u00e9m n\u00e3o possu\u00eda a nota fiscal da mercadoria no momento da fiscaliza\u00e7\u00e3o.<\/p>\n\n\n\n<p>Diante da situa\u00e7\u00e3o, a equipe da PRF acionou o Fisco da Para\u00edba (FISCO-PB), que compareceu ao local e confirmou a irregularidade fiscal da carga. Um boleto para o pagamento do tributo foi gerado pelo agente fiscal. Ap\u00f3s efetuar o pagamento, o condutor regularizou a situa\u00e7\u00e3o da carga, que foi liberada para transbordo. Contudo, o ve\u00edculo foi removido ao p\u00e1tio conveniado da PRF devido a um d\u00e9bito de licenciamento veicular. Diante dos fatos, foi constatada, a princ\u00edpio, a ocorr\u00eancia de transporte de mercadoria nacional sem nota fiscal.<\/p>\n\n\n\n<p><strong><em>PB Agora<\/em><\/strong><\/p>\n","protected":false},"excerpt":{"rendered":"<p><img loading=\"lazy\" decoding=\"async\" width=\"1024\" height=\"732\" src=\"https:\/\/www.pbagora.com.br\/storage\/2025\/05\/a31abb9e-4a81-48f6-b859-04827deeb48b-1024x732.jpeg\" class=\"attachment-large size-large wp-post-image\" alt=\"\" srcset=\"https:\/\/www.pbagora.com.br\/storage\/2025\/05\/a31abb9e-4a81-48f6-b859-04827deeb48b-1024x732.jpeg 1024w, https:\/\/www.pbagora.com.br\/storage\/2025\/05\/a31abb9e-4a81-48f6-b859-04827deeb48b-300x214.jpeg 300w, https:\/\/www.pbagora.com.br\/storage\/2025\/05\/a31abb9e-4a81-48f6-b859-04827deeb48b-150x107.jpeg 150w, https:\/\/www.pbagora.com.br\/storage\/2025\/05\/a31abb9e-4a81-48f6-b859-04827deeb48b-768x549.jpeg 768w, https:\/\/www.pbagora.com.br\/storage\/2025\/05\/a31abb9e-4a81-48f6-b859-04827deeb48b-380x272.jpeg 380w, https:\/\/www.pbagora.com.br\/storage\/2025\/05\/a31abb9e-4a81-48f6-b859-04827deeb48b-800x572.jpeg 800w, https:\/\/www.pbagora.com.br\/storage\/2025\/05\/a31abb9e-4a81-48f6-b859-04827deeb48b-1160x829.jpeg 1160w, https:\/\/www.pbagora.com.br\/storage\/2025\/05\/a31abb9e-4a81-48f6-b859-04827deeb48b-80x58.jpeg 80w, https:\/\/www.pbagora.com.br\/storage\/2025\/05\/a31abb9e-4a81-48f6-b859-04827deeb48b-760x543.jpeg 760w, https:\/\/www.pbagora.com.br\/storage\/2025\/05\/a31abb9e-4a81-48f6-b859-04827deeb48b-600x429.jpeg 600w, https:\/\/www.pbagora.com.br\/storage\/2025\/05\/a31abb9e-4a81-48f6-b859-04827deeb48b.jpeg 1175w\" sizes=\"auto, (max-width: 1024px) 100vw, 1024px\"><\/p>\n<p>A Pol\u00edcia Rodovi\u00e1ria Federal (PRF) na Para\u00edba flagrou, na tarde da \u00faltima quarta-feira (28), no litoral norte paraibano,\u2026<\/p>\n","protected":false},"author":123457,"featured_media":0,"comment_status":"closed","ping_status":"closed","sticky":false,"template":"","format":"standard","meta":{"advgb_blocks_editor_width":"","advgb_blocks_columns_visual_guide":"","footnotes":""},"categories":[34],"tags":[35,10839,10842],"class_list":["post-57567","post","type-post","status-publish","format-standard","hentry","category-g1","tag-g1","tag-policial","tag-principal3"],"author_meta":{"display_name":"Reda\u00e7\u00e3o","author_link":"https:\/\/sindaopcpb.org.br\/author\/redacao\/"},"featured_img":null,"coauthors":[],"tax_additional":{"categories":{"linked":["<a href=\"https:\/\/sindaopcpb.org.br\/g1\/\" class=\"advgb-post-tax-term\">G1<\/a>"],"unlinked":["<span class=\"advgb-post-tax-term\">G1<\/span>"]},"tags":{"linked":["<a href=\"https:\/\/sindaopcpb.org.br\/g1\/\" class=\"advgb-post-tax-term\">g1<\/a>","<a href=\"https:\/\/sindaopcpb.org.br\/g1\/\" class=\"advgb-post-tax-term\">Policial<\/a>","<a href=\"https:\/\/sindaopcpb.org.br\/g1\/\" class=\"advgb-post-tax-term\">Principal3<\/a>"],"unlinked":["<span class=\"advgb-post-tax-term\">g1<\/span>","<span class=\"advgb-post-tax-term\">Policial<\/span>","<span class=\"advgb-post-tax-term\">Principal3<\/span>"]}},"comment_count":"0","relative_dates":{"created":"Publicado 11 meses atr\u00e1s","modified":"Atualizado 11 meses atr\u00e1s"},"absolute_dates":{"created":"Publicado em 29 de maio de 2025","modified":"Atualizado em 29 de maio de 2025"},"absolute_dates_time":{"created":"Publicado em 29 de maio de 2025 08:49","modified":"Atualizado em 29 de maio de 2025 08:49"},"featured_img_caption":"","series_order":"","_links":{"self":[{"href":"https:\/\/sindaopcpb.org.br\/index.php\/wp-json\/wp\/v2\/posts\/57567","targetHints":{"allow":["GET"]}}],"collection":[{"href":"https:\/\/sindaopcpb.org.br\/index.php\/wp-json\/wp\/v2\/posts"}],"about":[{"href":"https:\/\/sindaopcpb.org.br\/index.php\/wp-json\/wp\/v2\/types\/post"}],"author":[{"embeddable":true,"href":"https:\/\/sindaopcpb.org.br\/index.php\/wp-json\/wp\/v2\/users\/123457"}],"replies":[{"embeddable":true,"href":"https:\/\/sindaopcpb.org.br\/index.php\/wp-json\/wp\/v2\/comments?post=57567"}],"version-history":[{"count":4,"href":"https:\/\/sindaopcpb.org.br\/index.php\/wp-json\/wp\/v2\/posts\/57567\/revisions"}],"predecessor-version":[{"id":57579,"href":"https:\/\/sindaopcpb.org.br\/index.php\/wp-json\/wp\/v2\/posts\/57567\/revisions\/57579"}],"wp:attachment":[{"href":"https:\/\/sindaopcpb.org.br\/index.php\/wp-json\/wp\/v2\/media?parent=57567"}],"wp:term":[{"taxonomy":"category","embeddable":true,"href":"https:\/\/sindaopcpb.org.br\/index.php\/wp-json\/wp\/v2\/categories?post=57567"},{"taxonomy":"post_tag","embeddable":true,"href":"https:\/\/sindaopcpb.org.br\/index.php\/wp-json\/wp\/v2\/tags?post=57567"}],"curies":[{"name":"wp","href":"https:\/\/api.w.org\/{rel}","templated":true}]}}