{"id":57558,"date":"2025-05-28T18:30:01","date_gmt":"2025-05-28T21:30:01","guid":{"rendered":"https:\/\/www.pbagora.com.br\/?p=901788"},"modified":"2025-05-28T18:30:01","modified_gmt":"2025-05-28T21:30:01","slug":"apos-episodios-de-ataque-a-vereador-e-tentativa-de-invadir-a-sede-do-pt-jp-homem-cria-tumulto-em-julgamento-no-tjpb","status":"publish","type":"post","link":"https:\/\/sindaopcpb.org.br\/index.php\/2025\/05\/28\/apos-episodios-de-ataque-a-vereador-e-tentativa-de-invadir-a-sede-do-pt-jp-homem-cria-tumulto-em-julgamento-no-tjpb\/","title":{"rendered":"Ap\u00f3s epis\u00f3dios de ataque a vereador e tentativa de invadir a sede do PT\/JP, homem cria tumulto em julgamento no TJPB"},"content":{"rendered":"<p><img width=\"512\" height=\"542\" src=\"https:\/\/www.pbagora.com.br\/storage\/2025\/05\/image-35.png\" class=\"attachment-large size-large wp-post-image\" alt=\"\" style=\"margin-bottom: 20px;\" decoding=\"async\" srcset=\"https:\/\/www.pbagora.com.br\/storage\/2025\/05\/image-35.png 512w, https:\/\/www.pbagora.com.br\/storage\/2025\/05\/image-35-283x300.png 283w, https:\/\/www.pbagora.com.br\/storage\/2025\/05\/image-35-142x150.png 142w, https:\/\/www.pbagora.com.br\/storage\/2025\/05\/image-35-380x402.png 380w, https:\/\/www.pbagora.com.br\/storage\/2025\/05\/image-35-80x85.png 80w, https:\/\/www.pbagora.com.br\/storage\/2025\/05\/image-35-76x80.png 76w\" sizes=\"(max-width: 512px) 100vw, 512px\" \/><\/p>\n<p>O homem identificado como Jos\u00e9 Belo voltou a protagonizar um epis\u00f3dio de tumulto nesta quarta-feira (28), desta vez durante a sess\u00e3o do Tribunal de Justi\u00e7a da Para\u00edba (TJPB). Jos\u00e9, que j\u00e1 havia invadido armado de faca o gabinete do vereador Carl\u00e3o (PL) e tentado invadir a sede do Partido dos Trabalhadores (PT), precisou ser contido pelos seguran\u00e7as do TJ enquanto os desembargadores julgavam uma a\u00e7\u00e3o relacionada \u00e0 instala\u00e7\u00e3o da Comiss\u00e3o Parlamentar de Inqu\u00e9rito (CPI) do Hospital Padre Z\u00e9.<\/p>\n\n\n\n<p>O fato ocorreu no momento em que o desembargador Ricardo Vital de Almeida apresentava seu voto. A presidente do colegiado, desembargadora Maria de F\u00e1tima Bezerra, solicitou que Jos\u00e9 guardasse sil\u00eancio e se mantivesse fora das interfer\u00eancias, mas o homem n\u00e3o obedeceu de imediato. Bezerra ent\u00e3o acionou a seguran\u00e7a, orientando-os a acompanhar Jos\u00e9 para que o julgamento pudesse continuar sem maiores interrup\u00e7\u00f5es.<\/p>\n\n\n\n<p>\u201cPor gentileza, o senhor, aguardar l\u00e1 fora\u201d, pediu a desembargadora Maria de F\u00e1tima Bezerra. Ap\u00f3s a resist\u00eancia inicial, a presidente em exerc\u00edcio refor\u00e7ou: \u201cO senhor pode ficar no recinto, mas n\u00e3o pode abrir a boca. Me perdoe, n\u00e3o pode abrir a boca, n\u00e3o pode se manifestar em nada. Eu pe\u00e7o aos seguran\u00e7as que sentem ao lado dele, por favor. Fique no seu canto, quieto. Se falar mais alguma coisa, vamos ter que pedir para o senhor se retirar\u201d.<\/p>\n\n\n\n<p>Sob supervis\u00e3o das seguran\u00e7as, Jos\u00e9 Belo permaneceu sentado at\u00e9 se retirar do plen\u00e1rio.<\/p>\n\n\n\n<p><strong><em>PB Agora<\/em><\/strong><\/p>\n","protected":false},"excerpt":{"rendered":"<p><img loading=\"lazy\" decoding=\"async\" width=\"512\" height=\"542\" src=\"https:\/\/www.pbagora.com.br\/storage\/2025\/05\/image-35.png\" class=\"attachment-large size-large wp-post-image\" alt=\"\" srcset=\"https:\/\/www.pbagora.com.br\/storage\/2025\/05\/image-35.png 512w, https:\/\/www.pbagora.com.br\/storage\/2025\/05\/image-35-283x300.png 283w, https:\/\/www.pbagora.com.br\/storage\/2025\/05\/image-35-142x150.png 142w, https:\/\/www.pbagora.com.br\/storage\/2025\/05\/image-35-380x402.png 380w, https:\/\/www.pbagora.com.br\/storage\/2025\/05\/image-35-80x85.png 80w, https:\/\/www.pbagora.com.br\/storage\/2025\/05\/image-35-76x80.png 76w\" sizes=\"auto, (max-width: 512px) 100vw, 512px\"><\/p>\n<p>O homem identificado como Jos\u00e9 Belo voltou a protagonizar um epis\u00f3dio de tumulto nesta quarta-feira (28), desta vez\u2026<\/p>\n","protected":false},"author":123457,"featured_media":0,"comment_status":"closed","ping_status":"closed","sticky":false,"template":"","format":"standard","meta":{"advgb_blocks_editor_width":"","advgb_blocks_columns_visual_guide":"","footnotes":""},"categories":[34],"tags":[10845,35,10839],"class_list":["post-57558","post","type-post","status-publish","format-standard","hentry","category-g1","tag-destaque-centro-01","tag-g1","tag-policial"],"author_meta":{"display_name":"Reda\u00e7\u00e3o","author_link":"https:\/\/sindaopcpb.org.br\/author\/redacao\/"},"featured_img":null,"coauthors":[],"tax_additional":{"categories":{"linked":["<a href=\"https:\/\/sindaopcpb.org.br\/g1\/\" class=\"advgb-post-tax-term\">G1<\/a>"],"unlinked":["<span class=\"advgb-post-tax-term\">G1<\/span>"]},"tags":{"linked":["<a href=\"https:\/\/sindaopcpb.org.br\/g1\/\" class=\"advgb-post-tax-term\">Destaque Centro 01<\/a>","<a href=\"https:\/\/sindaopcpb.org.br\/g1\/\" class=\"advgb-post-tax-term\">g1<\/a>","<a href=\"https:\/\/sindaopcpb.org.br\/g1\/\" class=\"advgb-post-tax-term\">Policial<\/a>"],"unlinked":["<span class=\"advgb-post-tax-term\">Destaque Centro 01<\/span>","<span class=\"advgb-post-tax-term\">g1<\/span>","<span class=\"advgb-post-tax-term\">Policial<\/span>"]}},"comment_count":"0","relative_dates":{"created":"Publicado 11 meses atr\u00e1s","modified":"Atualizado 11 meses atr\u00e1s"},"absolute_dates":{"created":"Publicado em 28 de maio de 2025","modified":"Atualizado em 28 de maio de 2025"},"absolute_dates_time":{"created":"Publicado em 28 de maio de 2025 18:30","modified":"Atualizado em 28 de maio de 2025 18:30"},"featured_img_caption":"","series_order":"","_links":{"self":[{"href":"https:\/\/sindaopcpb.org.br\/index.php\/wp-json\/wp\/v2\/posts\/57558","targetHints":{"allow":["GET"]}}],"collection":[{"href":"https:\/\/sindaopcpb.org.br\/index.php\/wp-json\/wp\/v2\/posts"}],"about":[{"href":"https:\/\/sindaopcpb.org.br\/index.php\/wp-json\/wp\/v2\/types\/post"}],"author":[{"embeddable":true,"href":"https:\/\/sindaopcpb.org.br\/index.php\/wp-json\/wp\/v2\/users\/123457"}],"replies":[{"embeddable":true,"href":"https:\/\/sindaopcpb.org.br\/index.php\/wp-json\/wp\/v2\/comments?post=57558"}],"version-history":[{"count":3,"href":"https:\/\/sindaopcpb.org.br\/index.php\/wp-json\/wp\/v2\/posts\/57558\/revisions"}],"predecessor-version":[{"id":57570,"href":"https:\/\/sindaopcpb.org.br\/index.php\/wp-json\/wp\/v2\/posts\/57558\/revisions\/57570"}],"wp:attachment":[{"href":"https:\/\/sindaopcpb.org.br\/index.php\/wp-json\/wp\/v2\/media?parent=57558"}],"wp:term":[{"taxonomy":"category","embeddable":true,"href":"https:\/\/sindaopcpb.org.br\/index.php\/wp-json\/wp\/v2\/categories?post=57558"},{"taxonomy":"post_tag","embeddable":true,"href":"https:\/\/sindaopcpb.org.br\/index.php\/wp-json\/wp\/v2\/tags?post=57558"}],"curies":[{"name":"wp","href":"https:\/\/api.w.org\/{rel}","templated":true}]}}