{"id":57552,"date":"2025-05-28T16:50:52","date_gmt":"2025-05-28T19:50:52","guid":{"rendered":"https:\/\/www.pbagora.com.br\/?p=901802"},"modified":"2025-05-28T16:50:52","modified_gmt":"2025-05-28T19:50:52","slug":"adolescente-desaparecido-e-encontrado-morto-com-sinais-de-violencia-em-santa-rita-dois-sao-presos-2","status":"publish","type":"post","link":"https:\/\/sindaopcpb.org.br\/index.php\/2025\/05\/28\/adolescente-desaparecido-e-encontrado-morto-com-sinais-de-violencia-em-santa-rita-dois-sao-presos-2\/","title":{"rendered":"Adolescente desaparecido \u00e9 encontrado morto com sinais de viol\u00eancia em Santa Rita; dois s\u00e3o presos"},"content":{"rendered":"<p><img width=\"984\" height=\"656\" src=\"https:\/\/www.pbagora.com.br\/storage\/2025\/05\/viatura-civil.avif\" class=\"attachment-large size-large wp-post-image\" alt=\"\" style=\"margin-bottom: 20px;\" decoding=\"async\" srcset=\"https:\/\/www.pbagora.com.br\/storage\/2025\/05\/viatura-civil.avif 984w, https:\/\/www.pbagora.com.br\/storage\/2025\/05\/viatura-civil-300x200.avif 300w, https:\/\/www.pbagora.com.br\/storage\/2025\/05\/viatura-civil-150x100.avif 150w, https:\/\/www.pbagora.com.br\/storage\/2025\/05\/viatura-civil-768x512.avif 768w, https:\/\/www.pbagora.com.br\/storage\/2025\/05\/viatura-civil-380x253.avif 380w, https:\/\/www.pbagora.com.br\/storage\/2025\/05\/viatura-civil-800x533.avif 800w, https:\/\/www.pbagora.com.br\/storage\/2025\/05\/viatura-civil-80x53.avif 80w, https:\/\/www.pbagora.com.br\/storage\/2025\/05\/viatura-civil-760x507.avif 760w, https:\/\/www.pbagora.com.br\/storage\/2025\/05\/viatura-civil-600x400.avif 600w\" sizes=\"(max-width: 984px) 100vw, 984px\" \/><\/p>\n<p>O corpo de um adolescente, que estava desaparecido desde a \u00faltima quinta-feira (22), foi encontrado nesta quarta-feira (28) em uma \u00e1rea de mata no munic\u00edpio de Santa Rita, na Grande Jo\u00e3o Pessoa. A v\u00edtima, que morava em Bayeux, foi localizada ap\u00f3s uma den\u00fancia an\u00f4nima feita \u00e0 Pol\u00edcia Civil.<\/p>\n\n\n\n<p>A opera\u00e7\u00e3o de busca contou com o apoio da Pol\u00edcia Militar e do Corpo de Bombeiros, que utilizou c\u00e3es farejadores para auxiliar nas dilig\u00eancias. O corpo foi encontrado com as pernas amarradas e a boca amorda\u00e7ada, segundo informa\u00e7\u00f5es do Instituto de Pol\u00edcia Cient\u00edfica (IPC).<\/p>\n\n\n\n<p>De acordo com a Pol\u00edcia Civil, dois suspeitos foram presos e autuados por oculta\u00e7\u00e3o de cad\u00e1ver. As investiga\u00e7\u00f5es, no entanto, apontam que o crime pode ter contado com a participa\u00e7\u00e3o de tr\u00eas a quatro pessoas.<\/p>\n\n\n\n<p>A per\u00edcia agora busca esclarecer se a morte foi causada por disparos de arma de fogo ou por golpes de faca. A motiva\u00e7\u00e3o do crime ainda n\u00e3o foi detalhada pela pol\u00edcia, que segue trabalhando para esclarecer todos os detalhes e identificar os demais envolvidos.<\/p>\n\n\n\n<p><strong><em>PB Agora<\/em><\/strong><\/p>\n\n\n\n<p><\/p>\n","protected":false},"excerpt":{"rendered":"<p><img loading=\"lazy\" decoding=\"async\" width=\"984\" height=\"656\" src=\"https:\/\/www.pbagora.com.br\/storage\/2025\/05\/viatura-civil.avif\" class=\"attachment-large size-large wp-post-image\" alt=\"\" srcset=\"https:\/\/www.pbagora.com.br\/storage\/2025\/05\/viatura-civil.avif 984w, https:\/\/www.pbagora.com.br\/storage\/2025\/05\/viatura-civil-300x200.avif 300w, https:\/\/www.pbagora.com.br\/storage\/2025\/05\/viatura-civil-150x100.avif 150w, https:\/\/www.pbagora.com.br\/storage\/2025\/05\/viatura-civil-768x512.avif 768w, https:\/\/www.pbagora.com.br\/storage\/2025\/05\/viatura-civil-380x253.avif 380w, https:\/\/www.pbagora.com.br\/storage\/2025\/05\/viatura-civil-800x533.avif 800w, https:\/\/www.pbagora.com.br\/storage\/2025\/05\/viatura-civil-80x53.avif 80w, https:\/\/www.pbagora.com.br\/storage\/2025\/05\/viatura-civil-760x507.avif 760w, https:\/\/www.pbagora.com.br\/storage\/2025\/05\/viatura-civil-600x400.avif 600w\" sizes=\"auto, (max-width: 984px) 100vw, 984px\"><\/p>\n<p>O corpo de um adolescente, que estava desaparecido desde a \u00faltima quinta-feira (22), foi encontrado nesta quarta-feira (28)\u2026<\/p>\n","protected":false},"author":123457,"featured_media":0,"comment_status":"closed","ping_status":"closed","sticky":false,"template":"","format":"standard","meta":{"advgb_blocks_editor_width":"","advgb_blocks_columns_visual_guide":"","footnotes":""},"categories":[34],"tags":[10845,35,10839],"class_list":["post-57552","post","type-post","status-publish","format-standard","hentry","category-g1","tag-destaque-centro-01","tag-g1","tag-policial"],"author_meta":{"display_name":"Reda\u00e7\u00e3o","author_link":"https:\/\/sindaopcpb.org.br\/author\/redacao\/"},"featured_img":null,"coauthors":[],"tax_additional":{"categories":{"linked":["<a href=\"https:\/\/sindaopcpb.org.br\/g1\/\" class=\"advgb-post-tax-term\">G1<\/a>"],"unlinked":["<span class=\"advgb-post-tax-term\">G1<\/span>"]},"tags":{"linked":["<a href=\"https:\/\/sindaopcpb.org.br\/g1\/\" class=\"advgb-post-tax-term\">Destaque Centro 01<\/a>","<a href=\"https:\/\/sindaopcpb.org.br\/g1\/\" class=\"advgb-post-tax-term\">g1<\/a>","<a href=\"https:\/\/sindaopcpb.org.br\/g1\/\" class=\"advgb-post-tax-term\">Policial<\/a>"],"unlinked":["<span class=\"advgb-post-tax-term\">Destaque Centro 01<\/span>","<span class=\"advgb-post-tax-term\">g1<\/span>","<span class=\"advgb-post-tax-term\">Policial<\/span>"]}},"comment_count":"0","relative_dates":{"created":"Publicado 11 meses atr\u00e1s","modified":"Atualizado 11 meses atr\u00e1s"},"absolute_dates":{"created":"Publicado em 28 de maio de 2025","modified":"Atualizado em 28 de maio de 2025"},"absolute_dates_time":{"created":"Publicado em 28 de maio de 2025 16:50","modified":"Atualizado em 28 de maio de 2025 16:50"},"featured_img_caption":"","series_order":"","_links":{"self":[{"href":"https:\/\/sindaopcpb.org.br\/index.php\/wp-json\/wp\/v2\/posts\/57552","targetHints":{"allow":["GET"]}}],"collection":[{"href":"https:\/\/sindaopcpb.org.br\/index.php\/wp-json\/wp\/v2\/posts"}],"about":[{"href":"https:\/\/sindaopcpb.org.br\/index.php\/wp-json\/wp\/v2\/types\/post"}],"author":[{"embeddable":true,"href":"https:\/\/sindaopcpb.org.br\/index.php\/wp-json\/wp\/v2\/users\/123457"}],"replies":[{"embeddable":true,"href":"https:\/\/sindaopcpb.org.br\/index.php\/wp-json\/wp\/v2\/comments?post=57552"}],"version-history":[{"count":2,"href":"https:\/\/sindaopcpb.org.br\/index.php\/wp-json\/wp\/v2\/posts\/57552\/revisions"}],"predecessor-version":[{"id":57562,"href":"https:\/\/sindaopcpb.org.br\/index.php\/wp-json\/wp\/v2\/posts\/57552\/revisions\/57562"}],"wp:attachment":[{"href":"https:\/\/sindaopcpb.org.br\/index.php\/wp-json\/wp\/v2\/media?parent=57552"}],"wp:term":[{"taxonomy":"category","embeddable":true,"href":"https:\/\/sindaopcpb.org.br\/index.php\/wp-json\/wp\/v2\/categories?post=57552"},{"taxonomy":"post_tag","embeddable":true,"href":"https:\/\/sindaopcpb.org.br\/index.php\/wp-json\/wp\/v2\/tags?post=57552"}],"curies":[{"name":"wp","href":"https:\/\/api.w.org\/{rel}","templated":true}]}}