{"id":57545,"date":"2025-05-28T14:28:33","date_gmt":"2025-05-28T17:28:33","guid":{"rendered":"https:\/\/www.pbagora.com.br\/?p=901769"},"modified":"2025-05-28T14:28:33","modified_gmt":"2025-05-28T17:28:33","slug":"homem-suspeito-de-fornecer-armas-e-participar-de-homicidios-no-litoral-norte-da-paraiba-e-preso-em-joao-pessoa","status":"publish","type":"post","link":"https:\/\/sindaopcpb.org.br\/index.php\/2025\/05\/28\/homem-suspeito-de-fornecer-armas-e-participar-de-homicidios-no-litoral-norte-da-paraiba-e-preso-em-joao-pessoa\/","title":{"rendered":"Homem suspeito de fornecer armas e participar de homic\u00eddios no Litoral Norte da Para\u00edba \u00e9 preso em Jo\u00e3o Pessoa"},"content":{"rendered":"<p><img width=\"429\" height=\"390\" src=\"https:\/\/www.pbagora.com.br\/storage\/2025\/05\/Prisao-Armas.jpg\" class=\"attachment-large size-large wp-post-image\" alt=\"\" style=\"margin-bottom: 20px;\" decoding=\"async\" srcset=\"https:\/\/www.pbagora.com.br\/storage\/2025\/05\/Prisao-Armas.jpg 429w, https:\/\/www.pbagora.com.br\/storage\/2025\/05\/Prisao-Armas-300x273.jpg 300w, https:\/\/www.pbagora.com.br\/storage\/2025\/05\/Prisao-Armas-150x136.jpg 150w, https:\/\/www.pbagora.com.br\/storage\/2025\/05\/Prisao-Armas-380x345.jpg 380w, https:\/\/www.pbagora.com.br\/storage\/2025\/05\/Prisao-Armas-80x73.jpg 80w\" sizes=\"(max-width: 429px) 100vw, 429px\" \/><\/p>\n<p>A Pol\u00edcia Civil da Para\u00edba, por meio de a\u00e7\u00e3o integrada entre a Delegacia de Repress\u00e3o ao Crime Organizado (DRACO) e a Delegacia de Combate \u00e0 Circula\u00e7\u00e3o e Comercializa\u00e7\u00e3o Ilegal de Armas de Fogo, Muni\u00e7\u00f5es e Explosivos (DESARME), realizou, nessa segunda-feira (26), a pris\u00e3o de um homem investigado por envolvimento direto no fornecimento de armas de fogo e participa\u00e7\u00e3o em homic\u00eddios registrados nos munic\u00edpios de Jo\u00e3o Pessoa, especificamente no bairro de Mandacaru, e no munic\u00edpio de Ba\u00eda da Trai\u00e7\u00e3o.<\/p>\n\n\n\n<p>Durante a opera\u00e7\u00e3o, foram apreendidos uma submetralhadora CTT calibre .40 (arma de uso restrito), tr\u00eas carregadores, muni\u00e7\u00f5es do mesmo calibre, uma motocicleta com registro de roubo e a quantia de R$ 10 mil em esp\u00e9cie. A origem do dinheiro est\u00e1 sendo apurada.<\/p>\n\n\n\n<p>A a\u00e7\u00e3o representa mais um avan\u00e7o no combate \u00e0 criminalidade armada e \u00e0s fac\u00e7\u00f5es criminosas que atuam no Estado. A arma apreendida ser\u00e1 submetida a exames periciais para verificar poss\u00edvel liga\u00e7\u00e3o com crimes violentos letais intencionais.<\/p>\n\n\n\n<p>A Pol\u00edcia Civil da Para\u00edba refor\u00e7a seu compromisso com o enfrentamento ao crime organizado e informa que as investiga\u00e7\u00f5es seguem com o objetivo de identificar e responsabilizar criminalmente outros envolvidos.<\/p>\n\n\n\n<p><strong><em>Ascom Pol\u00edcia Civil<\/em><\/strong><\/p>\n","protected":false},"excerpt":{"rendered":"<p><img loading=\"lazy\" decoding=\"async\" width=\"429\" height=\"390\" src=\"https:\/\/www.pbagora.com.br\/storage\/2025\/05\/Prisao-Armas.jpg\" class=\"attachment-large size-large wp-post-image\" alt=\"\" srcset=\"https:\/\/www.pbagora.com.br\/storage\/2025\/05\/Prisao-Armas.jpg 429w, https:\/\/www.pbagora.com.br\/storage\/2025\/05\/Prisao-Armas-300x273.jpg 300w, https:\/\/www.pbagora.com.br\/storage\/2025\/05\/Prisao-Armas-150x136.jpg 150w, https:\/\/www.pbagora.com.br\/storage\/2025\/05\/Prisao-Armas-380x345.jpg 380w, https:\/\/www.pbagora.com.br\/storage\/2025\/05\/Prisao-Armas-80x73.jpg 80w\" sizes=\"auto, (max-width: 429px) 100vw, 429px\"><\/p>\n<p>A Pol\u00edcia Civil da Para\u00edba, por meio de a\u00e7\u00e3o integrada entre a Delegacia de Repress\u00e3o ao Crime Organizado\u2026<\/p>\n","protected":false},"author":123457,"featured_media":0,"comment_status":"closed","ping_status":"closed","sticky":false,"template":"","format":"standard","meta":{"advgb_blocks_editor_width":"","advgb_blocks_columns_visual_guide":"","footnotes":""},"categories":[34],"tags":[10841,35,10839],"class_list":["post-57545","post","type-post","status-publish","format-standard","hentry","category-g1","tag-destaque-centro-02","tag-g1","tag-policial"],"author_meta":{"display_name":"Reda\u00e7\u00e3o","author_link":"https:\/\/sindaopcpb.org.br\/author\/redacao\/"},"featured_img":null,"coauthors":[],"tax_additional":{"categories":{"linked":["<a href=\"https:\/\/sindaopcpb.org.br\/g1\/\" class=\"advgb-post-tax-term\">G1<\/a>"],"unlinked":["<span class=\"advgb-post-tax-term\">G1<\/span>"]},"tags":{"linked":["<a href=\"https:\/\/sindaopcpb.org.br\/g1\/\" class=\"advgb-post-tax-term\">Destaque Centro 02<\/a>","<a href=\"https:\/\/sindaopcpb.org.br\/g1\/\" class=\"advgb-post-tax-term\">g1<\/a>","<a href=\"https:\/\/sindaopcpb.org.br\/g1\/\" class=\"advgb-post-tax-term\">Policial<\/a>"],"unlinked":["<span class=\"advgb-post-tax-term\">Destaque Centro 02<\/span>","<span class=\"advgb-post-tax-term\">g1<\/span>","<span class=\"advgb-post-tax-term\">Policial<\/span>"]}},"comment_count":"0","relative_dates":{"created":"Publicado 11 meses atr\u00e1s","modified":"Atualizado 11 meses atr\u00e1s"},"absolute_dates":{"created":"Publicado em 28 de maio de 2025","modified":"Atualizado em 28 de maio de 2025"},"absolute_dates_time":{"created":"Publicado em 28 de maio de 2025 14:28","modified":"Atualizado em 28 de maio de 2025 14:28"},"featured_img_caption":"","series_order":"","_links":{"self":[{"href":"https:\/\/sindaopcpb.org.br\/index.php\/wp-json\/wp\/v2\/posts\/57545","targetHints":{"allow":["GET"]}}],"collection":[{"href":"https:\/\/sindaopcpb.org.br\/index.php\/wp-json\/wp\/v2\/posts"}],"about":[{"href":"https:\/\/sindaopcpb.org.br\/index.php\/wp-json\/wp\/v2\/types\/post"}],"author":[{"embeddable":true,"href":"https:\/\/sindaopcpb.org.br\/index.php\/wp-json\/wp\/v2\/users\/123457"}],"replies":[{"embeddable":true,"href":"https:\/\/sindaopcpb.org.br\/index.php\/wp-json\/wp\/v2\/comments?post=57545"}],"version-history":[{"count":2,"href":"https:\/\/sindaopcpb.org.br\/index.php\/wp-json\/wp\/v2\/posts\/57545\/revisions"}],"predecessor-version":[{"id":57557,"href":"https:\/\/sindaopcpb.org.br\/index.php\/wp-json\/wp\/v2\/posts\/57545\/revisions\/57557"}],"wp:attachment":[{"href":"https:\/\/sindaopcpb.org.br\/index.php\/wp-json\/wp\/v2\/media?parent=57545"}],"wp:term":[{"taxonomy":"category","embeddable":true,"href":"https:\/\/sindaopcpb.org.br\/index.php\/wp-json\/wp\/v2\/categories?post=57545"},{"taxonomy":"post_tag","embeddable":true,"href":"https:\/\/sindaopcpb.org.br\/index.php\/wp-json\/wp\/v2\/tags?post=57545"}],"curies":[{"name":"wp","href":"https:\/\/api.w.org\/{rel}","templated":true}]}}