{"id":57541,"date":"2025-05-28T12:10:38","date_gmt":"2025-05-28T15:10:38","guid":{"rendered":"https:\/\/www.pbagora.com.br\/?p=901747"},"modified":"2025-05-28T14:20:38","modified_gmt":"2025-05-28T17:20:38","slug":"venezuelano-procurado-por-estupro-de-vulneravel-no-para-e-preso-em-joao-pessoa","status":"publish","type":"post","link":"https:\/\/sindaopcpb.org.br\/index.php\/2025\/05\/28\/venezuelano-procurado-por-estupro-de-vulneravel-no-para-e-preso-em-joao-pessoa\/","title":{"rendered":"Venezuelano procurado por estupro de vulner\u00e1vel no Par\u00e1 \u00e9 preso em Jo\u00e3o Pessoa"},"content":{"rendered":"<p><img width=\"432\" height=\"432\" src=\"https:\/\/www.pbagora.com.br\/storage\/2025\/05\/prisao-venezuelano.jpg\" class=\"attachment-large size-large wp-post-image\" alt=\"\" style=\"margin-bottom: 20px;\" decoding=\"async\" loading=\"lazy\" srcset=\"https:\/\/www.pbagora.com.br\/storage\/2025\/05\/prisao-venezuelano.jpg 432w, https:\/\/www.pbagora.com.br\/storage\/2025\/05\/prisao-venezuelano-300x300.jpg 300w, https:\/\/www.pbagora.com.br\/storage\/2025\/05\/prisao-venezuelano-150x150.jpg 150w, https:\/\/www.pbagora.com.br\/storage\/2025\/05\/prisao-venezuelano-80x80.jpg 80w, https:\/\/www.pbagora.com.br\/storage\/2025\/05\/prisao-venezuelano-110x110.jpg 110w, https:\/\/www.pbagora.com.br\/storage\/2025\/05\/prisao-venezuelano-380x380.jpg 380w, https:\/\/www.pbagora.com.br\/storage\/2025\/05\/prisao-venezuelano-160x160.jpg 160w\" sizes=\"auto, (max-width: 432px) 100vw, 432px\" \/><\/p>\n<p>A Pol\u00edcia Civil da Para\u00edba, por meio da Delegacia Especializada de Atendimento \u00e0 Mulher (DEAM Norte), efetuou, nessa ter\u00e7a-feira (27), a pris\u00e3o de um homem natural da Venezuela foragido da Justi\u00e7a do Estado do Par\u00e1, acusado do crime de estupro de vulner\u00e1vel. O mandado de pris\u00e3o preventiva foi expedido pela 2\u00aa Vara Criminal da Comarca de Parauapebas\/PA. A captura do homem aconteceu na comunidade Saturnino de Brito, em Jo\u00e3o Pessoa.<\/p>\n\n\n\n<p>De acordo com o mandado judicial, o indiv\u00edduo \u00e9 acusado de praticar viol\u00eancia sexual contra uma crian\u00e7a com menos de um ano de idade, havendo ainda ind\u00edcios de outros abusos cometidos contra outras crian\u00e7as.<\/p>\n\n\n\n<p>As dilig\u00eancias come\u00e7aram na \u00faltima sexta-feira (24), ap\u00f3s a Central de Flagrantes informar \u00e0 DEAM Norte sobre a poss\u00edvel presen\u00e7a do foragido em comunidades ind\u00edgenas localizadas em Jo\u00e3o Pessoa. A partir da\u00ed, foi iniciada uma investiga\u00e7\u00e3o sigilosa para apurar a veracidade das informa\u00e7\u00f5es e localizar o suspeito.<\/p>\n\n\n\n<p>A pris\u00e3o foi realizada na tarde dessa ter\u00e7a-feira (27), com o acompanhamento da Funda\u00e7\u00e3o Nacional dos Povos Ind\u00edgenas (FUNAI) e de um int\u00e9rprete do Centro Estadual de Refer\u00eancia de Migrantes e Refugiados (CERMIR), j\u00e1 que o homem preso se comunica exclusivamente em l\u00edngua nativa. O trabalho do int\u00e9rprete foi essencial para garantir que o investigado compreendesse os motivos da pris\u00e3o e seus direitos legais.<\/p>\n\n\n\n<p>O preso foi encaminhado \u00e0 autoridade policial competente e permanece \u00e0 disposi\u00e7\u00e3o da Justi\u00e7a. A atua\u00e7\u00e3o integrada das DEAMs do Arco Metropolitano reafirma o compromisso da Pol\u00edcia Civil com a prote\u00e7\u00e3o das v\u00edtimas e o enfrentamento aos crimes de viol\u00eancia.<\/p>\n\n\n\n<p><strong><em>Ascom Pol\u00edcia Civil<\/em><\/strong><\/p>\n","protected":false},"excerpt":{"rendered":"<p><img loading=\"lazy\" decoding=\"async\" width=\"432\" height=\"432\" src=\"https:\/\/www.pbagora.com.br\/storage\/2025\/05\/prisao-venezuelano.jpg\" class=\"attachment-large size-large wp-post-image\" alt=\"\" srcset=\"https:\/\/www.pbagora.com.br\/storage\/2025\/05\/prisao-venezuelano.jpg 432w, https:\/\/www.pbagora.com.br\/storage\/2025\/05\/prisao-venezuelano-300x300.jpg 300w, https:\/\/www.pbagora.com.br\/storage\/2025\/05\/prisao-venezuelano-150x150.jpg 150w, https:\/\/www.pbagora.com.br\/storage\/2025\/05\/prisao-venezuelano-80x80.jpg 80w, https:\/\/www.pbagora.com.br\/storage\/2025\/05\/prisao-venezuelano-110x110.jpg 110w, https:\/\/www.pbagora.com.br\/storage\/2025\/05\/prisao-venezuelano-380x380.jpg 380w, https:\/\/www.pbagora.com.br\/storage\/2025\/05\/prisao-venezuelano-160x160.jpg 160w\" sizes=\"auto, (max-width: 432px) 100vw, 432px\"><\/p>\n<p>A Pol\u00edcia Civil da Para\u00edba, por meio da Delegacia Especializada de Atendimento \u00e0 Mulher (DEAM Norte), efetuou, nessa\u2026<\/p>\n","protected":false},"author":123457,"featured_media":0,"comment_status":"closed","ping_status":"closed","sticky":false,"template":"","format":"standard","meta":{"advgb_blocks_editor_width":"","advgb_blocks_columns_visual_guide":"","footnotes":""},"categories":[34],"tags":[10841,35,10839],"class_list":["post-57541","post","type-post","status-publish","format-standard","hentry","category-g1","tag-destaque-centro-02","tag-g1","tag-policial"],"author_meta":{"display_name":"Reda\u00e7\u00e3o","author_link":"https:\/\/sindaopcpb.org.br\/author\/redacao\/"},"featured_img":null,"coauthors":[],"tax_additional":{"categories":{"linked":["<a href=\"https:\/\/sindaopcpb.org.br\/g1\/\" class=\"advgb-post-tax-term\">G1<\/a>"],"unlinked":["<span class=\"advgb-post-tax-term\">G1<\/span>"]},"tags":{"linked":["<a href=\"https:\/\/sindaopcpb.org.br\/g1\/\" class=\"advgb-post-tax-term\">Destaque Centro 02<\/a>","<a href=\"https:\/\/sindaopcpb.org.br\/g1\/\" class=\"advgb-post-tax-term\">g1<\/a>","<a href=\"https:\/\/sindaopcpb.org.br\/g1\/\" class=\"advgb-post-tax-term\">Policial<\/a>"],"unlinked":["<span class=\"advgb-post-tax-term\">Destaque Centro 02<\/span>","<span class=\"advgb-post-tax-term\">g1<\/span>","<span class=\"advgb-post-tax-term\">Policial<\/span>"]}},"comment_count":"0","relative_dates":{"created":"Publicado 11 meses atr\u00e1s","modified":"Atualizado 11 meses atr\u00e1s"},"absolute_dates":{"created":"Publicado em 28 de maio de 2025","modified":"Atualizado em 28 de maio de 2025"},"absolute_dates_time":{"created":"Publicado em 28 de maio de 2025 12:10","modified":"Atualizado em 28 de maio de 2025 14:20"},"featured_img_caption":"","series_order":"","_links":{"self":[{"href":"https:\/\/sindaopcpb.org.br\/index.php\/wp-json\/wp\/v2\/posts\/57541","targetHints":{"allow":["GET"]}}],"collection":[{"href":"https:\/\/sindaopcpb.org.br\/index.php\/wp-json\/wp\/v2\/posts"}],"about":[{"href":"https:\/\/sindaopcpb.org.br\/index.php\/wp-json\/wp\/v2\/types\/post"}],"author":[{"embeddable":true,"href":"https:\/\/sindaopcpb.org.br\/index.php\/wp-json\/wp\/v2\/users\/123457"}],"replies":[{"embeddable":true,"href":"https:\/\/sindaopcpb.org.br\/index.php\/wp-json\/wp\/v2\/comments?post=57541"}],"version-history":[{"count":2,"href":"https:\/\/sindaopcpb.org.br\/index.php\/wp-json\/wp\/v2\/posts\/57541\/revisions"}],"predecessor-version":[{"id":57547,"href":"https:\/\/sindaopcpb.org.br\/index.php\/wp-json\/wp\/v2\/posts\/57541\/revisions\/57547"}],"wp:attachment":[{"href":"https:\/\/sindaopcpb.org.br\/index.php\/wp-json\/wp\/v2\/media?parent=57541"}],"wp:term":[{"taxonomy":"category","embeddable":true,"href":"https:\/\/sindaopcpb.org.br\/index.php\/wp-json\/wp\/v2\/categories?post=57541"},{"taxonomy":"post_tag","embeddable":true,"href":"https:\/\/sindaopcpb.org.br\/index.php\/wp-json\/wp\/v2\/tags?post=57541"}],"curies":[{"name":"wp","href":"https:\/\/api.w.org\/{rel}","templated":true}]}}