{"id":57539,"date":"2025-05-28T12:11:36","date_gmt":"2025-05-28T15:11:36","guid":{"rendered":"https:\/\/www.pbagora.com.br\/?p=901758"},"modified":"2025-05-28T12:11:36","modified_gmt":"2025-05-28T15:11:36","slug":"homem-e-preso-em-flagrante-por-maus-tratos-a-caes-em-campina-grande","status":"publish","type":"post","link":"https:\/\/sindaopcpb.org.br\/index.php\/2025\/05\/28\/homem-e-preso-em-flagrante-por-maus-tratos-a-caes-em-campina-grande\/","title":{"rendered":"Homem \u00e9 preso em flagrante por maus-tratos a c\u00e3es em Campina Grande"},"content":{"rendered":"<p><img width=\"1024\" height=\"776\" src=\"https:\/\/www.pbagora.com.br\/storage\/2025\/05\/WhatsApp-Image-2025-05-28-at-10.19.46-1024x776-1.jpeg\" class=\"attachment-large size-large wp-post-image\" alt=\"\" style=\"margin-bottom: 20px;\" decoding=\"async\" loading=\"lazy\" srcset=\"https:\/\/www.pbagora.com.br\/storage\/2025\/05\/WhatsApp-Image-2025-05-28-at-10.19.46-1024x776-1.jpeg 1024w, https:\/\/www.pbagora.com.br\/storage\/2025\/05\/WhatsApp-Image-2025-05-28-at-10.19.46-1024x776-1-300x227.jpeg 300w, https:\/\/www.pbagora.com.br\/storage\/2025\/05\/WhatsApp-Image-2025-05-28-at-10.19.46-1024x776-1-150x114.jpeg 150w, https:\/\/www.pbagora.com.br\/storage\/2025\/05\/WhatsApp-Image-2025-05-28-at-10.19.46-1024x776-1-768x582.jpeg 768w, https:\/\/www.pbagora.com.br\/storage\/2025\/05\/WhatsApp-Image-2025-05-28-at-10.19.46-1024x776-1-380x288.jpeg 380w, https:\/\/www.pbagora.com.br\/storage\/2025\/05\/WhatsApp-Image-2025-05-28-at-10.19.46-1024x776-1-800x606.jpeg 800w, https:\/\/www.pbagora.com.br\/storage\/2025\/05\/WhatsApp-Image-2025-05-28-at-10.19.46-1024x776-1-80x60.jpeg 80w, https:\/\/www.pbagora.com.br\/storage\/2025\/05\/WhatsApp-Image-2025-05-28-at-10.19.46-1024x776-1-760x576.jpeg 760w, https:\/\/www.pbagora.com.br\/storage\/2025\/05\/WhatsApp-Image-2025-05-28-at-10.19.46-1024x776-1-600x455.jpeg 600w\" sizes=\"auto, (max-width: 1024px) 100vw, 1024px\" \/><\/p>\n<p>A Pol\u00edcia Civil prendeu em flagrante, nessa ter\u00e7a-feira (27), um homem de 24 anos acusado de maus-tratos a c\u00e3es em Campina Grande. A a\u00e7\u00e3o aconteceu no bairro Jardim dos Bosques, ap\u00f3s den\u00fancias an\u00f4nimas que inclu\u00edam v\u00eddeos mostrando os animais em situa\u00e7\u00e3o de extrema neglig\u00eancia.<\/p>\n\n\n\n<p>Os c\u00e3es foram encontrados visivelmente desnutridos e debilitados. Moradores da regi\u00e3o relatam que, por conta do estado de abandono, precisaram alimentar os animais jogando comida por cima do muro da resid\u00eancia.<\/p>\n\n\n\n<p>A opera\u00e7\u00e3o contou com o apoio da Pol\u00edcia Militar, do Corpo de Bombeiros e do Centro de Zoonoses. Um laudo t\u00e9cnico emitido pelo \u00f3rg\u00e3o confirmou os maus-tratos.<\/p>\n\n\n\n<p>Os animais foram resgatados e encaminhados ao Centro de Zoonoses, onde passam por atendimento veterin\u00e1rio e realizam exames para avaliar o estado de sa\u00fade.<\/p>\n\n\n\n<p>O tutor foi autuado com base no artigo 32, \u00a71\u00ba-A, da Lei de Crimes Ambientais, que prev\u00ea pena de 2 a 5 anos de reclus\u00e3o, al\u00e9m de multa. Ele permanece \u00e0 disposi\u00e7\u00e3o da Justi\u00e7a e aguarda audi\u00eancia de cust\u00f3dia.<\/p>\n\n\n\n<p><strong><em>PB Agora<\/em><\/strong><\/p>\n","protected":false},"excerpt":{"rendered":"<p><img loading=\"lazy\" decoding=\"async\" width=\"1024\" height=\"776\" src=\"https:\/\/www.pbagora.com.br\/storage\/2025\/05\/WhatsApp-Image-2025-05-28-at-10.19.46-1024x776-1.jpeg\" class=\"attachment-large size-large wp-post-image\" alt=\"\" srcset=\"https:\/\/www.pbagora.com.br\/storage\/2025\/05\/WhatsApp-Image-2025-05-28-at-10.19.46-1024x776-1.jpeg 1024w, https:\/\/www.pbagora.com.br\/storage\/2025\/05\/WhatsApp-Image-2025-05-28-at-10.19.46-1024x776-1-300x227.jpeg 300w, https:\/\/www.pbagora.com.br\/storage\/2025\/05\/WhatsApp-Image-2025-05-28-at-10.19.46-1024x776-1-150x114.jpeg 150w, https:\/\/www.pbagora.com.br\/storage\/2025\/05\/WhatsApp-Image-2025-05-28-at-10.19.46-1024x776-1-768x582.jpeg 768w, https:\/\/www.pbagora.com.br\/storage\/2025\/05\/WhatsApp-Image-2025-05-28-at-10.19.46-1024x776-1-380x288.jpeg 380w, https:\/\/www.pbagora.com.br\/storage\/2025\/05\/WhatsApp-Image-2025-05-28-at-10.19.46-1024x776-1-800x606.jpeg 800w, https:\/\/www.pbagora.com.br\/storage\/2025\/05\/WhatsApp-Image-2025-05-28-at-10.19.46-1024x776-1-80x60.jpeg 80w, https:\/\/www.pbagora.com.br\/storage\/2025\/05\/WhatsApp-Image-2025-05-28-at-10.19.46-1024x776-1-760x576.jpeg 760w, https:\/\/www.pbagora.com.br\/storage\/2025\/05\/WhatsApp-Image-2025-05-28-at-10.19.46-1024x776-1-600x455.jpeg 600w\" sizes=\"auto, (max-width: 1024px) 100vw, 1024px\"><\/p>\n<p>A Pol\u00edcia Civil prendeu em flagrante, nessa ter\u00e7a-feira (27), um homem de 24 anos acusado de maus-tratos a\u2026<\/p>\n","protected":false},"author":123457,"featured_media":0,"comment_status":"closed","ping_status":"closed","sticky":false,"template":"","format":"standard","meta":{"advgb_blocks_editor_width":"","advgb_blocks_columns_visual_guide":"","footnotes":""},"categories":[34],"tags":[35,10839,10842],"class_list":["post-57539","post","type-post","status-publish","format-standard","hentry","category-g1","tag-g1","tag-policial","tag-principal3"],"author_meta":{"display_name":"Reda\u00e7\u00e3o","author_link":"https:\/\/sindaopcpb.org.br\/author\/redacao\/"},"featured_img":null,"coauthors":[],"tax_additional":{"categories":{"linked":["<a href=\"https:\/\/sindaopcpb.org.br\/g1\/\" class=\"advgb-post-tax-term\">G1<\/a>"],"unlinked":["<span class=\"advgb-post-tax-term\">G1<\/span>"]},"tags":{"linked":["<a href=\"https:\/\/sindaopcpb.org.br\/g1\/\" class=\"advgb-post-tax-term\">g1<\/a>","<a href=\"https:\/\/sindaopcpb.org.br\/g1\/\" class=\"advgb-post-tax-term\">Policial<\/a>","<a href=\"https:\/\/sindaopcpb.org.br\/g1\/\" class=\"advgb-post-tax-term\">Principal3<\/a>"],"unlinked":["<span class=\"advgb-post-tax-term\">g1<\/span>","<span class=\"advgb-post-tax-term\">Policial<\/span>","<span class=\"advgb-post-tax-term\">Principal3<\/span>"]}},"comment_count":"0","relative_dates":{"created":"Publicado 11 meses atr\u00e1s","modified":"Atualizado 11 meses atr\u00e1s"},"absolute_dates":{"created":"Publicado em 28 de maio de 2025","modified":"Atualizado em 28 de maio de 2025"},"absolute_dates_time":{"created":"Publicado em 28 de maio de 2025 12:11","modified":"Atualizado em 28 de maio de 2025 12:11"},"featured_img_caption":"","series_order":"","_links":{"self":[{"href":"https:\/\/sindaopcpb.org.br\/index.php\/wp-json\/wp\/v2\/posts\/57539","targetHints":{"allow":["GET"]}}],"collection":[{"href":"https:\/\/sindaopcpb.org.br\/index.php\/wp-json\/wp\/v2\/posts"}],"about":[{"href":"https:\/\/sindaopcpb.org.br\/index.php\/wp-json\/wp\/v2\/types\/post"}],"author":[{"embeddable":true,"href":"https:\/\/sindaopcpb.org.br\/index.php\/wp-json\/wp\/v2\/users\/123457"}],"replies":[{"embeddable":true,"href":"https:\/\/sindaopcpb.org.br\/index.php\/wp-json\/wp\/v2\/comments?post=57539"}],"version-history":[{"count":2,"href":"https:\/\/sindaopcpb.org.br\/index.php\/wp-json\/wp\/v2\/posts\/57539\/revisions"}],"predecessor-version":[{"id":57550,"href":"https:\/\/sindaopcpb.org.br\/index.php\/wp-json\/wp\/v2\/posts\/57539\/revisions\/57550"}],"wp:attachment":[{"href":"https:\/\/sindaopcpb.org.br\/index.php\/wp-json\/wp\/v2\/media?parent=57539"}],"wp:term":[{"taxonomy":"category","embeddable":true,"href":"https:\/\/sindaopcpb.org.br\/index.php\/wp-json\/wp\/v2\/categories?post=57539"},{"taxonomy":"post_tag","embeddable":true,"href":"https:\/\/sindaopcpb.org.br\/index.php\/wp-json\/wp\/v2\/tags?post=57539"}],"curies":[{"name":"wp","href":"https:\/\/api.w.org\/{rel}","templated":true}]}}