{"id":57531,"date":"2025-05-28T08:20:20","date_gmt":"2025-05-28T11:20:20","guid":{"rendered":"https:\/\/www.pbagora.com.br\/?p=901720"},"modified":"2025-05-28T12:12:20","modified_gmt":"2025-05-28T15:12:20","slug":"homem-que-tentou-agredir-vereador-tenta-invadir-sede-do-pt-em-joao-pessoa","status":"publish","type":"post","link":"https:\/\/sindaopcpb.org.br\/index.php\/2025\/05\/28\/homem-que-tentou-agredir-vereador-tenta-invadir-sede-do-pt-em-joao-pessoa\/","title":{"rendered":"Homem que tentou agredir vereador tenta invadir sede do PT em Jo\u00e3o Pessoa"},"content":{"rendered":"<p><img width=\"1024\" height=\"576\" src=\"https:\/\/www.pbagora.com.br\/storage\/2025\/05\/WhatsApp-Image-2025-05-27-at-18.04.50-1024x576.webp\" class=\"attachment-large size-large wp-post-image\" alt=\"\" style=\"margin-bottom: 20px;\" decoding=\"async\" srcset=\"https:\/\/www.pbagora.com.br\/storage\/2025\/05\/WhatsApp-Image-2025-05-27-at-18.04.50-1024x576.webp 1024w, https:\/\/www.pbagora.com.br\/storage\/2025\/05\/WhatsApp-Image-2025-05-27-at-18.04.50-300x169.webp 300w, https:\/\/www.pbagora.com.br\/storage\/2025\/05\/WhatsApp-Image-2025-05-27-at-18.04.50-150x84.webp 150w, https:\/\/www.pbagora.com.br\/storage\/2025\/05\/WhatsApp-Image-2025-05-27-at-18.04.50-768x432.webp 768w, https:\/\/www.pbagora.com.br\/storage\/2025\/05\/WhatsApp-Image-2025-05-27-at-18.04.50-380x214.webp 380w, https:\/\/www.pbagora.com.br\/storage\/2025\/05\/WhatsApp-Image-2025-05-27-at-18.04.50-800x450.webp 800w, https:\/\/www.pbagora.com.br\/storage\/2025\/05\/WhatsApp-Image-2025-05-27-at-18.04.50-1160x653.webp 1160w, https:\/\/www.pbagora.com.br\/storage\/2025\/05\/WhatsApp-Image-2025-05-27-at-18.04.50-80x46.webp 80w, https:\/\/www.pbagora.com.br\/storage\/2025\/05\/WhatsApp-Image-2025-05-27-at-18.04.50-760x428.webp 760w, https:\/\/www.pbagora.com.br\/storage\/2025\/05\/WhatsApp-Image-2025-05-27-at-18.04.50-600x338.webp 600w, https:\/\/www.pbagora.com.br\/storage\/2025\/05\/WhatsApp-Image-2025-05-27-at-18.04.50.webp 1200w\" sizes=\"(max-width: 1024px) 100vw, 1024px\" \/><\/p>\n<p>A sede do Partido dos Trabalhadores (PT) em Jo\u00e3o Pessoa foi alvo de uma tentativa de invas\u00e3o na tarde desta ter\u00e7a-feira (27). O autor \u00e9 Jos\u00e9 Belo, o mesmo que protagonizou um epis\u00f3dio no in\u00edcio deste m\u00eas quando invadiu um gabinete na C\u00e2mara Municipal da capital.<\/p>\n\n\n\n<p>Testemunhas relataram que nessa ter\u00e7a-feira ele chegou ao local, no centro da cidade, bastante alterado, retirou o trinco do port\u00e3o principal e tentou for\u00e7ar a entrada, onde acontecia uma reuni\u00e3o interna com integrantes do partido. Al\u00e9m disso, o homem estava armado com uma faca e apresentava comportamento desorientado, falando frases desconexas.<\/p>\n\n\n\n<p>A Pol\u00edcia Militar foi acionada imediatamente por membros do PT. Apesar da tens\u00e3o e do risco, ningu\u00e9m ficou ferido.<\/p>\n\n\n\n<p>O diret\u00f3rio estadual do PT informou que j\u00e1 est\u00e1 adotando provid\u00eancias legais. Uma das a\u00e7\u00f5es ser\u00e1 solicitar \u00e0 Justi\u00e7a uma medida protetiva coletiva, visando impedir que Jos\u00e9 Belo se aproxime da sede do partido e de seus filiados.<\/p>\n\n\n\n<p>Essa n\u00e3o \u00e9 a primeira vez que Jos\u00e9 Belo se envolve em situa\u00e7\u00f5es de viol\u00eancia contra agentes pol\u00edticos. H\u00e1 poucas semanas, ele tentou agredir o vereador Carl\u00e3o Pelo Bem dentro do gabinete parlamentar na C\u00e2mara Municipal de Jo\u00e3o Pessoa, tamb\u00e9m portando uma faca.<\/p>\n\n\n\n<p>Naquela ocasi\u00e3o, Carl\u00e3o conseguiu conter o homem e a dire\u00e7\u00e3o da C\u00e2mara tomou medidas,  proibindo a entrada do agressor no pr\u00e9dio e acionando a Justi\u00e7a para obter uma medida restritiva.<\/p>\n\n\n\n<p>PB Agora<\/p>\n","protected":false},"excerpt":{"rendered":"<p><img loading=\"lazy\" decoding=\"async\" width=\"1024\" height=\"576\" src=\"https:\/\/www.pbagora.com.br\/storage\/2025\/05\/WhatsApp-Image-2025-05-27-at-18.04.50-1024x576.webp\" class=\"attachment-large size-large wp-post-image\" alt=\"\" srcset=\"https:\/\/www.pbagora.com.br\/storage\/2025\/05\/WhatsApp-Image-2025-05-27-at-18.04.50-1024x576.webp 1024w, https:\/\/www.pbagora.com.br\/storage\/2025\/05\/WhatsApp-Image-2025-05-27-at-18.04.50-300x169.webp 300w, https:\/\/www.pbagora.com.br\/storage\/2025\/05\/WhatsApp-Image-2025-05-27-at-18.04.50-150x84.webp 150w, https:\/\/www.pbagora.com.br\/storage\/2025\/05\/WhatsApp-Image-2025-05-27-at-18.04.50-768x432.webp 768w, https:\/\/www.pbagora.com.br\/storage\/2025\/05\/WhatsApp-Image-2025-05-27-at-18.04.50-380x214.webp 380w, https:\/\/www.pbagora.com.br\/storage\/2025\/05\/WhatsApp-Image-2025-05-27-at-18.04.50-800x450.webp 800w, https:\/\/www.pbagora.com.br\/storage\/2025\/05\/WhatsApp-Image-2025-05-27-at-18.04.50-1160x653.webp 1160w, https:\/\/www.pbagora.com.br\/storage\/2025\/05\/WhatsApp-Image-2025-05-27-at-18.04.50-80x46.webp 80w, https:\/\/www.pbagora.com.br\/storage\/2025\/05\/WhatsApp-Image-2025-05-27-at-18.04.50-760x428.webp 760w, https:\/\/www.pbagora.com.br\/storage\/2025\/05\/WhatsApp-Image-2025-05-27-at-18.04.50-600x338.webp 600w, https:\/\/www.pbagora.com.br\/storage\/2025\/05\/WhatsApp-Image-2025-05-27-at-18.04.50.webp 1200w\" sizes=\"auto, (max-width: 1024px) 100vw, 1024px\"><\/p>\n<p>A sede do Partido dos Trabalhadores (PT) em Jo\u00e3o Pessoa foi alvo de uma tentativa de invas\u00e3o na\u2026<\/p>\n","protected":false},"author":123457,"featured_media":0,"comment_status":"closed","ping_status":"closed","sticky":false,"template":"","format":"standard","meta":{"advgb_blocks_editor_width":"","advgb_blocks_columns_visual_guide":"","footnotes":""},"categories":[34],"tags":[35,10839,10846],"class_list":["post-57531","post","type-post","status-publish","format-standard","hentry","category-g1","tag-g1","tag-policial","tag-rodape-02"],"author_meta":{"display_name":"Reda\u00e7\u00e3o","author_link":"https:\/\/sindaopcpb.org.br\/author\/redacao\/"},"featured_img":null,"coauthors":[],"tax_additional":{"categories":{"linked":["<a href=\"https:\/\/sindaopcpb.org.br\/g1\/\" class=\"advgb-post-tax-term\">G1<\/a>"],"unlinked":["<span class=\"advgb-post-tax-term\">G1<\/span>"]},"tags":{"linked":["<a href=\"https:\/\/sindaopcpb.org.br\/g1\/\" class=\"advgb-post-tax-term\">g1<\/a>","<a href=\"https:\/\/sindaopcpb.org.br\/g1\/\" class=\"advgb-post-tax-term\">Policial<\/a>","<a href=\"https:\/\/sindaopcpb.org.br\/g1\/\" class=\"advgb-post-tax-term\">Rodape 02<\/a>"],"unlinked":["<span class=\"advgb-post-tax-term\">g1<\/span>","<span class=\"advgb-post-tax-term\">Policial<\/span>","<span class=\"advgb-post-tax-term\">Rodape 02<\/span>"]}},"comment_count":"0","relative_dates":{"created":"Publicado 11 meses atr\u00e1s","modified":"Atualizado 11 meses atr\u00e1s"},"absolute_dates":{"created":"Publicado em 28 de maio de 2025","modified":"Atualizado em 28 de maio de 2025"},"absolute_dates_time":{"created":"Publicado em 28 de maio de 2025 08:20","modified":"Atualizado em 28 de maio de 2025 12:12"},"featured_img_caption":"","series_order":"","_links":{"self":[{"href":"https:\/\/sindaopcpb.org.br\/index.php\/wp-json\/wp\/v2\/posts\/57531","targetHints":{"allow":["GET"]}}],"collection":[{"href":"https:\/\/sindaopcpb.org.br\/index.php\/wp-json\/wp\/v2\/posts"}],"about":[{"href":"https:\/\/sindaopcpb.org.br\/index.php\/wp-json\/wp\/v2\/types\/post"}],"author":[{"embeddable":true,"href":"https:\/\/sindaopcpb.org.br\/index.php\/wp-json\/wp\/v2\/users\/123457"}],"replies":[{"embeddable":true,"href":"https:\/\/sindaopcpb.org.br\/index.php\/wp-json\/wp\/v2\/comments?post=57531"}],"version-history":[{"count":3,"href":"https:\/\/sindaopcpb.org.br\/index.php\/wp-json\/wp\/v2\/posts\/57531\/revisions"}],"predecessor-version":[{"id":57538,"href":"https:\/\/sindaopcpb.org.br\/index.php\/wp-json\/wp\/v2\/posts\/57531\/revisions\/57538"}],"wp:attachment":[{"href":"https:\/\/sindaopcpb.org.br\/index.php\/wp-json\/wp\/v2\/media?parent=57531"}],"wp:term":[{"taxonomy":"category","embeddable":true,"href":"https:\/\/sindaopcpb.org.br\/index.php\/wp-json\/wp\/v2\/categories?post=57531"},{"taxonomy":"post_tag","embeddable":true,"href":"https:\/\/sindaopcpb.org.br\/index.php\/wp-json\/wp\/v2\/tags?post=57531"}],"curies":[{"name":"wp","href":"https:\/\/api.w.org\/{rel}","templated":true}]}}