{"id":57520,"date":"2025-05-27T16:55:50","date_gmt":"2025-05-27T19:55:50","guid":{"rendered":"https:\/\/www.pbagora.com.br\/?p=901649"},"modified":"2025-05-27T16:55:50","modified_gmt":"2025-05-27T19:55:50","slug":"dupla-suspeita-de-integrar-faccao-e-presa-com-armas-e-moto-roubada","status":"publish","type":"post","link":"https:\/\/sindaopcpb.org.br\/index.php\/2025\/05\/27\/dupla-suspeita-de-integrar-faccao-e-presa-com-armas-e-moto-roubada\/","title":{"rendered":"Dupla suspeita de integrar fac\u00e7\u00e3o \u00e9 presa com armas e moto roubada"},"content":{"rendered":"<p><img width=\"1024\" height=\"575\" src=\"https:\/\/www.pbagora.com.br\/storage\/2025\/05\/policialmento-1024x575.jpeg\" class=\"attachment-large size-large wp-post-image\" alt=\"\" style=\"margin-bottom: 20px;\" decoding=\"async\" loading=\"lazy\" srcset=\"https:\/\/www.pbagora.com.br\/storage\/2025\/05\/policialmento-1024x575.jpeg 1024w, https:\/\/www.pbagora.com.br\/storage\/2025\/05\/policialmento-300x169.jpeg 300w, https:\/\/www.pbagora.com.br\/storage\/2025\/05\/policialmento-150x84.jpeg 150w, https:\/\/www.pbagora.com.br\/storage\/2025\/05\/policialmento-768x432.jpeg 768w, https:\/\/www.pbagora.com.br\/storage\/2025\/05\/policialmento-1536x863.jpeg 1536w, https:\/\/www.pbagora.com.br\/storage\/2025\/05\/policialmento-380x214.jpeg 380w, https:\/\/www.pbagora.com.br\/storage\/2025\/05\/policialmento-800x450.jpeg 800w, https:\/\/www.pbagora.com.br\/storage\/2025\/05\/policialmento-1160x652.jpeg 1160w, https:\/\/www.pbagora.com.br\/storage\/2025\/05\/policialmento-80x46.jpeg 80w, https:\/\/www.pbagora.com.br\/storage\/2025\/05\/policialmento-760x427.jpeg 760w, https:\/\/www.pbagora.com.br\/storage\/2025\/05\/policialmento-600x337.jpeg 600w, https:\/\/www.pbagora.com.br\/storage\/2025\/05\/policialmento.jpeg 1600w\" sizes=\"auto, (max-width: 1024px) 100vw, 1024px\" \/><\/p>\n<p>A Pol\u00edcia Militar apreendeu tr\u00eas armas de fogo, colete bal\u00edstico e recuperou uma motocicleta roubada na noite da \u00faltima segunda-feira (26), que estavam com uma dupla que atua em grupos criminosos em Jo\u00e3o Pessoa. A pris\u00e3o e apreens\u00e3o do material ocorreu na comunidade Boa Esperan\u00e7a, no bairro do Cristo Redentor, sendo resultado direto do refor\u00e7o do policiamento na regi\u00e3o.<\/p>\n\n\n\n<p>As a\u00e7\u00f5es foram realizadas em conjunto, pelos policiais do 1\u00ba e do 5\u00ba Batalh\u00e3o. A motocicleta roubada foi encontrada com um adulto e um adolescente. \u201cAinda nas dilig\u00eancias em conjunto, localizamos dois rev\u00f3lveres, uma pistola, muni\u00e7\u00f5es, celulares e por\u00e7\u00f5es de drogas. Todos esses materiais ligados a crimes, bem como os suspeitos, podem estar envolvidos em outros delitos na regi\u00e3o, inclusive nos recentes casos de viol\u00eancia no bairro do Rangel\u201d, explicou o tenente-coronel Fl\u00e1vio, comandante do 1\u00ba Batalh\u00e3o.<\/p>\n\n\n\n<p>Ainda segundo o comandante, o acusado preso usava um colete bal\u00edstico e confessou que participava de um grupo criminoso que vinha atuando na regi\u00e3o. Toda a ocorr\u00eancia foi apresentada na Cidade da Pol\u00edcia Civil para devida autua\u00e7\u00e3o e onde o caso ser\u00e1 investigado.<\/p>\n\n\n\n<p><\/p>\n\n\n\n<p><strong><em>Ascom \/ PMPB<\/em><\/strong><\/p>\n","protected":false},"excerpt":{"rendered":"<p><img loading=\"lazy\" decoding=\"async\" width=\"1024\" height=\"575\" src=\"https:\/\/www.pbagora.com.br\/storage\/2025\/05\/policialmento-1024x575.jpeg\" class=\"attachment-large size-large wp-post-image\" alt=\"\" srcset=\"https:\/\/www.pbagora.com.br\/storage\/2025\/05\/policialmento-1024x575.jpeg 1024w, https:\/\/www.pbagora.com.br\/storage\/2025\/05\/policialmento-300x169.jpeg 300w, https:\/\/www.pbagora.com.br\/storage\/2025\/05\/policialmento-150x84.jpeg 150w, https:\/\/www.pbagora.com.br\/storage\/2025\/05\/policialmento-768x432.jpeg 768w, https:\/\/www.pbagora.com.br\/storage\/2025\/05\/policialmento-1536x863.jpeg 1536w, https:\/\/www.pbagora.com.br\/storage\/2025\/05\/policialmento-380x214.jpeg 380w, https:\/\/www.pbagora.com.br\/storage\/2025\/05\/policialmento-800x450.jpeg 800w, https:\/\/www.pbagora.com.br\/storage\/2025\/05\/policialmento-1160x652.jpeg 1160w, https:\/\/www.pbagora.com.br\/storage\/2025\/05\/policialmento-80x46.jpeg 80w, https:\/\/www.pbagora.com.br\/storage\/2025\/05\/policialmento-760x427.jpeg 760w, https:\/\/www.pbagora.com.br\/storage\/2025\/05\/policialmento-600x337.jpeg 600w, https:\/\/www.pbagora.com.br\/storage\/2025\/05\/policialmento.jpeg 1600w\" sizes=\"auto, (max-width: 1024px) 100vw, 1024px\"><\/p>\n<p>A Pol\u00edcia Militar apreendeu tr\u00eas armas de fogo, colete bal\u00edstico e recuperou uma motocicleta roubada na noite da\u2026<\/p>\n","protected":false},"author":123457,"featured_media":0,"comment_status":"closed","ping_status":"closed","sticky":false,"template":"","format":"standard","meta":{"advgb_blocks_editor_width":"","advgb_blocks_columns_visual_guide":"","footnotes":""},"categories":[34],"tags":[10841,35,10839],"class_list":["post-57520","post","type-post","status-publish","format-standard","hentry","category-g1","tag-destaque-centro-02","tag-g1","tag-policial"],"author_meta":{"display_name":"Reda\u00e7\u00e3o","author_link":"https:\/\/sindaopcpb.org.br\/author\/redacao\/"},"featured_img":null,"coauthors":[],"tax_additional":{"categories":{"linked":["<a href=\"https:\/\/sindaopcpb.org.br\/g1\/\" class=\"advgb-post-tax-term\">G1<\/a>"],"unlinked":["<span class=\"advgb-post-tax-term\">G1<\/span>"]},"tags":{"linked":["<a href=\"https:\/\/sindaopcpb.org.br\/g1\/\" class=\"advgb-post-tax-term\">Destaque Centro 02<\/a>","<a href=\"https:\/\/sindaopcpb.org.br\/g1\/\" class=\"advgb-post-tax-term\">g1<\/a>","<a href=\"https:\/\/sindaopcpb.org.br\/g1\/\" class=\"advgb-post-tax-term\">Policial<\/a>"],"unlinked":["<span class=\"advgb-post-tax-term\">Destaque Centro 02<\/span>","<span class=\"advgb-post-tax-term\">g1<\/span>","<span class=\"advgb-post-tax-term\">Policial<\/span>"]}},"comment_count":"0","relative_dates":{"created":"Publicado 11 meses atr\u00e1s","modified":"Atualizado 11 meses atr\u00e1s"},"absolute_dates":{"created":"Publicado em 27 de maio de 2025","modified":"Atualizado em 27 de maio de 2025"},"absolute_dates_time":{"created":"Publicado em 27 de maio de 2025 16:55","modified":"Atualizado em 27 de maio de 2025 16:55"},"featured_img_caption":"","series_order":"","_links":{"self":[{"href":"https:\/\/sindaopcpb.org.br\/index.php\/wp-json\/wp\/v2\/posts\/57520","targetHints":{"allow":["GET"]}}],"collection":[{"href":"https:\/\/sindaopcpb.org.br\/index.php\/wp-json\/wp\/v2\/posts"}],"about":[{"href":"https:\/\/sindaopcpb.org.br\/index.php\/wp-json\/wp\/v2\/types\/post"}],"author":[{"embeddable":true,"href":"https:\/\/sindaopcpb.org.br\/index.php\/wp-json\/wp\/v2\/users\/123457"}],"replies":[{"embeddable":true,"href":"https:\/\/sindaopcpb.org.br\/index.php\/wp-json\/wp\/v2\/comments?post=57520"}],"version-history":[{"count":2,"href":"https:\/\/sindaopcpb.org.br\/index.php\/wp-json\/wp\/v2\/posts\/57520\/revisions"}],"predecessor-version":[{"id":57526,"href":"https:\/\/sindaopcpb.org.br\/index.php\/wp-json\/wp\/v2\/posts\/57520\/revisions\/57526"}],"wp:attachment":[{"href":"https:\/\/sindaopcpb.org.br\/index.php\/wp-json\/wp\/v2\/media?parent=57520"}],"wp:term":[{"taxonomy":"category","embeddable":true,"href":"https:\/\/sindaopcpb.org.br\/index.php\/wp-json\/wp\/v2\/categories?post=57520"},{"taxonomy":"post_tag","embeddable":true,"href":"https:\/\/sindaopcpb.org.br\/index.php\/wp-json\/wp\/v2\/tags?post=57520"}],"curies":[{"name":"wp","href":"https:\/\/api.w.org\/{rel}","templated":true}]}}