{"id":57508,"date":"2025-05-27T11:51:03","date_gmt":"2025-05-27T14:51:03","guid":{"rendered":"https:\/\/www.pbagora.com.br\/?p=901578"},"modified":"2025-05-27T11:51:03","modified_gmt":"2025-05-27T14:51:03","slug":"prf-flagra-falsidade-ideologica-em-autorizacao-especial-de-transito-na-br-230-em-cajazeiras","status":"publish","type":"post","link":"https:\/\/sindaopcpb.org.br\/index.php\/2025\/05\/27\/prf-flagra-falsidade-ideologica-em-autorizacao-especial-de-transito-na-br-230-em-cajazeiras\/","title":{"rendered":"PRF flagra falsidade ideol\u00f3gica em Autoriza\u00e7\u00e3o Especial de Tr\u00e2nsito na BR-230, em Cajazeiras"},"content":{"rendered":"<p><img width=\"1024\" height=\"573\" src=\"https:\/\/www.pbagora.com.br\/storage\/2025\/05\/WhatsApp-Image-2025-05-27-at-09.48.39-1024x573.jpeg\" class=\"attachment-large size-large wp-post-image\" alt=\"\" style=\"margin-bottom: 20px;\" decoding=\"async\" srcset=\"https:\/\/www.pbagora.com.br\/storage\/2025\/05\/WhatsApp-Image-2025-05-27-at-09.48.39-1024x573.jpeg 1024w, https:\/\/www.pbagora.com.br\/storage\/2025\/05\/WhatsApp-Image-2025-05-27-at-09.48.39-300x168.jpeg 300w, https:\/\/www.pbagora.com.br\/storage\/2025\/05\/WhatsApp-Image-2025-05-27-at-09.48.39-150x84.jpeg 150w, https:\/\/www.pbagora.com.br\/storage\/2025\/05\/WhatsApp-Image-2025-05-27-at-09.48.39-768x430.jpeg 768w, https:\/\/www.pbagora.com.br\/storage\/2025\/05\/WhatsApp-Image-2025-05-27-at-09.48.39-380x213.jpeg 380w, https:\/\/www.pbagora.com.br\/storage\/2025\/05\/WhatsApp-Image-2025-05-27-at-09.48.39-800x448.jpeg 800w, https:\/\/www.pbagora.com.br\/storage\/2025\/05\/WhatsApp-Image-2025-05-27-at-09.48.39-1160x650.jpeg 1160w, https:\/\/www.pbagora.com.br\/storage\/2025\/05\/WhatsApp-Image-2025-05-27-at-09.48.39-80x46.jpeg 80w, https:\/\/www.pbagora.com.br\/storage\/2025\/05\/WhatsApp-Image-2025-05-27-at-09.48.39-760x426.jpeg 760w, https:\/\/www.pbagora.com.br\/storage\/2025\/05\/WhatsApp-Image-2025-05-27-at-09.48.39-600x336.jpeg 600w, https:\/\/www.pbagora.com.br\/storage\/2025\/05\/WhatsApp-Image-2025-05-27-at-09.48.39.jpeg 1409w\" sizes=\"(max-width: 1024px) 100vw, 1024px\" \/><\/p>\n<p>Em Cajazeiras, sert\u00e3o paraibano, nessa segunda-feira (26), no km 511 da BR-230, uma equipe da Pol\u00edcia Rodovi\u00e1ria Federal (PRF) realizou a abordagem de uma Combina\u00e7\u00e3o de Ve\u00edculos de Carga (CVC). Durante a fiscaliza\u00e7\u00e3o, foi constatada uma irregularidade na Autoriza\u00e7\u00e3o Especial de Tr\u00e2nsito (AET) apresentada pelo condutor, um homem de 26 anos.<\/p>\n\n\n\n<p>No momento da abordagem, os policiais rodovi\u00e1rios federais solicitaram ao condutor a AET para ve\u00edculos com peso e dimens\u00f5es excedentes, al\u00e9m dos demais documentos de porte obrigat\u00f3rio da CVC, composta por um Caminh\u00e3o Trator Scania, um Semirreboque e um Reboque Dolly. A an\u00e1lise da AET e a medi\u00e7\u00e3o da CVC revelaram uma diverg\u00eancia no comprimento total declarado no documento (19,80m) em rela\u00e7\u00e3o ao aferido (20,05m). Essa inser\u00e7\u00e3o de informa\u00e7\u00e3o falsa na AET permitia ao transportador trafegar diuturnamente em rodovias de pista simples, pr\u00e1tica restrita pela legisla\u00e7\u00e3o para CVCs com comprimento entre 19,80m e 30m no per\u00edodo noturno. Tal a\u00e7\u00e3o configurou, em tese, o crime de falsidade ideol\u00f3gica, proporcionando vantagem operacional e financeira indevida em detrimento da seguran\u00e7a vi\u00e1ria. Questionado, o condutor alegou desconhecer a irregularidade. Ele foi autuado como testemunha.<\/p>\n\n\n\n<p>Diante dos fatos, a CVC foi autuada com base no artigo 231, inciso IV, do C\u00f3digo de Tr\u00e2nsito Brasileiro (CTB), que versa sobre o tr\u00e2nsito de ve\u00edculo com dimens\u00f5es ou peso superior aos limites estabelecidos sem a devida autoriza\u00e7\u00e3o. O ve\u00edculo foi recolhido ao p\u00e1tio conveniado para regulariza\u00e7\u00e3o, considerando que a AET apresentada foi obtida mediante informa\u00e7\u00e3o falsa. As informa\u00e7\u00f5es sobre a emiss\u00e3o da AET e a Anota\u00e7\u00e3o de Responsabilidade T\u00e9cnica (ART) tamb\u00e9m foram levantadas para as provid\u00eancias legais. Dois indiv\u00edduos de 40 e 42 anos, respons\u00e1veis pelo transporte e autoriza\u00e7\u00e3o, poder\u00e3o responder como autor e part\u00edcipe, respectivamente, do crime de falsidade ideol\u00f3gica, conforme Art. 299 da Lei 2.848\/1940 (C\u00f3digo Penal).<\/p>\n\n\n\n<p><strong><em>PB Agora<\/em><\/strong><\/p>\n","protected":false},"excerpt":{"rendered":"<p><img loading=\"lazy\" decoding=\"async\" width=\"1024\" height=\"573\" src=\"https:\/\/www.pbagora.com.br\/storage\/2025\/05\/WhatsApp-Image-2025-05-27-at-09.48.39-1024x573.jpeg\" class=\"attachment-large size-large wp-post-image\" alt=\"\" srcset=\"https:\/\/www.pbagora.com.br\/storage\/2025\/05\/WhatsApp-Image-2025-05-27-at-09.48.39-1024x573.jpeg 1024w, https:\/\/www.pbagora.com.br\/storage\/2025\/05\/WhatsApp-Image-2025-05-27-at-09.48.39-300x168.jpeg 300w, https:\/\/www.pbagora.com.br\/storage\/2025\/05\/WhatsApp-Image-2025-05-27-at-09.48.39-150x84.jpeg 150w, https:\/\/www.pbagora.com.br\/storage\/2025\/05\/WhatsApp-Image-2025-05-27-at-09.48.39-768x430.jpeg 768w, https:\/\/www.pbagora.com.br\/storage\/2025\/05\/WhatsApp-Image-2025-05-27-at-09.48.39-380x213.jpeg 380w, https:\/\/www.pbagora.com.br\/storage\/2025\/05\/WhatsApp-Image-2025-05-27-at-09.48.39-800x448.jpeg 800w, https:\/\/www.pbagora.com.br\/storage\/2025\/05\/WhatsApp-Image-2025-05-27-at-09.48.39-1160x650.jpeg 1160w, https:\/\/www.pbagora.com.br\/storage\/2025\/05\/WhatsApp-Image-2025-05-27-at-09.48.39-80x46.jpeg 80w, https:\/\/www.pbagora.com.br\/storage\/2025\/05\/WhatsApp-Image-2025-05-27-at-09.48.39-760x426.jpeg 760w, https:\/\/www.pbagora.com.br\/storage\/2025\/05\/WhatsApp-Image-2025-05-27-at-09.48.39-600x336.jpeg 600w, https:\/\/www.pbagora.com.br\/storage\/2025\/05\/WhatsApp-Image-2025-05-27-at-09.48.39.jpeg 1409w\" sizes=\"auto, (max-width: 1024px) 100vw, 1024px\"><\/p>\n<p>Em Cajazeiras, sert\u00e3o paraibano, nessa segunda-feira (26), no km 511 da BR-230, uma equipe da Pol\u00edcia Rodovi\u00e1ria Federal\u2026<\/p>\n","protected":false},"author":123457,"featured_media":0,"comment_status":"closed","ping_status":"closed","sticky":false,"template":"","format":"standard","meta":{"advgb_blocks_editor_width":"","advgb_blocks_columns_visual_guide":"","footnotes":""},"categories":[34],"tags":[10841,35,10839],"class_list":["post-57508","post","type-post","status-publish","format-standard","hentry","category-g1","tag-destaque-centro-02","tag-g1","tag-policial"],"author_meta":{"display_name":"Reda\u00e7\u00e3o","author_link":"https:\/\/sindaopcpb.org.br\/author\/redacao\/"},"featured_img":null,"coauthors":[],"tax_additional":{"categories":{"linked":["<a href=\"https:\/\/sindaopcpb.org.br\/g1\/\" class=\"advgb-post-tax-term\">G1<\/a>"],"unlinked":["<span class=\"advgb-post-tax-term\">G1<\/span>"]},"tags":{"linked":["<a href=\"https:\/\/sindaopcpb.org.br\/g1\/\" class=\"advgb-post-tax-term\">Destaque Centro 02<\/a>","<a href=\"https:\/\/sindaopcpb.org.br\/g1\/\" class=\"advgb-post-tax-term\">g1<\/a>","<a href=\"https:\/\/sindaopcpb.org.br\/g1\/\" class=\"advgb-post-tax-term\">Policial<\/a>"],"unlinked":["<span class=\"advgb-post-tax-term\">Destaque Centro 02<\/span>","<span class=\"advgb-post-tax-term\">g1<\/span>","<span class=\"advgb-post-tax-term\">Policial<\/span>"]}},"comment_count":"0","relative_dates":{"created":"Publicado 11 meses atr\u00e1s","modified":"Atualizado 11 meses atr\u00e1s"},"absolute_dates":{"created":"Publicado em 27 de maio de 2025","modified":"Atualizado em 27 de maio de 2025"},"absolute_dates_time":{"created":"Publicado em 27 de maio de 2025 11:51","modified":"Atualizado em 27 de maio de 2025 11:51"},"featured_img_caption":"","series_order":"","_links":{"self":[{"href":"https:\/\/sindaopcpb.org.br\/index.php\/wp-json\/wp\/v2\/posts\/57508","targetHints":{"allow":["GET"]}}],"collection":[{"href":"https:\/\/sindaopcpb.org.br\/index.php\/wp-json\/wp\/v2\/posts"}],"about":[{"href":"https:\/\/sindaopcpb.org.br\/index.php\/wp-json\/wp\/v2\/types\/post"}],"author":[{"embeddable":true,"href":"https:\/\/sindaopcpb.org.br\/index.php\/wp-json\/wp\/v2\/users\/123457"}],"replies":[{"embeddable":true,"href":"https:\/\/sindaopcpb.org.br\/index.php\/wp-json\/wp\/v2\/comments?post=57508"}],"version-history":[{"count":2,"href":"https:\/\/sindaopcpb.org.br\/index.php\/wp-json\/wp\/v2\/posts\/57508\/revisions"}],"predecessor-version":[{"id":57522,"href":"https:\/\/sindaopcpb.org.br\/index.php\/wp-json\/wp\/v2\/posts\/57508\/revisions\/57522"}],"wp:attachment":[{"href":"https:\/\/sindaopcpb.org.br\/index.php\/wp-json\/wp\/v2\/media?parent=57508"}],"wp:term":[{"taxonomy":"category","embeddable":true,"href":"https:\/\/sindaopcpb.org.br\/index.php\/wp-json\/wp\/v2\/categories?post=57508"},{"taxonomy":"post_tag","embeddable":true,"href":"https:\/\/sindaopcpb.org.br\/index.php\/wp-json\/wp\/v2\/tags?post=57508"}],"curies":[{"name":"wp","href":"https:\/\/api.w.org\/{rel}","templated":true}]}}