{"id":57500,"date":"2025-05-27T09:39:30","date_gmt":"2025-05-27T12:39:30","guid":{"rendered":"https:\/\/www.pbagora.com.br\/?p=901546"},"modified":"2025-05-27T11:39:30","modified_gmt":"2025-05-27T14:39:30","slug":"prf-investiga-racha-no-caja-e-alerta-pena-para-essa-conduta-pode-chegar-a-tres-anos-de-prisao","status":"publish","type":"post","link":"https:\/\/sindaopcpb.org.br\/index.php\/2025\/05\/27\/prf-investiga-racha-no-caja-e-alerta-pena-para-essa-conduta-pode-chegar-a-tres-anos-de-prisao\/","title":{"rendered":"PRF investiga racha no Caj\u00e1 e alerta: pena para essa conduta pode chegar a tr\u00eas anos de pris\u00e3o"},"content":{"rendered":"<p><img width=\"564\" height=\"392\" src=\"https:\/\/www.pbagora.com.br\/storage\/2025\/05\/image-28.png\" class=\"attachment-large size-large wp-post-image\" alt=\"\" style=\"margin-bottom: 20px;\" decoding=\"async\" loading=\"lazy\" srcset=\"https:\/\/www.pbagora.com.br\/storage\/2025\/05\/image-28.png 564w, https:\/\/www.pbagora.com.br\/storage\/2025\/05\/image-28-300x209.png 300w, https:\/\/www.pbagora.com.br\/storage\/2025\/05\/image-28-150x104.png 150w, https:\/\/www.pbagora.com.br\/storage\/2025\/05\/image-28-380x264.png 380w, https:\/\/www.pbagora.com.br\/storage\/2025\/05\/image-28-80x56.png 80w\" sizes=\"auto, (max-width: 564px) 100vw, 564px\" \/><\/p>\n<p>A Pol\u00edcia Rodovi\u00e1ria Federal (PRF) na Para\u00edba informou, por meio de nota, que est\u00e1 apurando den\u00fancias sobre a realiza\u00e7\u00e3o de rachas no Distrito de Caj\u00e1, localizado no munic\u00edpio de Caldas Brand\u00e3o, Agreste paraibano. As imagens das supostas corridas come\u00e7aram a circular nas redes sociais no \u00faltimo fim de semana.<\/p>\n\n\n\n<p>De acordo com a PRF, apesar de ter tomado conhecimento do fato pelos v\u00eddeos compartilhados, n\u00e3o houve acionamento via telefone de emerg\u00eancia 191 no momento em que a ocorr\u00eancia estava acontecendo. Al\u00e9m disso, as rondas ostensivas realizadas pela PRF na regi\u00e3o durante aquele per\u00edodo n\u00e3o flagraram nenhuma atividade desse tipo.<\/p>\n\n\n\n<p>A corpora\u00e7\u00e3o refor\u00e7ou que a pr\u00e1tica de racha \u00e9 crime, previsto no artigo 308 do C\u00f3digo de Tr\u00e2nsito Brasileiro (CTB). O crime \u00e9 caracterizado por \u201cparticipar, na dire\u00e7\u00e3o de ve\u00edculo automotor, em via p\u00fablica, de corrida, disputa ou competi\u00e7\u00e3o automobil\u00edstica n\u00e3o autorizada pela autoridade competente, gerando situa\u00e7\u00e3o de risco \u00e0 incolumidade p\u00fablica ou privada.\u201d<\/p>\n\n\n\n<p>As penas incluem deten\u00e7\u00e3o de seis meses a tr\u00eas anos, multa de R$ 2.934,70 e suspens\u00e3o ou proibi\u00e7\u00e3o da habilita\u00e7\u00e3o para dirigir. Caso a pr\u00e1tica resulte em les\u00f5es graves, grav\u00edssimas ou at\u00e9 morte, a pena pode ser agravada significativamente.<\/p>\n\n\n\n<p>A PRF informou ainda que segue com o monitoramento constante da regi\u00e3o e que est\u00e1 intensificando a fiscaliza\u00e7\u00e3o nas rodovias federais e \u00e1reas de interesse da Uni\u00e3o para coibir esse tipo de pr\u00e1tica criminosa.<\/p>\n\n\n\n<p>\u201cRachas s\u00e3o uma grave amea\u00e7a \u00e0 seguran\u00e7a vi\u00e1ria e colocam em risco n\u00e3o apenas os envolvidos, mas todos que utilizam a via p\u00fablica\u201d, destacou o \u00f3rg\u00e3o.<\/p>\n\n\n\n<p>Veja a nota na \u00edntegra:<\/p>\n\n\n\n<p><strong>NOTA \u00c0 IMPRENSA<\/strong><\/p>\n\n\n\n<p><em>A Pol\u00edcia Rodovi\u00e1ria Federal (PRF) informa que tomou conhecimento, por meio de v\u00eddeos que circulam nas redes sociais, de ocorr\u00eancias de disputa de rachas (corridas ilegais) envolvendo ve\u00edculos automotores no Distrito de Caj\u00e1, munic\u00edpio de Caldas Brand\u00e3o, Para\u00edba, durante o \u00faltimo final de semana.<\/em><\/p>\n\n\n\n<p><em>Apesar do conhecimento dos fatos atrav\u00e9s das m\u00eddias sociais, a PRF esclarece que n\u00e3o foi acionada por meio do telefone de emerg\u00eancia 191 para atender a ocorr\u00eancia no momento em que ela supostamente estava acontecendo. Adicionalmente, durante as rondas ostensivas realizadas pela Pol\u00edcia Rodovi\u00e1ria Federal na regi\u00e3o durante o final de semana, n\u00e3o houve flagrante de nenhuma atividade relacionada a disputas de rachas.<\/em><\/p>\n\n\n\n<p><em>A PRF reitera que a pr\u00e1tica de &#8220;racha&#8221; \u00e9 altamente perigosa, representando uma grave amea\u00e7a \u00e0 seguran\u00e7a vi\u00e1ria e \u00e0 vida de todos que utilizam a via p\u00fablica. Al\u00e9m do risco iminente de sinistros com consequ\u00eancias tr\u00e1gicas, o &#8220;racha&#8221; configura crime, previsto no artigo 308 do C\u00f3digo de Tr\u00e2nsito Brasileiro (CTB).<\/em><\/p>\n\n\n\n<p><em>O artigo 308 do CTB tipifica como crime o ato de &#8220;participar, na dire\u00e7\u00e3o de ve\u00edculo automotor, em via p\u00fablica, de corrida, disputa ou competi\u00e7\u00e3o automobil\u00edstica n\u00e3o autorizada pela autoridade competente, gerando situa\u00e7\u00e3o de risco \u00e0 incolumidade p\u00fablica ou privada&#8221;. As penas para essa conduta incluem deten\u00e7\u00e3o de 6 (seis) meses a 3 (tr\u00eas) anos, multa no valor de R$ 2.934,70 (dois mil, novecentos e trinta e quatro reais e setenta centavos), al\u00e9m da suspens\u00e3o ou proibi\u00e7\u00e3o de se obter a permiss\u00e3o ou a habilita\u00e7\u00e3o para dirigir ve\u00edculo automotor.<\/em><\/p>\n\n\n\n<p><em>\u00c9 importante ressaltar que a pena pode ser agravada caso a pr\u00e1tica de racha resulte em les\u00f5es corporais graves ou grav\u00edssimas, ou at\u00e9 mesmo em morte.<\/em><\/p>\n\n\n\n<p><em>A Pol\u00edcia Rodovi\u00e1ria Federal informa que segue trabalhando ativamente para coibir esse tipo de crime, intensificando o monitoramento e a fiscaliza\u00e7\u00e3o nas rodovias federais e nas \u00e1reas de interesse da Uni\u00e3o.<\/em><\/p>\n\n\n\n<p><em>A PRF refor\u00e7a a import\u00e2ncia da colabora\u00e7\u00e3o da popula\u00e7\u00e3o, que pode ser fundamental para o sucesso das a\u00e7\u00f5es de combate aos rachas. Den\u00fancias de locais e de indiv\u00edduos envolvidos nessas atividades podem ser feitas de forma an\u00f4nima atrav\u00e9s do nosso n\u00famero de emerg\u00eancia 191.<\/em><\/p>\n\n\n\n<p><em>A Pol\u00edcia Rodovi\u00e1ria Federal reafirma seu compromisso com a seguran\u00e7a de todos os usu\u00e1rios das rodovias e com a manuten\u00e7\u00e3o da ordem p\u00fablica, e n\u00e3o tolerar\u00e1 condutas que coloquem em risco a vida e a integridade das pessoas.<\/em><\/p>\n\n\n\n<p><strong><em>PB Agora<\/em><\/strong><\/p>\n\n\n\n<p><\/p>\n","protected":false},"excerpt":{"rendered":"<p><img decoding=\"async\" width=\"564\" height=\"392\" src=\"https:\/\/www.pbagora.com.br\/storage\/2025\/05\/image-28.png\" class=\"attachment-large size-large wp-post-image\" alt=\"\" loading=\"lazy\" srcset=\"https:\/\/www.pbagora.com.br\/storage\/2025\/05\/image-28.png 564w, https:\/\/www.pbagora.com.br\/storage\/2025\/05\/image-28-300x209.png 300w, https:\/\/www.pbagora.com.br\/storage\/2025\/05\/image-28-150x104.png 150w, https:\/\/www.pbagora.com.br\/storage\/2025\/05\/image-28-380x264.png 380w, https:\/\/www.pbagora.com.br\/storage\/2025\/05\/image-28-80x56.png 80w\" sizes=\"auto, (max-width: 564px) 100vw, 564px\"><\/p>\n<p>A Pol\u00edcia Rodovi\u00e1ria Federal (PRF) na Para\u00edba informou, por meio de nota, que est\u00e1 apurando den\u00fancias sobre a\u2026<\/p>\n","protected":false},"author":123457,"featured_media":0,"comment_status":"closed","ping_status":"closed","sticky":false,"template":"","format":"standard","meta":{"advgb_blocks_editor_width":"","advgb_blocks_columns_visual_guide":"","footnotes":""},"categories":[34],"tags":[35,10839,10848],"class_list":["post-57500","post","type-post","status-publish","format-standard","hentry","category-g1","tag-g1","tag-policial","tag-rodape-01"],"author_meta":{"display_name":"Reda\u00e7\u00e3o","author_link":"https:\/\/sindaopcpb.org.br\/author\/redacao\/"},"featured_img":null,"coauthors":[],"tax_additional":{"categories":{"linked":["<a href=\"https:\/\/sindaopcpb.org.br\/g1\/\" class=\"advgb-post-tax-term\">G1<\/a>"],"unlinked":["<span class=\"advgb-post-tax-term\">G1<\/span>"]},"tags":{"linked":["<a href=\"https:\/\/sindaopcpb.org.br\/g1\/\" class=\"advgb-post-tax-term\">g1<\/a>","<a href=\"https:\/\/sindaopcpb.org.br\/g1\/\" class=\"advgb-post-tax-term\">Policial<\/a>","<a href=\"https:\/\/sindaopcpb.org.br\/g1\/\" class=\"advgb-post-tax-term\">Rodape 01<\/a>"],"unlinked":["<span class=\"advgb-post-tax-term\">g1<\/span>","<span class=\"advgb-post-tax-term\">Policial<\/span>","<span class=\"advgb-post-tax-term\">Rodape 01<\/span>"]}},"comment_count":"0","relative_dates":{"created":"Publicado 11 meses atr\u00e1s","modified":"Atualizado 11 meses atr\u00e1s"},"absolute_dates":{"created":"Publicado em 27 de maio de 2025","modified":"Atualizado em 27 de maio de 2025"},"absolute_dates_time":{"created":"Publicado em 27 de maio de 2025 09:39","modified":"Atualizado em 27 de maio de 2025 11:39"},"featured_img_caption":"","series_order":"","_links":{"self":[{"href":"https:\/\/sindaopcpb.org.br\/index.php\/wp-json\/wp\/v2\/posts\/57500","targetHints":{"allow":["GET"]}}],"collection":[{"href":"https:\/\/sindaopcpb.org.br\/index.php\/wp-json\/wp\/v2\/posts"}],"about":[{"href":"https:\/\/sindaopcpb.org.br\/index.php\/wp-json\/wp\/v2\/types\/post"}],"author":[{"embeddable":true,"href":"https:\/\/sindaopcpb.org.br\/index.php\/wp-json\/wp\/v2\/users\/123457"}],"replies":[{"embeddable":true,"href":"https:\/\/sindaopcpb.org.br\/index.php\/wp-json\/wp\/v2\/comments?post=57500"}],"version-history":[{"count":3,"href":"https:\/\/sindaopcpb.org.br\/index.php\/wp-json\/wp\/v2\/posts\/57500\/revisions"}],"predecessor-version":[{"id":57515,"href":"https:\/\/sindaopcpb.org.br\/index.php\/wp-json\/wp\/v2\/posts\/57500\/revisions\/57515"}],"wp:attachment":[{"href":"https:\/\/sindaopcpb.org.br\/index.php\/wp-json\/wp\/v2\/media?parent=57500"}],"wp:term":[{"taxonomy":"category","embeddable":true,"href":"https:\/\/sindaopcpb.org.br\/index.php\/wp-json\/wp\/v2\/categories?post=57500"},{"taxonomy":"post_tag","embeddable":true,"href":"https:\/\/sindaopcpb.org.br\/index.php\/wp-json\/wp\/v2\/tags?post=57500"}],"curies":[{"name":"wp","href":"https:\/\/api.w.org\/{rel}","templated":true}]}}