{"id":57498,"date":"2025-05-27T09:44:56","date_gmt":"2025-05-27T12:44:56","guid":{"rendered":"https:\/\/www.pbagora.com.br\/?p=901550"},"modified":"2025-05-27T11:44:56","modified_gmt":"2025-05-27T14:44:56","slug":"homem-e-executado-com-mais-de-10-tiros-dentro-de-casa-no-bessa-em-joao-pessoa","status":"publish","type":"post","link":"https:\/\/sindaopcpb.org.br\/index.php\/2025\/05\/27\/homem-e-executado-com-mais-de-10-tiros-dentro-de-casa-no-bessa-em-joao-pessoa\/","title":{"rendered":"Homem \u00e9 executado com mais de 10 tiros dentro de casa no Bessa, em Jo\u00e3o Pessoa"},"content":{"rendered":"<p><img width=\"971\" height=\"450\" src=\"https:\/\/www.pbagora.com.br\/storage\/2025\/05\/image-29.png\" class=\"attachment-large size-large wp-post-image\" alt=\"\" style=\"margin-bottom: 20px;\" decoding=\"async\" loading=\"lazy\" srcset=\"https:\/\/www.pbagora.com.br\/storage\/2025\/05\/image-29.png 971w, https:\/\/www.pbagora.com.br\/storage\/2025\/05\/image-29-300x139.png 300w, https:\/\/www.pbagora.com.br\/storage\/2025\/05\/image-29-150x70.png 150w, https:\/\/www.pbagora.com.br\/storage\/2025\/05\/image-29-768x356.png 768w, https:\/\/www.pbagora.com.br\/storage\/2025\/05\/image-29-380x176.png 380w, https:\/\/www.pbagora.com.br\/storage\/2025\/05\/image-29-800x371.png 800w, https:\/\/www.pbagora.com.br\/storage\/2025\/05\/image-29-80x37.png 80w, https:\/\/www.pbagora.com.br\/storage\/2025\/05\/image-29-760x352.png 760w, https:\/\/www.pbagora.com.br\/storage\/2025\/05\/image-29-600x278.png 600w\" sizes=\"auto, (max-width: 971px) 100vw, 971px\" \/><\/p>\n<p>Na madrugada desta ter\u00e7a-feira (27), um jovem identificado como Evandro dos Santos J\u00fanior, de 20 anos, foi morto a tiros dentro da pr\u00f3pria resid\u00eancia, no bairro do Bessa, em Jo\u00e3o Pessoa. Segundo informa\u00e7\u00f5es da Pol\u00edcia Civil, pelo menos sete homens encapuzados e vestidos de preto invadiram o im\u00f3vel e executaram a v\u00edtima com mais de dez disparos de arma de fogo.<\/p>\n\n\n\n<p>De acordo com o delegado Bruno V\u00edtor Germano, os criminosos arrombaram a porta da casa, foram diretamente ao quarto onde a v\u00edtima dormia e realizaram os disparos. Antes da execu\u00e7\u00e3o, os suspeitos ordenaram que o pai de Evandro sa\u00edsse do local.<\/p>\n\n\n\n<p>Ainda segundo relatos do pai \u00e0 pol\u00edcia, Evandro vinha tentando se afastar do crime. Apesar disso, ele j\u00e1 havia sobrevivido a uma tentativa de homic\u00eddio em mar\u00e7o deste ano, tamb\u00e9m no Bessa, e possu\u00eda antecedentes criminais por tr\u00e1fico de drogas e porte ilegal de arma de fogo. O jovem estava em liberdade h\u00e1 cerca de um ano.<\/p>\n\n\n\n<p>No local do crime, os investigadores recolheram diversos estojos de muni\u00e7\u00f5es deflagradas, mas n\u00e3o encontraram armas ou entorpecentes na resid\u00eancia. A Delegacia de Homic\u00eddios investiga o caso e apura, entre outras linhas, a poss\u00edvel liga\u00e7\u00e3o da v\u00edtima com fac\u00e7\u00f5es criminosas atuantes na capital paraibana.<\/p>\n\n\n\n<p>A Pol\u00edcia Civil segue realizando dilig\u00eancias e colhendo imagens de c\u00e2meras de seguran\u00e7a da regi\u00e3o, al\u00e9m de ouvir testemunhas, para identificar os envolvidos no homic\u00eddio.<\/p>\n\n\n\n<p><strong><em>PB Agora<\/em><\/strong><\/p>\n","protected":false},"excerpt":{"rendered":"<p><img loading=\"lazy\" decoding=\"async\" width=\"971\" height=\"450\" src=\"https:\/\/www.pbagora.com.br\/storage\/2025\/05\/image-29.png\" class=\"attachment-large size-large wp-post-image\" alt=\"\" srcset=\"https:\/\/www.pbagora.com.br\/storage\/2025\/05\/image-29.png 971w, https:\/\/www.pbagora.com.br\/storage\/2025\/05\/image-29-300x139.png 300w, https:\/\/www.pbagora.com.br\/storage\/2025\/05\/image-29-150x70.png 150w, https:\/\/www.pbagora.com.br\/storage\/2025\/05\/image-29-768x356.png 768w, https:\/\/www.pbagora.com.br\/storage\/2025\/05\/image-29-380x176.png 380w, https:\/\/www.pbagora.com.br\/storage\/2025\/05\/image-29-800x371.png 800w, https:\/\/www.pbagora.com.br\/storage\/2025\/05\/image-29-80x37.png 80w, https:\/\/www.pbagora.com.br\/storage\/2025\/05\/image-29-760x352.png 760w, https:\/\/www.pbagora.com.br\/storage\/2025\/05\/image-29-600x278.png 600w\" sizes=\"auto, (max-width: 971px) 100vw, 971px\"><\/p>\n<p>Na madrugada desta ter\u00e7a-feira (27), um jovem identificado como Evandro dos Santos J\u00fanior, de 20 anos, foi morto\u2026<\/p>\n","protected":false},"author":123457,"featured_media":0,"comment_status":"closed","ping_status":"closed","sticky":false,"template":"","format":"standard","meta":{"advgb_blocks_editor_width":"","advgb_blocks_columns_visual_guide":"","footnotes":""},"categories":[34],"tags":[35,10839,10847],"class_list":["post-57498","post","type-post","status-publish","format-standard","hentry","category-g1","tag-g1","tag-policial","tag-rodape-03"],"author_meta":{"display_name":"Reda\u00e7\u00e3o","author_link":"https:\/\/sindaopcpb.org.br\/author\/redacao\/"},"featured_img":null,"coauthors":[],"tax_additional":{"categories":{"linked":["<a href=\"https:\/\/sindaopcpb.org.br\/g1\/\" class=\"advgb-post-tax-term\">G1<\/a>"],"unlinked":["<span class=\"advgb-post-tax-term\">G1<\/span>"]},"tags":{"linked":["<a href=\"https:\/\/sindaopcpb.org.br\/g1\/\" class=\"advgb-post-tax-term\">g1<\/a>","<a href=\"https:\/\/sindaopcpb.org.br\/g1\/\" class=\"advgb-post-tax-term\">Policial<\/a>","<a href=\"https:\/\/sindaopcpb.org.br\/g1\/\" class=\"advgb-post-tax-term\">Rodape 03<\/a>"],"unlinked":["<span class=\"advgb-post-tax-term\">g1<\/span>","<span class=\"advgb-post-tax-term\">Policial<\/span>","<span class=\"advgb-post-tax-term\">Rodape 03<\/span>"]}},"comment_count":"0","relative_dates":{"created":"Publicado 11 meses atr\u00e1s","modified":"Atualizado 11 meses atr\u00e1s"},"absolute_dates":{"created":"Publicado em 27 de maio de 2025","modified":"Atualizado em 27 de maio de 2025"},"absolute_dates_time":{"created":"Publicado em 27 de maio de 2025 09:44","modified":"Atualizado em 27 de maio de 2025 11:44"},"featured_img_caption":"","series_order":"","_links":{"self":[{"href":"https:\/\/sindaopcpb.org.br\/index.php\/wp-json\/wp\/v2\/posts\/57498","targetHints":{"allow":["GET"]}}],"collection":[{"href":"https:\/\/sindaopcpb.org.br\/index.php\/wp-json\/wp\/v2\/posts"}],"about":[{"href":"https:\/\/sindaopcpb.org.br\/index.php\/wp-json\/wp\/v2\/types\/post"}],"author":[{"embeddable":true,"href":"https:\/\/sindaopcpb.org.br\/index.php\/wp-json\/wp\/v2\/users\/123457"}],"replies":[{"embeddable":true,"href":"https:\/\/sindaopcpb.org.br\/index.php\/wp-json\/wp\/v2\/comments?post=57498"}],"version-history":[{"count":3,"href":"https:\/\/sindaopcpb.org.br\/index.php\/wp-json\/wp\/v2\/posts\/57498\/revisions"}],"predecessor-version":[{"id":57514,"href":"https:\/\/sindaopcpb.org.br\/index.php\/wp-json\/wp\/v2\/posts\/57498\/revisions\/57514"}],"wp:attachment":[{"href":"https:\/\/sindaopcpb.org.br\/index.php\/wp-json\/wp\/v2\/media?parent=57498"}],"wp:term":[{"taxonomy":"category","embeddable":true,"href":"https:\/\/sindaopcpb.org.br\/index.php\/wp-json\/wp\/v2\/categories?post=57498"},{"taxonomy":"post_tag","embeddable":true,"href":"https:\/\/sindaopcpb.org.br\/index.php\/wp-json\/wp\/v2\/tags?post=57498"}],"curies":[{"name":"wp","href":"https:\/\/api.w.org\/{rel}","templated":true}]}}