{"id":57481,"date":"2025-05-26T15:07:32","date_gmt":"2025-05-26T18:07:32","guid":{"rendered":"https:\/\/www.pbagora.com.br\/?p=901464"},"modified":"2025-05-26T18:30:32","modified_gmt":"2025-05-26T21:30:32","slug":"policia-civil-comeca-a-convocar-3a-turma-do-concurso-nesta-terca-feira-curso-de-formacao-comeca-em-setembro","status":"publish","type":"post","link":"https:\/\/sindaopcpb.org.br\/index.php\/2025\/05\/26\/policia-civil-comeca-a-convocar-3a-turma-do-concurso-nesta-terca-feira-curso-de-formacao-comeca-em-setembro\/","title":{"rendered":"Pol\u00edcia Civil come\u00e7a a convocar 3\u00aa turma do concurso nesta ter\u00e7a-feira; curso de forma\u00e7\u00e3o come\u00e7a em setembro"},"content":{"rendered":"<p><img width=\"1024\" height=\"682\" src=\"https:\/\/www.pbagora.com.br\/storage\/2025\/05\/WhatsApp-Image-2025-05-26-at-14.37.33-1024x682.jpeg\" class=\"attachment-large size-large wp-post-image\" alt=\"\" style=\"margin-bottom: 20px;\" decoding=\"async\" loading=\"lazy\" srcset=\"https:\/\/www.pbagora.com.br\/storage\/2025\/05\/WhatsApp-Image-2025-05-26-at-14.37.33-1024x682.jpeg 1024w, https:\/\/www.pbagora.com.br\/storage\/2025\/05\/WhatsApp-Image-2025-05-26-at-14.37.33-300x200.jpeg 300w, https:\/\/www.pbagora.com.br\/storage\/2025\/05\/WhatsApp-Image-2025-05-26-at-14.37.33-150x100.jpeg 150w, https:\/\/www.pbagora.com.br\/storage\/2025\/05\/WhatsApp-Image-2025-05-26-at-14.37.33-768x512.jpeg 768w, https:\/\/www.pbagora.com.br\/storage\/2025\/05\/WhatsApp-Image-2025-05-26-at-14.37.33-1536x1023.jpeg 1536w, https:\/\/www.pbagora.com.br\/storage\/2025\/05\/WhatsApp-Image-2025-05-26-at-14.37.33-380x253.jpeg 380w, https:\/\/www.pbagora.com.br\/storage\/2025\/05\/WhatsApp-Image-2025-05-26-at-14.37.33-800x533.jpeg 800w, https:\/\/www.pbagora.com.br\/storage\/2025\/05\/WhatsApp-Image-2025-05-26-at-14.37.33-1160x773.jpeg 1160w, https:\/\/www.pbagora.com.br\/storage\/2025\/05\/WhatsApp-Image-2025-05-26-at-14.37.33-80x53.jpeg 80w, https:\/\/www.pbagora.com.br\/storage\/2025\/05\/WhatsApp-Image-2025-05-26-at-14.37.33-760x506.jpeg 760w, https:\/\/www.pbagora.com.br\/storage\/2025\/05\/WhatsApp-Image-2025-05-26-at-14.37.33-600x400.jpeg 600w, https:\/\/www.pbagora.com.br\/storage\/2025\/05\/WhatsApp-Image-2025-05-26-at-14.37.33.jpeg 1600w\" sizes=\"auto, (max-width: 1024px) 100vw, 1024px\" \/><\/p>\n<p>O Governo do Estado da Para\u00edba, por meio da Pol\u00edcia Civil da Para\u00edba, iniciar\u00e1, nesta ter\u00e7a-feira (27), a convoca\u00e7\u00e3o da terceira turma do Curso de Forma\u00e7\u00e3o para os aprovados no concurso p\u00fablico da Pol\u00edcia Civil. A convoca\u00e7\u00e3o ser\u00e1 realizada em tr\u00eas chamadas, com previs\u00e3o de in\u00edcio com a aula inaugural o dia 02 de setembro de 2025.<\/p>\n\n\n\n<p>O curso ser\u00e1 realizado na Academia de Ensino da Pol\u00edcia Civil (Acadepol), em Jo\u00e3o Pessoa, e ter\u00e1 dura\u00e7\u00e3o aproximada de cinco meses, per\u00edodo em que os candidatos ser\u00e3o submetidos a uma forma\u00e7\u00e3o te\u00f3rica e pr\u00e1tica voltada para todas as frentes de atua\u00e7\u00e3o da Pol\u00edcia Civil. A grade curricular do curso de forma\u00e7\u00e3o inclui disciplinas t\u00e9cnicas, jur\u00eddicas e operacionais, com foco no preparo completo dos futuros servidores.<\/p>\n\n\n\n<p>O concurso p\u00fablico da Pol\u00edcia Civil da Para\u00edba ofertou 1.400 vagas, sendo 120 para Delegado de Pol\u00edcia; 520 para Escriv\u00e3o de Pol\u00edcia; 414 para Investigador de Pol\u00edcia; 73 para T\u00e9cnico em Per\u00edcia; 70 para Necrotomista Policial; 77 para Perito Criminal Oficial; 45 para Perito Qu\u00edmico Legal; 31 para Papiloscopista e 50 vagas para Perito M\u00e9dico Legal.<\/p>\n\n\n\n<p>Duas turmas j\u00e1 foram formadas pela Acadepol desde o in\u00edcio do processo seletivo, resultando na incorpora\u00e7\u00e3o de mais de 500 novos servidores efetivos aos quadros da Pol\u00edcia Civil da Para\u00edba, refor\u00e7ando a estrutura e a capacidade operacional da institui\u00e7\u00e3o.<\/p>\n\n\n\n<p>A Pol\u00edcia Civil da Para\u00edba reafirma o compromisso com a valoriza\u00e7\u00e3o e forma\u00e7\u00e3o de seus quadros, promovendo uma capacita\u00e7\u00e3o s\u00f3lida e atualizada para garantir uma atua\u00e7\u00e3o eficiente em defesa da sociedade.<\/p>\n\n\n\n<p><strong><em>Reda\u00e7\u00e3o<\/em><\/strong><\/p>\n\n\n\n<p><\/p>\n","protected":false},"excerpt":{"rendered":"<p><img loading=\"lazy\" decoding=\"async\" width=\"1024\" height=\"682\" src=\"https:\/\/www.pbagora.com.br\/storage\/2025\/05\/WhatsApp-Image-2025-05-26-at-14.37.33-1024x682.jpeg\" class=\"attachment-large size-large wp-post-image\" alt=\"\" srcset=\"https:\/\/www.pbagora.com.br\/storage\/2025\/05\/WhatsApp-Image-2025-05-26-at-14.37.33-1024x682.jpeg 1024w, https:\/\/www.pbagora.com.br\/storage\/2025\/05\/WhatsApp-Image-2025-05-26-at-14.37.33-300x200.jpeg 300w, https:\/\/www.pbagora.com.br\/storage\/2025\/05\/WhatsApp-Image-2025-05-26-at-14.37.33-150x100.jpeg 150w, https:\/\/www.pbagora.com.br\/storage\/2025\/05\/WhatsApp-Image-2025-05-26-at-14.37.33-768x512.jpeg 768w, https:\/\/www.pbagora.com.br\/storage\/2025\/05\/WhatsApp-Image-2025-05-26-at-14.37.33-1536x1023.jpeg 1536w, https:\/\/www.pbagora.com.br\/storage\/2025\/05\/WhatsApp-Image-2025-05-26-at-14.37.33-380x253.jpeg 380w, https:\/\/www.pbagora.com.br\/storage\/2025\/05\/WhatsApp-Image-2025-05-26-at-14.37.33-800x533.jpeg 800w, https:\/\/www.pbagora.com.br\/storage\/2025\/05\/WhatsApp-Image-2025-05-26-at-14.37.33-1160x773.jpeg 1160w, https:\/\/www.pbagora.com.br\/storage\/2025\/05\/WhatsApp-Image-2025-05-26-at-14.37.33-80x53.jpeg 80w, https:\/\/www.pbagora.com.br\/storage\/2025\/05\/WhatsApp-Image-2025-05-26-at-14.37.33-760x506.jpeg 760w, https:\/\/www.pbagora.com.br\/storage\/2025\/05\/WhatsApp-Image-2025-05-26-at-14.37.33-600x400.jpeg 600w, https:\/\/www.pbagora.com.br\/storage\/2025\/05\/WhatsApp-Image-2025-05-26-at-14.37.33.jpeg 1600w\" sizes=\"auto, (max-width: 1024px) 100vw, 1024px\"><\/p>\n<p>O Governo do Estado da Para\u00edba, por meio da Pol\u00edcia Civil da Para\u00edba, iniciar\u00e1, nesta ter\u00e7a-feira (27), a\u2026<\/p>\n","protected":false},"author":123457,"featured_media":0,"comment_status":"closed","ping_status":"closed","sticky":false,"template":"","format":"standard","meta":{"advgb_blocks_editor_width":"","advgb_blocks_columns_visual_guide":"","footnotes":""},"categories":[34],"tags":[10841,35,10839],"class_list":["post-57481","post","type-post","status-publish","format-standard","hentry","category-g1","tag-destaque-centro-02","tag-g1","tag-policial"],"author_meta":{"display_name":"Reda\u00e7\u00e3o","author_link":"https:\/\/sindaopcpb.org.br\/author\/redacao\/"},"featured_img":null,"coauthors":[],"tax_additional":{"categories":{"linked":["<a href=\"https:\/\/sindaopcpb.org.br\/g1\/\" class=\"advgb-post-tax-term\">G1<\/a>"],"unlinked":["<span class=\"advgb-post-tax-term\">G1<\/span>"]},"tags":{"linked":["<a href=\"https:\/\/sindaopcpb.org.br\/g1\/\" class=\"advgb-post-tax-term\">Destaque Centro 02<\/a>","<a href=\"https:\/\/sindaopcpb.org.br\/g1\/\" class=\"advgb-post-tax-term\">g1<\/a>","<a href=\"https:\/\/sindaopcpb.org.br\/g1\/\" class=\"advgb-post-tax-term\">Policial<\/a>"],"unlinked":["<span class=\"advgb-post-tax-term\">Destaque Centro 02<\/span>","<span class=\"advgb-post-tax-term\">g1<\/span>","<span class=\"advgb-post-tax-term\">Policial<\/span>"]}},"comment_count":"0","relative_dates":{"created":"Publicado 11 meses atr\u00e1s","modified":"Atualizado 11 meses atr\u00e1s"},"absolute_dates":{"created":"Publicado em 26 de maio de 2025","modified":"Atualizado em 26 de maio de 2025"},"absolute_dates_time":{"created":"Publicado em 26 de maio de 2025 15:07","modified":"Atualizado em 26 de maio de 2025 18:30"},"featured_img_caption":"","series_order":"","_links":{"self":[{"href":"https:\/\/sindaopcpb.org.br\/index.php\/wp-json\/wp\/v2\/posts\/57481","targetHints":{"allow":["GET"]}}],"collection":[{"href":"https:\/\/sindaopcpb.org.br\/index.php\/wp-json\/wp\/v2\/posts"}],"about":[{"href":"https:\/\/sindaopcpb.org.br\/index.php\/wp-json\/wp\/v2\/types\/post"}],"author":[{"embeddable":true,"href":"https:\/\/sindaopcpb.org.br\/index.php\/wp-json\/wp\/v2\/users\/123457"}],"replies":[{"embeddable":true,"href":"https:\/\/sindaopcpb.org.br\/index.php\/wp-json\/wp\/v2\/comments?post=57481"}],"version-history":[{"count":3,"href":"https:\/\/sindaopcpb.org.br\/index.php\/wp-json\/wp\/v2\/posts\/57481\/revisions"}],"predecessor-version":[{"id":57491,"href":"https:\/\/sindaopcpb.org.br\/index.php\/wp-json\/wp\/v2\/posts\/57481\/revisions\/57491"}],"wp:attachment":[{"href":"https:\/\/sindaopcpb.org.br\/index.php\/wp-json\/wp\/v2\/media?parent=57481"}],"wp:term":[{"taxonomy":"category","embeddable":true,"href":"https:\/\/sindaopcpb.org.br\/index.php\/wp-json\/wp\/v2\/categories?post=57481"},{"taxonomy":"post_tag","embeddable":true,"href":"https:\/\/sindaopcpb.org.br\/index.php\/wp-json\/wp\/v2\/tags?post=57481"}],"curies":[{"name":"wp","href":"https:\/\/api.w.org\/{rel}","templated":true}]}}