{"id":57469,"date":"2025-05-26T12:30:34","date_gmt":"2025-05-26T15:30:34","guid":{"rendered":"https:\/\/www.pbagora.com.br\/?p=901399"},"modified":"2025-05-26T14:20:34","modified_gmt":"2025-05-26T17:20:34","slug":"video-reforco-no-policiamento-do-rangel-apos-balas-perdidas-atingirem-moradores","status":"publish","type":"post","link":"https:\/\/sindaopcpb.org.br\/index.php\/2025\/05\/26\/video-reforco-no-policiamento-do-rangel-apos-balas-perdidas-atingirem-moradores\/","title":{"rendered":"(V\u00cdDEO) Refor\u00e7o no policiamento do Rangel ap\u00f3s balas perdidas atingirem moradores"},"content":{"rendered":"<p><img width=\"769\" height=\"501\" src=\"https:\/\/www.pbagora.com.br\/storage\/2025\/05\/Tiroteio-Rangel.jpg\" class=\"attachment-large size-large wp-post-image\" alt=\"\" style=\"margin-bottom: 20px;\" decoding=\"async\" loading=\"lazy\" srcset=\"https:\/\/www.pbagora.com.br\/storage\/2025\/05\/Tiroteio-Rangel.jpg 769w, https:\/\/www.pbagora.com.br\/storage\/2025\/05\/Tiroteio-Rangel-300x195.jpg 300w, https:\/\/www.pbagora.com.br\/storage\/2025\/05\/Tiroteio-Rangel-150x98.jpg 150w, https:\/\/www.pbagora.com.br\/storage\/2025\/05\/Tiroteio-Rangel-380x248.jpg 380w, https:\/\/www.pbagora.com.br\/storage\/2025\/05\/Tiroteio-Rangel-80x52.jpg 80w, https:\/\/www.pbagora.com.br\/storage\/2025\/05\/Tiroteio-Rangel-760x495.jpg 760w, https:\/\/www.pbagora.com.br\/storage\/2025\/05\/Tiroteio-Rangel-600x391.jpg 600w\" sizes=\"auto, (max-width: 769px) 100vw, 769px\" \/><\/p>\n<p>A onda de viol\u00eancia no bairro do Rangel, na Zona Sul de Jo\u00e3o Pessoa, motivou um refor\u00e7o da seguran\u00e7a p\u00fablica na regi\u00e3o a partir desta segunda-feira (26), com a\u00e7\u00f5es ostensivas e preventivas por parte da Pol\u00edcia Militar. Durante o fim de semana, foram registrados um assassinato, outras tentativas de homic\u00eddios e ainda pessoas atingidas por balas perdidas na localidade.<\/p>\n\n\n\n<p>De acordo com a major Carla Marques, a Pol\u00edcia Militar intensificou as a\u00e7\u00f5es na regi\u00e3o nesse in\u00edcio de semana. \u201cEstamos realizando, aqui na \u00e1rea do Cristo Rangel, uma opera\u00e7\u00e3o, realizando v\u00e1rios check points e incurs\u00f5es nas comunidades, como forma de intensificar o policiamento, a presen\u00e7a da pol\u00edcia nessas \u00e1reas. O objetivo \u00e9 trazer uma sensa\u00e7\u00e3o de seguran\u00e7a para a popula\u00e7\u00e3o local\u201d, detalhou.<\/p>\n\n\n\n<p>A agente de seguran\u00e7a ressaltou que \u00e1rea do Cristo \/ Rangel foi marcada diversas pris\u00f5es importantes esse ano. \u201cA Pol\u00edcia Militar n\u00e3o est\u00e1 indiferente e nem insens\u00edvel a essa situa\u00e7\u00e3o. Nossas equipes est\u00e3o trabalhando, agindo, para que em breve esses criminosos possam estar no lugar que deveriam estar, que \u00e9 atr\u00e1s das grades\u201d, acrescentou.<\/p>\n\n\n\n<p>Por fim, a major Carla revelou dados alarmantes em rela\u00e7\u00e3o ao grau de reincid\u00eancia dos criminosos que atuam na capital paraibana. \u201cDentro dessas pris\u00f5es realizadas neste ano, um muito grande, eu chego a dizer que cerca de 90% eram reincidentes. Ou seja, s\u00e3o criminosos que cometem os crimes, s\u00e3o postos para responder em liberdade e voltam a amea\u00e7ar a vida da popula\u00e7\u00e3o\u201d, lamentou a pol\u00edcia.<\/p>\n\n\n\n<p>Entre os casos mais graves registrados durante o fim de semana est\u00e1 o tiroteio que ocorreu na tarde do s\u00e1bado (24), que deixou pelo menos duas pessoas feridas em Jo\u00e3o Pessoa. O caso foi registrado por c\u00e2meras de seguran\u00e7a. As v\u00edtimas, de 44 e 50 anos, foram socorridas para o Hospital de Trauma de Jo\u00e3o Pessoa. &nbsp;O homem de 44 anos j\u00e1 recebeu alta, mas o de 50 segue internado, com quadro cl\u00ednico est\u00e1vel.<\/p>\n\n\n\n<p>Confira o momento dos disparos:<\/p>\n\n\n\n<figure class=\"wp-block-embed is-type-video is-provider-youtube wp-block-embed-youtube wp-embed-aspect-4-3 wp-has-aspect-ratio\"><div class=\"wp-block-embed__wrapper\">\n<iframe loading=\"lazy\" title=\"Policiamento \u00e9 ampliado no Cristo e Rangel ap\u00f3s moradores serem atingidos por balas perdidas\" width=\"1200\" height=\"900\" src=\"https:\/\/www.youtube.com\/embed\/tf5y2ejqOc8?feature=oembed\" frameborder=\"0\" allow=\"accelerometer; autoplay; clipboard-write; encrypted-media; gyroscope; picture-in-picture; web-share\" referrerpolicy=\"strict-origin-when-cross-origin\" allowfullscreen><\/iframe>\n<\/div><\/figure>\n\n\n\n<p>No mesmo dia, um jovem de 19 anos havia sido assassinado a tiros tamb\u00e9m no bairro do Rangel. Pouco tempo depois, mais um homem foi baleado na regi\u00e3o e socorrido para o Hospital de Trauma da Capital. Na manh\u00e3 desta segunda-feira (26), uma adolescente de 16 anos ainda foi atingida por disparos de arma de fogo e tamb\u00e9m segue internada no Hospital de Trauma.<\/p>\n\n\n\n<p><strong><em>PB AGORA<\/em><\/strong><\/p>\n","protected":false},"excerpt":{"rendered":"<p><img loading=\"lazy\" decoding=\"async\" width=\"769\" height=\"501\" src=\"https:\/\/www.pbagora.com.br\/storage\/2025\/05\/Tiroteio-Rangel.jpg\" class=\"attachment-large size-large wp-post-image\" alt=\"\" srcset=\"https:\/\/www.pbagora.com.br\/storage\/2025\/05\/Tiroteio-Rangel.jpg 769w, https:\/\/www.pbagora.com.br\/storage\/2025\/05\/Tiroteio-Rangel-300x195.jpg 300w, https:\/\/www.pbagora.com.br\/storage\/2025\/05\/Tiroteio-Rangel-150x98.jpg 150w, https:\/\/www.pbagora.com.br\/storage\/2025\/05\/Tiroteio-Rangel-380x248.jpg 380w, https:\/\/www.pbagora.com.br\/storage\/2025\/05\/Tiroteio-Rangel-80x52.jpg 80w, https:\/\/www.pbagora.com.br\/storage\/2025\/05\/Tiroteio-Rangel-760x495.jpg 760w, https:\/\/www.pbagora.com.br\/storage\/2025\/05\/Tiroteio-Rangel-600x391.jpg 600w\" sizes=\"auto, (max-width: 769px) 100vw, 769px\"><\/p>\n<p>A onda de viol\u00eancia no bairro do Rangel, na Zona Sul de Jo\u00e3o Pessoa, motivou um refor\u00e7o da\u2026<\/p>\n","protected":false},"author":123457,"featured_media":0,"comment_status":"closed","ping_status":"closed","sticky":false,"template":"","format":"standard","meta":{"advgb_blocks_editor_width":"","advgb_blocks_columns_visual_guide":"","footnotes":""},"categories":[34],"tags":[10841,35,10839],"class_list":["post-57469","post","type-post","status-publish","format-standard","hentry","category-g1","tag-destaque-centro-02","tag-g1","tag-policial"],"author_meta":{"display_name":"Reda\u00e7\u00e3o","author_link":"https:\/\/sindaopcpb.org.br\/author\/redacao\/"},"featured_img":null,"coauthors":[],"tax_additional":{"categories":{"linked":["<a href=\"https:\/\/sindaopcpb.org.br\/g1\/\" class=\"advgb-post-tax-term\">G1<\/a>"],"unlinked":["<span class=\"advgb-post-tax-term\">G1<\/span>"]},"tags":{"linked":["<a href=\"https:\/\/sindaopcpb.org.br\/g1\/\" class=\"advgb-post-tax-term\">Destaque Centro 02<\/a>","<a href=\"https:\/\/sindaopcpb.org.br\/g1\/\" class=\"advgb-post-tax-term\">g1<\/a>","<a href=\"https:\/\/sindaopcpb.org.br\/g1\/\" class=\"advgb-post-tax-term\">Policial<\/a>"],"unlinked":["<span class=\"advgb-post-tax-term\">Destaque Centro 02<\/span>","<span class=\"advgb-post-tax-term\">g1<\/span>","<span class=\"advgb-post-tax-term\">Policial<\/span>"]}},"comment_count":"0","relative_dates":{"created":"Publicado 11 meses atr\u00e1s","modified":"Atualizado 11 meses atr\u00e1s"},"absolute_dates":{"created":"Publicado em 26 de maio de 2025","modified":"Atualizado em 26 de maio de 2025"},"absolute_dates_time":{"created":"Publicado em 26 de maio de 2025 12:30","modified":"Atualizado em 26 de maio de 2025 14:20"},"featured_img_caption":"","series_order":"","_links":{"self":[{"href":"https:\/\/sindaopcpb.org.br\/index.php\/wp-json\/wp\/v2\/posts\/57469","targetHints":{"allow":["GET"]}}],"collection":[{"href":"https:\/\/sindaopcpb.org.br\/index.php\/wp-json\/wp\/v2\/posts"}],"about":[{"href":"https:\/\/sindaopcpb.org.br\/index.php\/wp-json\/wp\/v2\/types\/post"}],"author":[{"embeddable":true,"href":"https:\/\/sindaopcpb.org.br\/index.php\/wp-json\/wp\/v2\/users\/123457"}],"replies":[{"embeddable":true,"href":"https:\/\/sindaopcpb.org.br\/index.php\/wp-json\/wp\/v2\/comments?post=57469"}],"version-history":[{"count":3,"href":"https:\/\/sindaopcpb.org.br\/index.php\/wp-json\/wp\/v2\/posts\/57469\/revisions"}],"predecessor-version":[{"id":57484,"href":"https:\/\/sindaopcpb.org.br\/index.php\/wp-json\/wp\/v2\/posts\/57469\/revisions\/57484"}],"wp:attachment":[{"href":"https:\/\/sindaopcpb.org.br\/index.php\/wp-json\/wp\/v2\/media?parent=57469"}],"wp:term":[{"taxonomy":"category","embeddable":true,"href":"https:\/\/sindaopcpb.org.br\/index.php\/wp-json\/wp\/v2\/categories?post=57469"},{"taxonomy":"post_tag","embeddable":true,"href":"https:\/\/sindaopcpb.org.br\/index.php\/wp-json\/wp\/v2\/tags?post=57469"}],"curies":[{"name":"wp","href":"https:\/\/api.w.org\/{rel}","templated":true}]}}