{"id":57465,"date":"2025-05-26T10:18:59","date_gmt":"2025-05-26T13:18:59","guid":{"rendered":"https:\/\/www.pbagora.com.br\/?p=901377"},"modified":"2025-05-26T10:18:59","modified_gmt":"2025-05-26T13:18:59","slug":"durante-fiscalizacao-na-br-361-em-patos-prf-flagra-condutor-embriagado","status":"publish","type":"post","link":"https:\/\/sindaopcpb.org.br\/index.php\/2025\/05\/26\/durante-fiscalizacao-na-br-361-em-patos-prf-flagra-condutor-embriagado\/","title":{"rendered":"Durante fiscaliza\u00e7\u00e3o na BR-361 em Patos, PRF flagra condutor embriagado"},"content":{"rendered":"<p><img width=\"479\" height=\"350\" src=\"https:\/\/www.pbagora.com.br\/storage\/2025\/05\/bafomtro.jpg\" class=\"attachment-large size-large wp-post-image\" alt=\"\" style=\"margin-bottom: 20px;\" decoding=\"async\" srcset=\"https:\/\/www.pbagora.com.br\/storage\/2025\/05\/bafomtro.jpg 479w, https:\/\/www.pbagora.com.br\/storage\/2025\/05\/bafomtro-300x219.jpg 300w, https:\/\/www.pbagora.com.br\/storage\/2025\/05\/bafomtro-150x110.jpg 150w, https:\/\/www.pbagora.com.br\/storage\/2025\/05\/bafomtro-380x278.jpg 380w, https:\/\/www.pbagora.com.br\/storage\/2025\/05\/bafomtro-80x58.jpg 80w\" sizes=\"(max-width: 479px) 100vw, 479px\" \/><\/p>\n<p>A Pol\u00edcia Rodovi\u00e1ria Federal (PRF) na Para\u00edba flagrou, na tarde do \u00faltimo domingo (25), no sert\u00e3o paraibano, o condutor de um ciclomotor transitando pela rodovia federal, tendo feito ingest\u00e3o de bebida alco\u00f3lica.<\/p>\n\n\n\n<p>De acordo com as informa\u00e7\u00f5s, uma equipe da PRF realizava um trabalho de fiscaliza\u00e7\u00e3o de rotina no quil\u00f4metro cinco da BR-361. A a\u00e7\u00e3o, que visa garantir a seguran\u00e7a vi\u00e1ria e coibir infra\u00e7\u00f5es de tr\u00e2nsito, resultou na abordagem de um ciclomotor modelo Shineray XY 50.<\/p>\n\n\n\n<p>Durante a fiscaliza\u00e7\u00e3o, os policiais rodovi\u00e1rios federais constataram sinais que motivaram a realiza\u00e7\u00e3o do teste de alcoolemia no condutor do ve\u00edculo, um homem de 39 anos. Ao ser submetido ao exame com o etil\u00f4metro, o resultado confirmou a suspeita, indicando um teor de 0.69 miligramas de \u00e1lcool por litro de ar expelido. Este valor \u00e9 superior ao limite legal estabelecido pela legisla\u00e7\u00e3o de tr\u00e2nsito brasileira, caracterizando o crime de embriaguez ao volante, conforme o Art. 306 da Lei 9.503\/1997 (C\u00f3digo de Tr\u00e2nsito Brasileiro).<\/p>\n\n\n\n<p>Diante da constata\u00e7\u00e3o da infra\u00e7\u00e3o e do crime, a equipe da PRF lavrou o auto de infra\u00e7\u00e3o por dirigir sob a influ\u00eancia de \u00e1lcool. Em seguida, o condutor foi detido e encaminhado para a Delegacia de Pol\u00edcia Judici\u00e1ria, onde ser\u00e3o realizados os procedimentos legais cab\u00edveis.<\/p>\n\n\n\n<p>O ciclomotor, por n\u00e3o apresentar irregularidades que justificassem sua remo\u00e7\u00e3o, foi liberado para um condutor habilitado, indicado pelo abordado, que tamb\u00e9m foi submetido ao teste de alcoolemia, apresentando resultado de 0,00 mg\/l. Esta a\u00e7\u00e3o demonstra o trabalho constante da PRF na Para\u00edba para garantir a seguran\u00e7a nas rodovias federais e retirar de circula\u00e7\u00e3o condutores que colocam em risco a pr\u00f3pria vida e a de terceiros.<\/p>\n\n\n\n<p><strong><em>PB Agora<\/em><\/strong><\/p>\n","protected":false},"excerpt":{"rendered":"<p><img loading=\"lazy\" decoding=\"async\" width=\"479\" height=\"350\" src=\"https:\/\/www.pbagora.com.br\/storage\/2025\/05\/bafomtro.jpg\" class=\"attachment-large size-large wp-post-image\" alt=\"\" srcset=\"https:\/\/www.pbagora.com.br\/storage\/2025\/05\/bafomtro.jpg 479w, https:\/\/www.pbagora.com.br\/storage\/2025\/05\/bafomtro-300x219.jpg 300w, https:\/\/www.pbagora.com.br\/storage\/2025\/05\/bafomtro-150x110.jpg 150w, https:\/\/www.pbagora.com.br\/storage\/2025\/05\/bafomtro-380x278.jpg 380w, https:\/\/www.pbagora.com.br\/storage\/2025\/05\/bafomtro-80x58.jpg 80w\" sizes=\"auto, (max-width: 479px) 100vw, 479px\"><\/p>\n<p>A Pol\u00edcia Rodovi\u00e1ria Federal (PRF) na Para\u00edba flagrou, na tarde do \u00faltimo domingo (25), no sert\u00e3o paraibano, o\u2026<\/p>\n","protected":false},"author":123457,"featured_media":0,"comment_status":"closed","ping_status":"closed","sticky":false,"template":"","format":"standard","meta":{"advgb_blocks_editor_width":"","advgb_blocks_columns_visual_guide":"","footnotes":""},"categories":[34],"tags":[35,10839,10842],"class_list":["post-57465","post","type-post","status-publish","format-standard","hentry","category-g1","tag-g1","tag-policial","tag-principal3"],"author_meta":{"display_name":"Reda\u00e7\u00e3o","author_link":"https:\/\/sindaopcpb.org.br\/author\/redacao\/"},"featured_img":null,"coauthors":[],"tax_additional":{"categories":{"linked":["<a href=\"https:\/\/sindaopcpb.org.br\/g1\/\" class=\"advgb-post-tax-term\">G1<\/a>"],"unlinked":["<span class=\"advgb-post-tax-term\">G1<\/span>"]},"tags":{"linked":["<a href=\"https:\/\/sindaopcpb.org.br\/g1\/\" class=\"advgb-post-tax-term\">g1<\/a>","<a href=\"https:\/\/sindaopcpb.org.br\/g1\/\" class=\"advgb-post-tax-term\">Policial<\/a>","<a href=\"https:\/\/sindaopcpb.org.br\/g1\/\" class=\"advgb-post-tax-term\">Principal3<\/a>"],"unlinked":["<span class=\"advgb-post-tax-term\">g1<\/span>","<span class=\"advgb-post-tax-term\">Policial<\/span>","<span class=\"advgb-post-tax-term\">Principal3<\/span>"]}},"comment_count":"0","relative_dates":{"created":"Publicado 11 meses atr\u00e1s","modified":"Atualizado 11 meses atr\u00e1s"},"absolute_dates":{"created":"Publicado em 26 de maio de 2025","modified":"Atualizado em 26 de maio de 2025"},"absolute_dates_time":{"created":"Publicado em 26 de maio de 2025 10:18","modified":"Atualizado em 26 de maio de 2025 10:18"},"featured_img_caption":"","series_order":"","_links":{"self":[{"href":"https:\/\/sindaopcpb.org.br\/index.php\/wp-json\/wp\/v2\/posts\/57465","targetHints":{"allow":["GET"]}}],"collection":[{"href":"https:\/\/sindaopcpb.org.br\/index.php\/wp-json\/wp\/v2\/posts"}],"about":[{"href":"https:\/\/sindaopcpb.org.br\/index.php\/wp-json\/wp\/v2\/types\/post"}],"author":[{"embeddable":true,"href":"https:\/\/sindaopcpb.org.br\/index.php\/wp-json\/wp\/v2\/users\/123457"}],"replies":[{"embeddable":true,"href":"https:\/\/sindaopcpb.org.br\/index.php\/wp-json\/wp\/v2\/comments?post=57465"}],"version-history":[{"count":2,"href":"https:\/\/sindaopcpb.org.br\/index.php\/wp-json\/wp\/v2\/posts\/57465\/revisions"}],"predecessor-version":[{"id":57477,"href":"https:\/\/sindaopcpb.org.br\/index.php\/wp-json\/wp\/v2\/posts\/57465\/revisions\/57477"}],"wp:attachment":[{"href":"https:\/\/sindaopcpb.org.br\/index.php\/wp-json\/wp\/v2\/media?parent=57465"}],"wp:term":[{"taxonomy":"category","embeddable":true,"href":"https:\/\/sindaopcpb.org.br\/index.php\/wp-json\/wp\/v2\/categories?post=57465"},{"taxonomy":"post_tag","embeddable":true,"href":"https:\/\/sindaopcpb.org.br\/index.php\/wp-json\/wp\/v2\/tags?post=57465"}],"curies":[{"name":"wp","href":"https:\/\/api.w.org\/{rel}","templated":true}]}}