{"id":57461,"date":"2025-05-26T07:12:53","date_gmt":"2025-05-26T10:12:53","guid":{"rendered":"https:\/\/www.pbagora.com.br\/?p=901335"},"modified":"2025-05-26T11:12:53","modified_gmt":"2025-05-26T14:12:53","slug":"acidente-entre-carro-e-moto-deixa-motociclista-ferido-no-bairro-tibiri-proximo-ao-retorno-para-a-br-230","status":"publish","type":"post","link":"https:\/\/sindaopcpb.org.br\/index.php\/2025\/05\/26\/acidente-entre-carro-e-moto-deixa-motociclista-ferido-no-bairro-tibiri-proximo-ao-retorno-para-a-br-230\/","title":{"rendered":"Acidente entre carro e moto deixa motociclista ferido no bairro Tibiri, pr\u00f3ximo ao retorno para a BR-230"},"content":{"rendered":"<p><img width=\"938\" height=\"428\" src=\"https:\/\/www.pbagora.com.br\/storage\/2025\/05\/Sem-titulo-18.jpg\" class=\"attachment-large size-large wp-post-image\" alt=\"\" style=\"margin-bottom: 20px;\" decoding=\"async\" loading=\"lazy\" srcset=\"https:\/\/www.pbagora.com.br\/storage\/2025\/05\/Sem-titulo-18.jpg 938w, https:\/\/www.pbagora.com.br\/storage\/2025\/05\/Sem-titulo-18-300x137.jpg 300w, https:\/\/www.pbagora.com.br\/storage\/2025\/05\/Sem-titulo-18-150x68.jpg 150w, https:\/\/www.pbagora.com.br\/storage\/2025\/05\/Sem-titulo-18-768x350.jpg 768w, https:\/\/www.pbagora.com.br\/storage\/2025\/05\/Sem-titulo-18-380x173.jpg 380w, https:\/\/www.pbagora.com.br\/storage\/2025\/05\/Sem-titulo-18-800x365.jpg 800w, https:\/\/www.pbagora.com.br\/storage\/2025\/05\/Sem-titulo-18-80x37.jpg 80w, https:\/\/www.pbagora.com.br\/storage\/2025\/05\/Sem-titulo-18-760x347.jpg 760w, https:\/\/www.pbagora.com.br\/storage\/2025\/05\/Sem-titulo-18-600x274.jpg 600w\" sizes=\"auto, (max-width: 938px) 100vw, 938px\" \/><\/p>\n<p><\/p>\n\n\n\n<p>Uma colis\u00e3o envolvendo um carro e uma motocicleta deixou um homem ferido na tarde de ontem (25), no bairro Tibiri, pr\u00f3ximo ao retorno para a BR-230, no munic\u00edpio de Santa Rita, Regi\u00e3o Metropolitana de Jo\u00e3o Pessoa.<\/p>\n\n\n\n<p>Segundo dados iniciais da pol\u00edcia, o motociclista, de 52 anos, sofreu fraturas nas pernas em decorr\u00eancia da colis\u00e3o, segundo informa\u00e7\u00f5es do Servi\u00e7o de Atendimento M\u00f3vel de Urg\u00eancia (SAMU). A v\u00edtima recebeu os primeiros socorros ainda no local e foi encaminhada em estado est\u00e1vel ao Hospital de Emerg\u00eancia e Trauma da capital.<\/p>\n\n\n\n<p>Ap\u00f3s o acidente, policiais do Batalh\u00e3o de Pol\u00edcia de Tr\u00e2nsito (BPtran) abordaram o motorista do ve\u00edculo envolvido, que foi encontrado com latas de cerveja dentro do carro. O condutor foi levado para a 6\u00aa Delegacia Distrital de Santa Rita, onde dever\u00e1 responder conforme as medidas previstas em lei.<\/p>\n\n\n\n<p>Reda\u00e7\u00e3o<\/p>\n","protected":false},"excerpt":{"rendered":"<p><img decoding=\"async\" width=\"938\" height=\"428\" src=\"https:\/\/www.pbagora.com.br\/storage\/2025\/05\/Sem-titulo-18.jpg\" class=\"attachment-large size-large wp-post-image\" alt=\"\" loading=\"lazy\" srcset=\"https:\/\/www.pbagora.com.br\/storage\/2025\/05\/Sem-titulo-18.jpg 938w, https:\/\/www.pbagora.com.br\/storage\/2025\/05\/Sem-titulo-18-300x137.jpg 300w, https:\/\/www.pbagora.com.br\/storage\/2025\/05\/Sem-titulo-18-150x68.jpg 150w, https:\/\/www.pbagora.com.br\/storage\/2025\/05\/Sem-titulo-18-768x350.jpg 768w, https:\/\/www.pbagora.com.br\/storage\/2025\/05\/Sem-titulo-18-380x173.jpg 380w, https:\/\/www.pbagora.com.br\/storage\/2025\/05\/Sem-titulo-18-800x365.jpg 800w, https:\/\/www.pbagora.com.br\/storage\/2025\/05\/Sem-titulo-18-80x37.jpg 80w, https:\/\/www.pbagora.com.br\/storage\/2025\/05\/Sem-titulo-18-760x347.jpg 760w, https:\/\/www.pbagora.com.br\/storage\/2025\/05\/Sem-titulo-18-600x274.jpg 600w\" sizes=\"auto, (max-width: 938px) 100vw, 938px\"><\/p>\n<p>Uma colis\u00e3o envolvendo um carro e uma motocicleta deixou um homem ferido na tarde de ontem (25), no\u2026<\/p>\n","protected":false},"author":123457,"featured_media":0,"comment_status":"closed","ping_status":"closed","sticky":false,"template":"","format":"standard","meta":{"advgb_blocks_editor_width":"","advgb_blocks_columns_visual_guide":"","footnotes":""},"categories":[34],"tags":[35,10839,10848],"class_list":["post-57461","post","type-post","status-publish","format-standard","hentry","category-g1","tag-g1","tag-policial","tag-rodape-01"],"author_meta":{"display_name":"Reda\u00e7\u00e3o","author_link":"https:\/\/sindaopcpb.org.br\/author\/redacao\/"},"featured_img":null,"coauthors":[],"tax_additional":{"categories":{"linked":["<a href=\"https:\/\/sindaopcpb.org.br\/g1\/\" class=\"advgb-post-tax-term\">G1<\/a>"],"unlinked":["<span class=\"advgb-post-tax-term\">G1<\/span>"]},"tags":{"linked":["<a href=\"https:\/\/sindaopcpb.org.br\/g1\/\" class=\"advgb-post-tax-term\">g1<\/a>","<a href=\"https:\/\/sindaopcpb.org.br\/g1\/\" class=\"advgb-post-tax-term\">Policial<\/a>","<a href=\"https:\/\/sindaopcpb.org.br\/g1\/\" class=\"advgb-post-tax-term\">Rodape 01<\/a>"],"unlinked":["<span class=\"advgb-post-tax-term\">g1<\/span>","<span class=\"advgb-post-tax-term\">Policial<\/span>","<span class=\"advgb-post-tax-term\">Rodape 01<\/span>"]}},"comment_count":"0","relative_dates":{"created":"Publicado 11 meses atr\u00e1s","modified":"Atualizado 11 meses atr\u00e1s"},"absolute_dates":{"created":"Publicado em 26 de maio de 2025","modified":"Atualizado em 26 de maio de 2025"},"absolute_dates_time":{"created":"Publicado em 26 de maio de 2025 07:12","modified":"Atualizado em 26 de maio de 2025 11:12"},"featured_img_caption":"","series_order":"","_links":{"self":[{"href":"https:\/\/sindaopcpb.org.br\/index.php\/wp-json\/wp\/v2\/posts\/57461","targetHints":{"allow":["GET"]}}],"collection":[{"href":"https:\/\/sindaopcpb.org.br\/index.php\/wp-json\/wp\/v2\/posts"}],"about":[{"href":"https:\/\/sindaopcpb.org.br\/index.php\/wp-json\/wp\/v2\/types\/post"}],"author":[{"embeddable":true,"href":"https:\/\/sindaopcpb.org.br\/index.php\/wp-json\/wp\/v2\/users\/123457"}],"replies":[{"embeddable":true,"href":"https:\/\/sindaopcpb.org.br\/index.php\/wp-json\/wp\/v2\/comments?post=57461"}],"version-history":[{"count":3,"href":"https:\/\/sindaopcpb.org.br\/index.php\/wp-json\/wp\/v2\/posts\/57461\/revisions"}],"predecessor-version":[{"id":57476,"href":"https:\/\/sindaopcpb.org.br\/index.php\/wp-json\/wp\/v2\/posts\/57461\/revisions\/57476"}],"wp:attachment":[{"href":"https:\/\/sindaopcpb.org.br\/index.php\/wp-json\/wp\/v2\/media?parent=57461"}],"wp:term":[{"taxonomy":"category","embeddable":true,"href":"https:\/\/sindaopcpb.org.br\/index.php\/wp-json\/wp\/v2\/categories?post=57461"},{"taxonomy":"post_tag","embeddable":true,"href":"https:\/\/sindaopcpb.org.br\/index.php\/wp-json\/wp\/v2\/tags?post=57461"}],"curies":[{"name":"wp","href":"https:\/\/api.w.org\/{rel}","templated":true}]}}