{"id":57459,"date":"2025-05-26T07:17:05","date_gmt":"2025-05-26T10:17:05","guid":{"rendered":"https:\/\/www.pbagora.com.br\/?p=901338"},"modified":"2025-05-26T11:17:05","modified_gmt":"2025-05-26T14:17:05","slug":"uma-pessoa-morre-e-outras-duas-ficam-feridos-apos-colisao-entre-motos-em-santa-rita","status":"publish","type":"post","link":"https:\/\/sindaopcpb.org.br\/index.php\/2025\/05\/26\/uma-pessoa-morre-e-outras-duas-ficam-feridos-apos-colisao-entre-motos-em-santa-rita\/","title":{"rendered":"Uma pessoa morre e outras duas ficam feridos ap\u00f3s colis\u00e3o entre motos em Santa Rita"},"content":{"rendered":"<p><img width=\"1024\" height=\"576\" src=\"https:\/\/www.pbagora.com.br\/storage\/2025\/05\/Homem-morre-e-outros-dois-ficam-feridos-apos-colisao-entre-motos-na-Grande-Joao-Pessoa-1024x576.png\" class=\"attachment-large size-large wp-post-image\" alt=\"\" style=\"margin-bottom: 20px;\" decoding=\"async\" loading=\"lazy\" srcset=\"https:\/\/www.pbagora.com.br\/storage\/2025\/05\/Homem-morre-e-outros-dois-ficam-feridos-apos-colisao-entre-motos-na-Grande-Joao-Pessoa-1024x576.png 1024w, https:\/\/www.pbagora.com.br\/storage\/2025\/05\/Homem-morre-e-outros-dois-ficam-feridos-apos-colisao-entre-motos-na-Grande-Joao-Pessoa-300x169.png 300w, https:\/\/www.pbagora.com.br\/storage\/2025\/05\/Homem-morre-e-outros-dois-ficam-feridos-apos-colisao-entre-motos-na-Grande-Joao-Pessoa-150x84.png 150w, https:\/\/www.pbagora.com.br\/storage\/2025\/05\/Homem-morre-e-outros-dois-ficam-feridos-apos-colisao-entre-motos-na-Grande-Joao-Pessoa-768x432.png 768w, https:\/\/www.pbagora.com.br\/storage\/2025\/05\/Homem-morre-e-outros-dois-ficam-feridos-apos-colisao-entre-motos-na-Grande-Joao-Pessoa-1536x864.png 1536w, https:\/\/www.pbagora.com.br\/storage\/2025\/05\/Homem-morre-e-outros-dois-ficam-feridos-apos-colisao-entre-motos-na-Grande-Joao-Pessoa-380x214.png 380w, https:\/\/www.pbagora.com.br\/storage\/2025\/05\/Homem-morre-e-outros-dois-ficam-feridos-apos-colisao-entre-motos-na-Grande-Joao-Pessoa-800x450.png 800w, https:\/\/www.pbagora.com.br\/storage\/2025\/05\/Homem-morre-e-outros-dois-ficam-feridos-apos-colisao-entre-motos-na-Grande-Joao-Pessoa-1160x653.png 1160w, https:\/\/www.pbagora.com.br\/storage\/2025\/05\/Homem-morre-e-outros-dois-ficam-feridos-apos-colisao-entre-motos-na-Grande-Joao-Pessoa-80x46.png 80w, https:\/\/www.pbagora.com.br\/storage\/2025\/05\/Homem-morre-e-outros-dois-ficam-feridos-apos-colisao-entre-motos-na-Grande-Joao-Pessoa-760x428.png 760w, https:\/\/www.pbagora.com.br\/storage\/2025\/05\/Homem-morre-e-outros-dois-ficam-feridos-apos-colisao-entre-motos-na-Grande-Joao-Pessoa-600x338.png 600w, https:\/\/www.pbagora.com.br\/storage\/2025\/05\/Homem-morre-e-outros-dois-ficam-feridos-apos-colisao-entre-motos-na-Grande-Joao-Pessoa.png 1920w\" sizes=\"auto, (max-width: 1024px) 100vw, 1024px\" \/><\/p>\n<p><\/p>\n\n\n\n<p>Um homem de 58 anos morreu, na manh\u00e3 de hoje (26), ap\u00f3s um acidente entre duas motos no bairro de V\u00e1rzea Nova, em Santa Rita, na Grande Jo\u00e3o Pessoa. Outras duas v\u00edtimas foram socorridas. Assista ao v\u00eddeo abaixo.<\/p>\n\n\n\n<p>Segundo informa\u00e7\u00f5es de testemunhas, a colis\u00e3o aconteceu envolvendo duas motos. A v\u00edtima fatal teria batido fortemente a cabe\u00e7a no ch\u00e3o e n\u00e3o resistiu aos ferimentos e morreu no local.<\/p>\n\n\n\n<p>As outras duas v\u00edtimas se trata de um motouber e o passageiro. Eles foram socorridos por ambul\u00e2ncias de Resgate do Corpo de Bombeiros para o Hospital de Emerg\u00eancia e Trauma da Capital.<\/p>\n\n\n\n<p>At\u00e9 a publica\u00e7\u00e3o desta mat\u00e9ria n\u00e3o havia informa\u00e7\u00f5es de como teria acontecido o acidente.<\/p>\n\n\n\n<p>Reda\u00e7\u00e3o<\/p>\n","protected":false},"excerpt":{"rendered":"<p><img decoding=\"async\" width=\"1024\" height=\"576\" src=\"https:\/\/www.pbagora.com.br\/storage\/2025\/05\/Homem-morre-e-outros-dois-ficam-feridos-apos-colisao-entre-motos-na-Grande-Joao-Pessoa-1024x576.png\" class=\"attachment-large size-large wp-post-image\" alt=\"\" loading=\"lazy\" srcset=\"https:\/\/www.pbagora.com.br\/storage\/2025\/05\/Homem-morre-e-outros-dois-ficam-feridos-apos-colisao-entre-motos-na-Grande-Joao-Pessoa-1024x576.png 1024w, https:\/\/www.pbagora.com.br\/storage\/2025\/05\/Homem-morre-e-outros-dois-ficam-feridos-apos-colisao-entre-motos-na-Grande-Joao-Pessoa-300x169.png 300w, https:\/\/www.pbagora.com.br\/storage\/2025\/05\/Homem-morre-e-outros-dois-ficam-feridos-apos-colisao-entre-motos-na-Grande-Joao-Pessoa-150x84.png 150w, https:\/\/www.pbagora.com.br\/storage\/2025\/05\/Homem-morre-e-outros-dois-ficam-feridos-apos-colisao-entre-motos-na-Grande-Joao-Pessoa-768x432.png 768w, https:\/\/www.pbagora.com.br\/storage\/2025\/05\/Homem-morre-e-outros-dois-ficam-feridos-apos-colisao-entre-motos-na-Grande-Joao-Pessoa-1536x864.png 1536w, https:\/\/www.pbagora.com.br\/storage\/2025\/05\/Homem-morre-e-outros-dois-ficam-feridos-apos-colisao-entre-motos-na-Grande-Joao-Pessoa-380x214.png 380w, https:\/\/www.pbagora.com.br\/storage\/2025\/05\/Homem-morre-e-outros-dois-ficam-feridos-apos-colisao-entre-motos-na-Grande-Joao-Pessoa-800x450.png 800w, https:\/\/www.pbagora.com.br\/storage\/2025\/05\/Homem-morre-e-outros-dois-ficam-feridos-apos-colisao-entre-motos-na-Grande-Joao-Pessoa-1160x653.png 1160w, https:\/\/www.pbagora.com.br\/storage\/2025\/05\/Homem-morre-e-outros-dois-ficam-feridos-apos-colisao-entre-motos-na-Grande-Joao-Pessoa-80x46.png 80w, https:\/\/www.pbagora.com.br\/storage\/2025\/05\/Homem-morre-e-outros-dois-ficam-feridos-apos-colisao-entre-motos-na-Grande-Joao-Pessoa-760x428.png 760w, https:\/\/www.pbagora.com.br\/storage\/2025\/05\/Homem-morre-e-outros-dois-ficam-feridos-apos-colisao-entre-motos-na-Grande-Joao-Pessoa-600x338.png 600w, https:\/\/www.pbagora.com.br\/storage\/2025\/05\/Homem-morre-e-outros-dois-ficam-feridos-apos-colisao-entre-motos-na-Grande-Joao-Pessoa.png 1920w\" sizes=\"auto, (max-width: 1024px) 100vw, 1024px\"><\/p>\n<p>Um homem de 58 anos morreu, na manh\u00e3 de hoje (26), ap\u00f3s um acidente entre duas motos no\u2026<\/p>\n","protected":false},"author":123457,"featured_media":0,"comment_status":"closed","ping_status":"closed","sticky":false,"template":"","format":"standard","meta":{"advgb_blocks_editor_width":"","advgb_blocks_columns_visual_guide":"","footnotes":""},"categories":[34],"tags":[35,10839,10846],"class_list":["post-57459","post","type-post","status-publish","format-standard","hentry","category-g1","tag-g1","tag-policial","tag-rodape-02"],"author_meta":{"display_name":"Reda\u00e7\u00e3o","author_link":"https:\/\/sindaopcpb.org.br\/author\/redacao\/"},"featured_img":null,"coauthors":[],"tax_additional":{"categories":{"linked":["<a href=\"https:\/\/sindaopcpb.org.br\/g1\/\" class=\"advgb-post-tax-term\">G1<\/a>"],"unlinked":["<span class=\"advgb-post-tax-term\">G1<\/span>"]},"tags":{"linked":["<a href=\"https:\/\/sindaopcpb.org.br\/g1\/\" class=\"advgb-post-tax-term\">g1<\/a>","<a href=\"https:\/\/sindaopcpb.org.br\/g1\/\" class=\"advgb-post-tax-term\">Policial<\/a>","<a href=\"https:\/\/sindaopcpb.org.br\/g1\/\" class=\"advgb-post-tax-term\">Rodape 02<\/a>"],"unlinked":["<span class=\"advgb-post-tax-term\">g1<\/span>","<span class=\"advgb-post-tax-term\">Policial<\/span>","<span class=\"advgb-post-tax-term\">Rodape 02<\/span>"]}},"comment_count":"0","relative_dates":{"created":"Publicado 11 meses atr\u00e1s","modified":"Atualizado 11 meses atr\u00e1s"},"absolute_dates":{"created":"Publicado em 26 de maio de 2025","modified":"Atualizado em 26 de maio de 2025"},"absolute_dates_time":{"created":"Publicado em 26 de maio de 2025 07:17","modified":"Atualizado em 26 de maio de 2025 11:17"},"featured_img_caption":"","series_order":"","_links":{"self":[{"href":"https:\/\/sindaopcpb.org.br\/index.php\/wp-json\/wp\/v2\/posts\/57459","targetHints":{"allow":["GET"]}}],"collection":[{"href":"https:\/\/sindaopcpb.org.br\/index.php\/wp-json\/wp\/v2\/posts"}],"about":[{"href":"https:\/\/sindaopcpb.org.br\/index.php\/wp-json\/wp\/v2\/types\/post"}],"author":[{"embeddable":true,"href":"https:\/\/sindaopcpb.org.br\/index.php\/wp-json\/wp\/v2\/users\/123457"}],"replies":[{"embeddable":true,"href":"https:\/\/sindaopcpb.org.br\/index.php\/wp-json\/wp\/v2\/comments?post=57459"}],"version-history":[{"count":3,"href":"https:\/\/sindaopcpb.org.br\/index.php\/wp-json\/wp\/v2\/posts\/57459\/revisions"}],"predecessor-version":[{"id":57475,"href":"https:\/\/sindaopcpb.org.br\/index.php\/wp-json\/wp\/v2\/posts\/57459\/revisions\/57475"}],"wp:attachment":[{"href":"https:\/\/sindaopcpb.org.br\/index.php\/wp-json\/wp\/v2\/media?parent=57459"}],"wp:term":[{"taxonomy":"category","embeddable":true,"href":"https:\/\/sindaopcpb.org.br\/index.php\/wp-json\/wp\/v2\/categories?post=57459"},{"taxonomy":"post_tag","embeddable":true,"href":"https:\/\/sindaopcpb.org.br\/index.php\/wp-json\/wp\/v2\/tags?post=57459"}],"curies":[{"name":"wp","href":"https:\/\/api.w.org\/{rel}","templated":true}]}}