{"id":57454,"date":"2025-05-25T14:34:31","date_gmt":"2025-05-25T17:34:31","guid":{"rendered":"https:\/\/www.pbagora.com.br\/?p=901285"},"modified":"2025-05-25T18:50:31","modified_gmt":"2025-05-25T21:50:31","slug":"na-paraiba-policia-civil-localiza-96-das-criancas-desaparecidas-e-tem-segundo-melhor-indice-do-brasil","status":"publish","type":"post","link":"https:\/\/sindaopcpb.org.br\/index.php\/2025\/05\/25\/na-paraiba-policia-civil-localiza-96-das-criancas-desaparecidas-e-tem-segundo-melhor-indice-do-brasil\/","title":{"rendered":"Na Para\u00edba, Pol\u00edcia Civil localiza 96% das crian\u00e7as desaparecidas e tem segundo melhor \u00edndice do Brasil"},"content":{"rendered":"<p><img width=\"517\" height=\"336\" src=\"https:\/\/www.pbagora.com.br\/storage\/2025\/03\/policia-civil.jpg\" class=\"attachment-large size-large wp-post-image\" alt=\"\" style=\"margin-bottom: 20px;\" decoding=\"async\" srcset=\"https:\/\/www.pbagora.com.br\/storage\/2025\/03\/policia-civil.jpg 517w, https:\/\/www.pbagora.com.br\/storage\/2025\/03\/policia-civil-300x195.jpg 300w, https:\/\/www.pbagora.com.br\/storage\/2025\/03\/policia-civil-150x97.jpg 150w, https:\/\/www.pbagora.com.br\/storage\/2025\/03\/policia-civil-380x247.jpg 380w, https:\/\/www.pbagora.com.br\/storage\/2025\/03\/policia-civil-80x52.jpg 80w\" sizes=\"(max-width: 517px) 100vw, 517px\" \/><\/p>\n<p>O Dia Internacional da Crian\u00e7a Desaparecida \u00e9 celebrado neste domingo (25). A data \u00e9 marcada por uma reflex\u00e3o profunda sobre a dor da aus\u00eancia e o trabalho incans\u00e1vel de quem busca reverter essa realidade. Na Para\u00edba, os n\u00fameros mostram que essa luta tem alcan\u00e7ado resultados expressivos: a Pol\u00edcia Civil da Para\u00edba apresenta o segundo melhor \u00edndice do pa\u00eds em localiza\u00e7\u00e3o de pessoas desaparecidas, com uma taxa de solu\u00e7\u00e3o de 88%. Quando o recorte \u00e9 feito apenas para os casos de crian\u00e7as, o desempenho \u00e9 ainda mais promissor \u2014 96% das crian\u00e7as desaparecidas em 2025 foram localizadas, de acordo com as ocorr\u00eancias registradas at\u00e9 agora.<\/p>\n\n\n\n<p>O levantamento estat\u00edstico, que \u00e9 alimentado a partir das delegacias e atualizado constantemente, revela a import\u00e2ncia de um acompanhamento preciso e de a\u00e7\u00f5es sistem\u00e1ticas. A atua\u00e7\u00e3o n\u00e3o termina com o registro de desaparecimento: a Pol\u00edcia Civil realiza um trabalho ativo junto \u00e0s fam\u00edlias, ligando e retornando contatos para saber se a pessoa foi localizada e, assim, manter a base de dados atualizada.<\/p>\n\n\n\n<p>O Diretor de Estat\u00edstica da Pol\u00edcia Civil da Para\u00edba, o investigador Gl\u00e1uber Elias, comentou sobre os n\u00fameros obtidos pela Pol\u00edcia Civil.<\/p>\n\n\n\n<p>\u201cA fonte dos nossos dados v\u00eam justamente dos registros dos boletins de ocorr\u00eancia. N\u00f3s verificamos, em primeiro lugar, se j\u00e1 existe um adendo ao boletim informando se a pessoa foi localizada ou n\u00e3o. A partir disso, fazemos o levantamento do boletim com as informa\u00e7\u00f5es preliminares e realizamos a busca ativa por meio do contato com o comunicante. O nosso estado tem o segundo melhor \u00edndice de localiza\u00e7\u00e3o de pessoas desaparecidas do Brasil e, quando se trata de crian\u00e7as, o \u00edndice \u00e9 de quase 100%. Isso \u00e9 fruto de um trabalho integrado entre as delegacias especializadas em homic\u00eddios e o setor de estat\u00edstica, por meio da busca ativa\u201d, comentou o investigador.<\/p>\n\n\n\n<p>Na Delegacia Especializada de Crimes Contra a Pessoa de Jo\u00e3o Pessoa (DCCPES), especializada em investigar casos de desaparecimentos, o trabalho come\u00e7a assim que o registro da ocorr\u00eancia \u00e9 feito \u2014 o que pode ser feito em qualquer delegacia do Estado, inclusive de forma imediata, sem a necessidade de esperar 24 horas. A partir do momento em que a den\u00fancia chega, a Pol\u00edcia Civil d\u00e1 in\u00edcio a dilig\u00eancias e \u00e0 articula\u00e7\u00e3o com outras for\u00e7as de seguran\u00e7a e \u00f3rg\u00e3os p\u00fablicos para localizar a pessoa o mais r\u00e1pido poss\u00edvel.<\/p>\n\n\n\n<p>Titular da DCCPES, a delegada Lu\u00edsa Correia Lima orientou a popula\u00e7\u00e3o \u00e0 se proteger de eventuais desaparecimentos de crian\u00e7as.<\/p>\n\n\n\n<p>\u201cO registro pode ser feito em qualquer delegacia, inclusive por meio da nossa Delegacia Online. Mas a gente orienta que a popula\u00e7\u00e3o de Jo\u00e3o Pessoa e regi\u00e3o metropolitana procure a DCCPES, aqui na Cidade da Pol\u00edcia, no bairro do Geisel, que \u00e9 a unidade respons\u00e1vel por investigar esses casos de desaparecimento. A maioria das ocorr\u00eancias envolve adolescentes, muitas vezes em processos de rebeldia ou envolvidos em relacionamentos amorosos. Por isso, \u00e9 importante prestar aten\u00e7\u00e3o \u00e0s mudan\u00e7as de comportamento dos filhos, para estar sempre atento. Observe com quem seu filho est\u00e1 interagindo em locais p\u00fablicos e, principalmente, no ambiente virtual. \u00c9 fundamental que os pais tenham esse controle de perto. Fique atento a pessoas que olham para seu filho de forma diferente ou adotam comportamentos estranhos \u2014 tudo isso \u00e9 importante\u201d, orientou a delegada.<\/p>\n\n\n\n<p>Integra\u00e7\u00e3o de for\u00e7as &#8211; A delegada Lu\u00edsa Correia Lima tamb\u00e9m lembrou da import\u00e2ncia da integra\u00e7\u00e3o das unidades de seguran\u00e7a na localiza\u00e7\u00e3o de desaparecidos. \u201cTemos um protocolo espec\u00edfico para casos de desaparecimento, em que, imediatamente, acionamos as demais for\u00e7as policiais, como a Pol\u00edcia Militar, a PRF e tamb\u00e9m o nosso Centro Integrado de Comando e Controle (CICC), que \u00e9 uma ferramenta important\u00edssima na localiza\u00e7\u00e3o de pessoas desaparecidas. Portanto, em casos de desaparecimento, a integra\u00e7\u00e3o das for\u00e7as de seguran\u00e7a \u00e9 fundamental\u201d, explicou a delegada.<\/p>\n\n\n\n<p>Origem da data \u2013 O Dia Internacional da Crian\u00e7a Desaparecida foi criado em 25 de maio de 1983, ap\u00f3s o desaparecimento do menino Etan Patz, em Nova York, que nunca mais foi encontrado. O caso teve ampla repercuss\u00e3o e mobilizou a sociedade americana, levando \u00e0 cria\u00e7\u00e3o da data como forma de homenagear crian\u00e7as desaparecidas e alertar sobre o problema. Desde ent\u00e3o, o dia 25 de maio passou a ser lembrado em diversos pa\u00edses como s\u00edmbolo da esperan\u00e7a de reencontro e do compromisso com a prote\u00e7\u00e3o da inf\u00e2ncia.<\/p>\n\n\n\n<p><strong><em>Ascom Pol\u00edcia Civil<\/em><\/strong><\/p>\n","protected":false},"excerpt":{"rendered":"<p><img loading=\"lazy\" decoding=\"async\" width=\"517\" height=\"336\" src=\"https:\/\/www.pbagora.com.br\/storage\/2025\/03\/policia-civil.jpg\" class=\"attachment-large size-large wp-post-image\" alt=\"\" srcset=\"https:\/\/www.pbagora.com.br\/storage\/2025\/03\/policia-civil.jpg 517w, https:\/\/www.pbagora.com.br\/storage\/2025\/03\/policia-civil-300x195.jpg 300w, https:\/\/www.pbagora.com.br\/storage\/2025\/03\/policia-civil-150x97.jpg 150w, https:\/\/www.pbagora.com.br\/storage\/2025\/03\/policia-civil-380x247.jpg 380w, https:\/\/www.pbagora.com.br\/storage\/2025\/03\/policia-civil-80x52.jpg 80w\" sizes=\"auto, (max-width: 517px) 100vw, 517px\"><\/p>\n<p>O Dia Internacional da Crian\u00e7a Desaparecida \u00e9 celebrado neste domingo (25). A data \u00e9 marcada por uma reflex\u00e3o\u2026<\/p>\n","protected":false},"author":123457,"featured_media":0,"comment_status":"closed","ping_status":"closed","sticky":false,"template":"","format":"standard","meta":{"advgb_blocks_editor_width":"","advgb_blocks_columns_visual_guide":"","footnotes":""},"categories":[34],"tags":[35,10839,10842],"class_list":["post-57454","post","type-post","status-publish","format-standard","hentry","category-g1","tag-g1","tag-policial","tag-principal3"],"author_meta":{"display_name":"Reda\u00e7\u00e3o","author_link":"https:\/\/sindaopcpb.org.br\/author\/redacao\/"},"featured_img":null,"coauthors":[],"tax_additional":{"categories":{"linked":["<a href=\"https:\/\/sindaopcpb.org.br\/g1\/\" class=\"advgb-post-tax-term\">G1<\/a>"],"unlinked":["<span class=\"advgb-post-tax-term\">G1<\/span>"]},"tags":{"linked":["<a href=\"https:\/\/sindaopcpb.org.br\/g1\/\" class=\"advgb-post-tax-term\">g1<\/a>","<a href=\"https:\/\/sindaopcpb.org.br\/g1\/\" class=\"advgb-post-tax-term\">Policial<\/a>","<a href=\"https:\/\/sindaopcpb.org.br\/g1\/\" class=\"advgb-post-tax-term\">Principal3<\/a>"],"unlinked":["<span class=\"advgb-post-tax-term\">g1<\/span>","<span class=\"advgb-post-tax-term\">Policial<\/span>","<span class=\"advgb-post-tax-term\">Principal3<\/span>"]}},"comment_count":"0","relative_dates":{"created":"Publicado 11 meses atr\u00e1s","modified":"Atualizado 11 meses atr\u00e1s"},"absolute_dates":{"created":"Publicado em 25 de maio de 2025","modified":"Atualizado em 25 de maio de 2025"},"absolute_dates_time":{"created":"Publicado em 25 de maio de 2025 14:34","modified":"Atualizado em 25 de maio de 2025 18:50"},"featured_img_caption":"","series_order":"","_links":{"self":[{"href":"https:\/\/sindaopcpb.org.br\/index.php\/wp-json\/wp\/v2\/posts\/57454","targetHints":{"allow":["GET"]}}],"collection":[{"href":"https:\/\/sindaopcpb.org.br\/index.php\/wp-json\/wp\/v2\/posts"}],"about":[{"href":"https:\/\/sindaopcpb.org.br\/index.php\/wp-json\/wp\/v2\/types\/post"}],"author":[{"embeddable":true,"href":"https:\/\/sindaopcpb.org.br\/index.php\/wp-json\/wp\/v2\/users\/123457"}],"replies":[{"embeddable":true,"href":"https:\/\/sindaopcpb.org.br\/index.php\/wp-json\/wp\/v2\/comments?post=57454"}],"version-history":[{"count":3,"href":"https:\/\/sindaopcpb.org.br\/index.php\/wp-json\/wp\/v2\/posts\/57454\/revisions"}],"predecessor-version":[{"id":57463,"href":"https:\/\/sindaopcpb.org.br\/index.php\/wp-json\/wp\/v2\/posts\/57454\/revisions\/57463"}],"wp:attachment":[{"href":"https:\/\/sindaopcpb.org.br\/index.php\/wp-json\/wp\/v2\/media?parent=57454"}],"wp:term":[{"taxonomy":"category","embeddable":true,"href":"https:\/\/sindaopcpb.org.br\/index.php\/wp-json\/wp\/v2\/categories?post=57454"},{"taxonomy":"post_tag","embeddable":true,"href":"https:\/\/sindaopcpb.org.br\/index.php\/wp-json\/wp\/v2\/tags?post=57454"}],"curies":[{"name":"wp","href":"https:\/\/api.w.org\/{rel}","templated":true}]}}