{"id":57450,"date":"2025-05-25T07:35:49","date_gmt":"2025-05-25T10:35:49","guid":{"rendered":"https:\/\/www.pbagora.com.br\/?p=901252"},"modified":"2025-05-25T07:35:49","modified_gmt":"2025-05-25T10:35:49","slug":"homem-acusado-de-varias-invasoes-residenciais-e-preso-durante-operacao-ultima-ratio-em-picui","status":"publish","type":"post","link":"https:\/\/sindaopcpb.org.br\/index.php\/2025\/05\/25\/homem-acusado-de-varias-invasoes-residenciais-e-preso-durante-operacao-ultima-ratio-em-picui\/","title":{"rendered":"Homem acusado de v\u00e1rias invas\u00f5es residenciais \u00e9 preso durante Opera\u00e7\u00e3o Ultima Ratio em Picu\u00ed"},"content":{"rendered":"<p><img width=\"252\" height=\"335\" src=\"https:\/\/www.pbagora.com.br\/storage\/2025\/05\/Prisao-Picui.jpg\" class=\"attachment-large size-large wp-post-image\" alt=\"\" style=\"margin-bottom: 20px;\" decoding=\"async\" srcset=\"https:\/\/www.pbagora.com.br\/storage\/2025\/05\/Prisao-Picui.jpg 252w, https:\/\/www.pbagora.com.br\/storage\/2025\/05\/Prisao-Picui-226x300.jpg 226w, https:\/\/www.pbagora.com.br\/storage\/2025\/05\/Prisao-Picui-113x150.jpg 113w, https:\/\/www.pbagora.com.br\/storage\/2025\/05\/Prisao-Picui-80x106.jpg 80w, https:\/\/www.pbagora.com.br\/storage\/2025\/05\/Prisao-Picui-60x80.jpg 60w\" sizes=\"(max-width: 252px) 100vw, 252px\" \/><\/p>\n<p>Um homem conhecido como Salgadinho, apontado como autor de diversos furtos qualificados na cidade Picu\u00ed foi preso neste s\u00e1bado (24), em um desdobramento da Opera\u00e7\u00e3o Ultima Ratio. A a\u00e7\u00e3o foi realizada pela Pol\u00edcia Civil da Para\u00edba, por meio da Delegacia Municipal de Picu\u00ed, com o apoio do 9\u00b0 BPM e 7 CIPM da Pol\u00edcia Militar, para atender o cumprimento de mais um mandado de pris\u00e3o preventiva relacionado a crimes patrimoniais praticados na regi\u00e3o.<\/p>\n\n\n\n<p>De acordo com as investiga\u00e7\u00f5es, ap\u00f3s invadir a resid\u00eancia de um idoso de 72 anos em Picu\u00ed, o investigado seguiu praticando crimes semelhantes nos munic\u00edpios de Borborema e Arara, tamb\u00e9m no estado da Para\u00edba. Na casa do idoso, o criminoso subtraiu aparelhos eletr\u00f4nicos, rel\u00f3gios, perfumes e um cart\u00e3o banc\u00e1rio com senha, utilizado para realizar um saque de R$ 2.000,00.<\/p>\n\n\n\n<p>O delegado \u00c1tila de Sousa Jedlicka, respons\u00e1vel pela investiga\u00e7\u00e3o, destacou que \u201ca vulnerabilidade social n\u00e3o pode ser utilizada como manto protetor para a pr\u00e1tica de crimes, ainda mais quando cometidos de forma reiterada e contra outras pessoas igualmente vulner\u00e1veis\u201d.<\/p>\n\n\n\n<p>Com hist\u00f3rico de reincid\u00eancia em crimes contra o patrim\u00f4nio, Salgadinho era um dos principais alvos da opera\u00e7\u00e3o, que visa coibir pr\u00e1ticas delitivas constantes e garantir maior seguran\u00e7a \u00e0 popula\u00e7\u00e3o.<\/p>\n\n\n\n<p>A Pol\u00edcia Civil orienta que qualquer pessoa que tenha adquirido bens de origem duvidosa deve procurar a Delegacia de Picu\u00ed para realizar a devolu\u00e7\u00e3o volunt\u00e1ria, evitando responder pelo crime de recepta\u00e7\u00e3o, previsto no C\u00f3digo Penal.<\/p>\n\n\n\n<p><strong><em>PB Agora<\/em><\/strong><\/p>\n\n\n\n<p><\/p>\n","protected":false},"excerpt":{"rendered":"<p><img loading=\"lazy\" decoding=\"async\" width=\"252\" height=\"335\" src=\"https:\/\/www.pbagora.com.br\/storage\/2025\/05\/Prisao-Picui.jpg\" class=\"attachment-large size-large wp-post-image\" alt=\"\" srcset=\"https:\/\/www.pbagora.com.br\/storage\/2025\/05\/Prisao-Picui.jpg 252w, https:\/\/www.pbagora.com.br\/storage\/2025\/05\/Prisao-Picui-226x300.jpg 226w, https:\/\/www.pbagora.com.br\/storage\/2025\/05\/Prisao-Picui-113x150.jpg 113w, https:\/\/www.pbagora.com.br\/storage\/2025\/05\/Prisao-Picui-80x106.jpg 80w, https:\/\/www.pbagora.com.br\/storage\/2025\/05\/Prisao-Picui-60x80.jpg 60w\" sizes=\"auto, (max-width: 252px) 100vw, 252px\"><\/p>\n<p>Um homem conhecido como Salgadinho, apontado como autor de diversos furtos qualificados na cidade Picu\u00ed foi preso neste\u2026<\/p>\n","protected":false},"author":123457,"featured_media":0,"comment_status":"closed","ping_status":"closed","sticky":false,"template":"","format":"standard","meta":{"advgb_blocks_editor_width":"","advgb_blocks_columns_visual_guide":"","footnotes":""},"categories":[34],"tags":[10841,35,10839],"class_list":["post-57450","post","type-post","status-publish","format-standard","hentry","category-g1","tag-destaque-centro-02","tag-g1","tag-policial"],"author_meta":{"display_name":"Reda\u00e7\u00e3o","author_link":"https:\/\/sindaopcpb.org.br\/author\/redacao\/"},"featured_img":null,"coauthors":[],"tax_additional":{"categories":{"linked":["<a href=\"https:\/\/sindaopcpb.org.br\/g1\/\" class=\"advgb-post-tax-term\">G1<\/a>"],"unlinked":["<span class=\"advgb-post-tax-term\">G1<\/span>"]},"tags":{"linked":["<a href=\"https:\/\/sindaopcpb.org.br\/g1\/\" class=\"advgb-post-tax-term\">Destaque Centro 02<\/a>","<a href=\"https:\/\/sindaopcpb.org.br\/g1\/\" class=\"advgb-post-tax-term\">g1<\/a>","<a href=\"https:\/\/sindaopcpb.org.br\/g1\/\" class=\"advgb-post-tax-term\">Policial<\/a>"],"unlinked":["<span class=\"advgb-post-tax-term\">Destaque Centro 02<\/span>","<span class=\"advgb-post-tax-term\">g1<\/span>","<span class=\"advgb-post-tax-term\">Policial<\/span>"]}},"comment_count":"0","relative_dates":{"created":"Publicado 11 meses atr\u00e1s","modified":"Atualizado 11 meses atr\u00e1s"},"absolute_dates":{"created":"Publicado em 25 de maio de 2025","modified":"Atualizado em 25 de maio de 2025"},"absolute_dates_time":{"created":"Publicado em 25 de maio de 2025 07:35","modified":"Atualizado em 25 de maio de 2025 07:35"},"featured_img_caption":"","series_order":"","_links":{"self":[{"href":"https:\/\/sindaopcpb.org.br\/index.php\/wp-json\/wp\/v2\/posts\/57450","targetHints":{"allow":["GET"]}}],"collection":[{"href":"https:\/\/sindaopcpb.org.br\/index.php\/wp-json\/wp\/v2\/posts"}],"about":[{"href":"https:\/\/sindaopcpb.org.br\/index.php\/wp-json\/wp\/v2\/types\/post"}],"author":[{"embeddable":true,"href":"https:\/\/sindaopcpb.org.br\/index.php\/wp-json\/wp\/v2\/users\/123457"}],"replies":[{"embeddable":true,"href":"https:\/\/sindaopcpb.org.br\/index.php\/wp-json\/wp\/v2\/comments?post=57450"}],"version-history":[{"count":3,"href":"https:\/\/sindaopcpb.org.br\/index.php\/wp-json\/wp\/v2\/posts\/57450\/revisions"}],"predecessor-version":[{"id":57464,"href":"https:\/\/sindaopcpb.org.br\/index.php\/wp-json\/wp\/v2\/posts\/57450\/revisions\/57464"}],"wp:attachment":[{"href":"https:\/\/sindaopcpb.org.br\/index.php\/wp-json\/wp\/v2\/media?parent=57450"}],"wp:term":[{"taxonomy":"category","embeddable":true,"href":"https:\/\/sindaopcpb.org.br\/index.php\/wp-json\/wp\/v2\/categories?post=57450"},{"taxonomy":"post_tag","embeddable":true,"href":"https:\/\/sindaopcpb.org.br\/index.php\/wp-json\/wp\/v2\/tags?post=57450"}],"curies":[{"name":"wp","href":"https:\/\/api.w.org\/{rel}","templated":true}]}}