{"id":57436,"date":"2025-05-24T08:00:45","date_gmt":"2025-05-24T11:00:45","guid":{"rendered":"https:\/\/www.pbagora.com.br\/?p=901200"},"modified":"2025-05-24T12:00:45","modified_gmt":"2025-05-24T15:00:45","slug":"obras-sao-iniciadas-no-predio-onde-vai-funcionar-nova-central-de-policia-no-centro-de-joao-pessoa","status":"publish","type":"post","link":"https:\/\/sindaopcpb.org.br\/index.php\/2025\/05\/24\/obras-sao-iniciadas-no-predio-onde-vai-funcionar-nova-central-de-policia-no-centro-de-joao-pessoa\/","title":{"rendered":"Obras s\u00e3o iniciadas no pr\u00e9dio onde vai funcionar nova Central de Pol\u00edcia no Centro de Jo\u00e3o Pessoa"},"content":{"rendered":"<p><img width=\"1024\" height=\"768\" src=\"https:\/\/www.pbagora.com.br\/storage\/2025\/05\/WhatsApp-Image-2025-05-24-at-07.24.41-1024x768.jpeg\" class=\"attachment-large size-large wp-post-image\" alt=\"\" style=\"margin-bottom: 20px;\" decoding=\"async\" loading=\"lazy\" srcset=\"https:\/\/www.pbagora.com.br\/storage\/2025\/05\/WhatsApp-Image-2025-05-24-at-07.24.41-1024x768.jpeg 1024w, https:\/\/www.pbagora.com.br\/storage\/2025\/05\/WhatsApp-Image-2025-05-24-at-07.24.41-300x225.jpeg 300w, https:\/\/www.pbagora.com.br\/storage\/2025\/05\/WhatsApp-Image-2025-05-24-at-07.24.41-150x113.jpeg 150w, https:\/\/www.pbagora.com.br\/storage\/2025\/05\/WhatsApp-Image-2025-05-24-at-07.24.41-768x576.jpeg 768w, https:\/\/www.pbagora.com.br\/storage\/2025\/05\/WhatsApp-Image-2025-05-24-at-07.24.41-1536x1152.jpeg 1536w, https:\/\/www.pbagora.com.br\/storage\/2025\/05\/WhatsApp-Image-2025-05-24-at-07.24.41-200x150.jpeg 200w, https:\/\/www.pbagora.com.br\/storage\/2025\/05\/WhatsApp-Image-2025-05-24-at-07.24.41-260x195.jpeg 260w, https:\/\/www.pbagora.com.br\/storage\/2025\/05\/WhatsApp-Image-2025-05-24-at-07.24.41-380x285.jpeg 380w, https:\/\/www.pbagora.com.br\/storage\/2025\/05\/WhatsApp-Image-2025-05-24-at-07.24.41-800x600.jpeg 800w, https:\/\/www.pbagora.com.br\/storage\/2025\/05\/WhatsApp-Image-2025-05-24-at-07.24.41-1160x870.jpeg 1160w, https:\/\/www.pbagora.com.br\/storage\/2025\/05\/WhatsApp-Image-2025-05-24-at-07.24.41-80x60.jpeg 80w, https:\/\/www.pbagora.com.br\/storage\/2025\/05\/WhatsApp-Image-2025-05-24-at-07.24.41-600x450.jpeg 600w, https:\/\/www.pbagora.com.br\/storage\/2025\/05\/WhatsApp-Image-2025-05-24-at-07.24.41-520x390.jpeg 520w, https:\/\/www.pbagora.com.br\/storage\/2025\/05\/WhatsApp-Image-2025-05-24-at-07.24.41-760x570.jpeg 760w, https:\/\/www.pbagora.com.br\/storage\/2025\/05\/WhatsApp-Image-2025-05-24-at-07.24.41.jpeg 1600w\" sizes=\"auto, (max-width: 1024px) 100vw, 1024px\" \/><\/p>\n<p>A Delegacia-Geral da Pol\u00edcia Civil da Para\u00edba iniciou nessa sexta-feira (23), as obras para a reforma do pr\u00e9dio onde ir\u00e1 funcionar a nova Central de Pol\u00edcia, no Centro de Jo\u00e3o Pessoa. A nova unidade policial fica no endere\u00e7o onde funcionava a Companhia de Processamento de Dados da Para\u00edba (Codata), na rua Bar\u00e3o do Triunfo, no Varadouro.<\/p>\n\n\n\n<p>O local ir\u00e1 abrigar a sede da 1\u00aa Delegacia Seccional de Pol\u00edcia Civil (1\u00aa DSPC), com a Central de Flagrantes\/Norte, a Delegacia do Idoso, a 2\u00aa Delegacia Distrital (2\u00aa DD) e um setor de Identifica\u00e7\u00e3o\/RG do Instituto de Pol\u00edcia Cient\u00edfica (IPC). Atualmente, a 1\u00aa DSPC funciona na Cidade da Pol\u00edcia Civil, no Geisel.<\/p>\n\n\n\n<p>Al\u00e9m de descentralizar alguns servi\u00e7os para uma popula\u00e7\u00e3o de aproximadamente 600 mil habitantes, a nova Central vai refor\u00e7ar tamb\u00e9m a seguran\u00e7a na \u00e1rea central da capital paraibana, possibilitando uma maior circula\u00e7\u00e3o de viaturas e equipes policiais no setor.<\/p>\n\n\n\n<p><strong><em>Ascom Pol\u00edcia Civil<\/em><\/strong><\/p>\n","protected":false},"excerpt":{"rendered":"<p><img loading=\"lazy\" decoding=\"async\" width=\"1024\" height=\"768\" src=\"https:\/\/www.pbagora.com.br\/storage\/2025\/05\/WhatsApp-Image-2025-05-24-at-07.24.41-1024x768.jpeg\" class=\"attachment-large size-large wp-post-image\" alt=\"\" srcset=\"https:\/\/www.pbagora.com.br\/storage\/2025\/05\/WhatsApp-Image-2025-05-24-at-07.24.41-1024x768.jpeg 1024w, https:\/\/www.pbagora.com.br\/storage\/2025\/05\/WhatsApp-Image-2025-05-24-at-07.24.41-300x225.jpeg 300w, https:\/\/www.pbagora.com.br\/storage\/2025\/05\/WhatsApp-Image-2025-05-24-at-07.24.41-150x113.jpeg 150w, https:\/\/www.pbagora.com.br\/storage\/2025\/05\/WhatsApp-Image-2025-05-24-at-07.24.41-768x576.jpeg 768w, https:\/\/www.pbagora.com.br\/storage\/2025\/05\/WhatsApp-Image-2025-05-24-at-07.24.41-1536x1152.jpeg 1536w, https:\/\/www.pbagora.com.br\/storage\/2025\/05\/WhatsApp-Image-2025-05-24-at-07.24.41-200x150.jpeg 200w, https:\/\/www.pbagora.com.br\/storage\/2025\/05\/WhatsApp-Image-2025-05-24-at-07.24.41-260x195.jpeg 260w, https:\/\/www.pbagora.com.br\/storage\/2025\/05\/WhatsApp-Image-2025-05-24-at-07.24.41-380x285.jpeg 380w, https:\/\/www.pbagora.com.br\/storage\/2025\/05\/WhatsApp-Image-2025-05-24-at-07.24.41-800x600.jpeg 800w, https:\/\/www.pbagora.com.br\/storage\/2025\/05\/WhatsApp-Image-2025-05-24-at-07.24.41-1160x870.jpeg 1160w, https:\/\/www.pbagora.com.br\/storage\/2025\/05\/WhatsApp-Image-2025-05-24-at-07.24.41-80x60.jpeg 80w, https:\/\/www.pbagora.com.br\/storage\/2025\/05\/WhatsApp-Image-2025-05-24-at-07.24.41-600x450.jpeg 600w, https:\/\/www.pbagora.com.br\/storage\/2025\/05\/WhatsApp-Image-2025-05-24-at-07.24.41-520x390.jpeg 520w, https:\/\/www.pbagora.com.br\/storage\/2025\/05\/WhatsApp-Image-2025-05-24-at-07.24.41-760x570.jpeg 760w, https:\/\/www.pbagora.com.br\/storage\/2025\/05\/WhatsApp-Image-2025-05-24-at-07.24.41.jpeg 1600w\" sizes=\"auto, (max-width: 1024px) 100vw, 1024px\"><\/p>\n<p>A Delegacia-Geral da Pol\u00edcia Civil da Para\u00edba iniciou nessa sexta-feira (23), as obras para a reforma do pr\u00e9dio\u2026<\/p>\n","protected":false},"author":123457,"featured_media":0,"comment_status":"closed","ping_status":"closed","sticky":false,"template":"","format":"standard","meta":{"advgb_blocks_editor_width":"","advgb_blocks_columns_visual_guide":"","footnotes":""},"categories":[34],"tags":[10841,35,10839],"class_list":["post-57436","post","type-post","status-publish","format-standard","hentry","category-g1","tag-destaque-centro-02","tag-g1","tag-policial"],"author_meta":{"display_name":"Reda\u00e7\u00e3o","author_link":"https:\/\/sindaopcpb.org.br\/author\/redacao\/"},"featured_img":null,"coauthors":[],"tax_additional":{"categories":{"linked":["<a href=\"https:\/\/sindaopcpb.org.br\/g1\/\" class=\"advgb-post-tax-term\">G1<\/a>"],"unlinked":["<span class=\"advgb-post-tax-term\">G1<\/span>"]},"tags":{"linked":["<a href=\"https:\/\/sindaopcpb.org.br\/g1\/\" class=\"advgb-post-tax-term\">Destaque Centro 02<\/a>","<a href=\"https:\/\/sindaopcpb.org.br\/g1\/\" class=\"advgb-post-tax-term\">g1<\/a>","<a href=\"https:\/\/sindaopcpb.org.br\/g1\/\" class=\"advgb-post-tax-term\">Policial<\/a>"],"unlinked":["<span class=\"advgb-post-tax-term\">Destaque Centro 02<\/span>","<span class=\"advgb-post-tax-term\">g1<\/span>","<span class=\"advgb-post-tax-term\">Policial<\/span>"]}},"comment_count":"0","relative_dates":{"created":"Publicado 11 meses atr\u00e1s","modified":"Atualizado 11 meses atr\u00e1s"},"absolute_dates":{"created":"Publicado em 24 de maio de 2025","modified":"Atualizado em 24 de maio de 2025"},"absolute_dates_time":{"created":"Publicado em 24 de maio de 2025 08:00","modified":"Atualizado em 24 de maio de 2025 12:00"},"featured_img_caption":"","series_order":"","_links":{"self":[{"href":"https:\/\/sindaopcpb.org.br\/index.php\/wp-json\/wp\/v2\/posts\/57436","targetHints":{"allow":["GET"]}}],"collection":[{"href":"https:\/\/sindaopcpb.org.br\/index.php\/wp-json\/wp\/v2\/posts"}],"about":[{"href":"https:\/\/sindaopcpb.org.br\/index.php\/wp-json\/wp\/v2\/types\/post"}],"author":[{"embeddable":true,"href":"https:\/\/sindaopcpb.org.br\/index.php\/wp-json\/wp\/v2\/users\/123457"}],"replies":[{"embeddable":true,"href":"https:\/\/sindaopcpb.org.br\/index.php\/wp-json\/wp\/v2\/comments?post=57436"}],"version-history":[{"count":3,"href":"https:\/\/sindaopcpb.org.br\/index.php\/wp-json\/wp\/v2\/posts\/57436\/revisions"}],"predecessor-version":[{"id":57447,"href":"https:\/\/sindaopcpb.org.br\/index.php\/wp-json\/wp\/v2\/posts\/57436\/revisions\/57447"}],"wp:attachment":[{"href":"https:\/\/sindaopcpb.org.br\/index.php\/wp-json\/wp\/v2\/media?parent=57436"}],"wp:term":[{"taxonomy":"category","embeddable":true,"href":"https:\/\/sindaopcpb.org.br\/index.php\/wp-json\/wp\/v2\/categories?post=57436"},{"taxonomy":"post_tag","embeddable":true,"href":"https:\/\/sindaopcpb.org.br\/index.php\/wp-json\/wp\/v2\/tags?post=57436"}],"curies":[{"name":"wp","href":"https:\/\/api.w.org\/{rel}","templated":true}]}}