{"id":57426,"date":"2025-05-23T18:15:05","date_gmt":"2025-05-23T21:15:05","guid":{"rendered":"https:\/\/www.pbagora.com.br\/?p=901176"},"modified":"2025-05-23T18:15:05","modified_gmt":"2025-05-23T21:15:05","slug":"dupla-suspeita-de-roubar-joias-de-pedestres-e-presa-em-joao-pessoa","status":"publish","type":"post","link":"https:\/\/sindaopcpb.org.br\/index.php\/2025\/05\/23\/dupla-suspeita-de-roubar-joias-de-pedestres-e-presa-em-joao-pessoa\/","title":{"rendered":"Dupla suspeita de roubar joias de pedestres \u00e9 presa em Jo\u00e3o Pessoa"},"content":{"rendered":"<p><img width=\"1024\" height=\"768\" src=\"https:\/\/www.pbagora.com.br\/storage\/2025\/05\/material-roubado-1024x768.jpeg\" class=\"attachment-large size-large wp-post-image\" alt=\"\" style=\"margin-bottom: 20px;\" decoding=\"async\" srcset=\"https:\/\/www.pbagora.com.br\/storage\/2025\/05\/material-roubado-1024x768.jpeg 1024w, https:\/\/www.pbagora.com.br\/storage\/2025\/05\/material-roubado-300x225.jpeg 300w, https:\/\/www.pbagora.com.br\/storage\/2025\/05\/material-roubado-150x113.jpeg 150w, https:\/\/www.pbagora.com.br\/storage\/2025\/05\/material-roubado-768x576.jpeg 768w, https:\/\/www.pbagora.com.br\/storage\/2025\/05\/material-roubado-1536x1152.jpeg 1536w, https:\/\/www.pbagora.com.br\/storage\/2025\/05\/material-roubado-2048x1536.jpeg 2048w, https:\/\/www.pbagora.com.br\/storage\/2025\/05\/material-roubado-200x150.jpeg 200w, https:\/\/www.pbagora.com.br\/storage\/2025\/05\/material-roubado-260x195.jpeg 260w, https:\/\/www.pbagora.com.br\/storage\/2025\/05\/material-roubado-380x285.jpeg 380w, https:\/\/www.pbagora.com.br\/storage\/2025\/05\/material-roubado-800x600.jpeg 800w, https:\/\/www.pbagora.com.br\/storage\/2025\/05\/material-roubado-1160x870.jpeg 1160w, https:\/\/www.pbagora.com.br\/storage\/2025\/05\/material-roubado-80x60.jpeg 80w, https:\/\/www.pbagora.com.br\/storage\/2025\/05\/material-roubado-3072x2304.jpeg 3072w, https:\/\/www.pbagora.com.br\/storage\/2025\/05\/material-roubado-600x450.jpeg 600w, https:\/\/www.pbagora.com.br\/storage\/2025\/05\/material-roubado-520x390.jpeg 520w, https:\/\/www.pbagora.com.br\/storage\/2025\/05\/material-roubado-760x570.jpeg 760w, https:\/\/www.pbagora.com.br\/storage\/2025\/05\/material-roubado-scaled.jpeg 2560w\" sizes=\"(max-width: 1024px) 100vw, 1024px\" \/><\/p>\n<p>A Pol\u00edcia Militar prendeu uma dupla de assaltantes que roubava joias e objetos pessoais de transeuntes, em Jo\u00e3o Pessoa, na manh\u00e3 desta sexta-feira (23). Dois acusados usavam um rev\u00f3lver e uma motocicleta para cometerem os delitos, e foram presos ap\u00f3s serem frustrados pelo Batalh\u00e3o Especializado em Policiamento Tur\u00edstico (BEPTur).<\/p>\n\n\n\n<p>A arma de fogo foi apreendida pelos policiais, e os objetos tomados das v\u00edtimas como alian\u00e7a e cord\u00e3o foram recuperados. A a\u00e7\u00e3o da PM resultou em um cerco realizado na regi\u00e3o da orla, levando \u00e0 pris\u00e3o dos acusados no bairro de Mana\u00edra. A moto usada pelos criminosos era roubada e tamb\u00e9m foi recuperada.<\/p>\n\n\n\n<p>O caso foi conduzido para Cidade da Pol\u00edcia Civil para devida autua\u00e7\u00e3o. A v\u00edtima teve seus bens devolvidos.<\/p>\n\n\n\n<p><strong>For\u00e7a Total \u2013<\/strong>\u00a0A a\u00e7\u00e3o da PM ocorre no \u00e2mbito da 15\u00aa edi\u00e7\u00e3o da Opera\u00e7\u00e3o For\u00e7a Total, sendo desencadeada pelo Conselho Nacional de Comandantes-Gerais das Pol\u00edcias Militares (CNCG), intensificando a\u00e7\u00f5es de seguran\u00e7a das corpora\u00e7\u00f5es simultaneamente em todo o pa\u00eds. A Opera\u00e7\u00e3o come\u00e7ou na quinta-feira (22) e segue at\u00e9 esta sexta (23).<\/p>\n\n\n\n<p><\/p>\n\n\n\n<p><strong><em>Ascom \/ PMPB<\/em><\/strong><\/p>\n","protected":false},"excerpt":{"rendered":"<p><img loading=\"lazy\" decoding=\"async\" width=\"1024\" height=\"768\" src=\"https:\/\/www.pbagora.com.br\/storage\/2025\/05\/material-roubado-1024x768.jpeg\" class=\"attachment-large size-large wp-post-image\" alt=\"\" srcset=\"https:\/\/www.pbagora.com.br\/storage\/2025\/05\/material-roubado-1024x768.jpeg 1024w, https:\/\/www.pbagora.com.br\/storage\/2025\/05\/material-roubado-300x225.jpeg 300w, https:\/\/www.pbagora.com.br\/storage\/2025\/05\/material-roubado-150x113.jpeg 150w, https:\/\/www.pbagora.com.br\/storage\/2025\/05\/material-roubado-768x576.jpeg 768w, https:\/\/www.pbagora.com.br\/storage\/2025\/05\/material-roubado-1536x1152.jpeg 1536w, https:\/\/www.pbagora.com.br\/storage\/2025\/05\/material-roubado-2048x1536.jpeg 2048w, https:\/\/www.pbagora.com.br\/storage\/2025\/05\/material-roubado-200x150.jpeg 200w, https:\/\/www.pbagora.com.br\/storage\/2025\/05\/material-roubado-260x195.jpeg 260w, https:\/\/www.pbagora.com.br\/storage\/2025\/05\/material-roubado-380x285.jpeg 380w, https:\/\/www.pbagora.com.br\/storage\/2025\/05\/material-roubado-800x600.jpeg 800w, https:\/\/www.pbagora.com.br\/storage\/2025\/05\/material-roubado-1160x870.jpeg 1160w, https:\/\/www.pbagora.com.br\/storage\/2025\/05\/material-roubado-80x60.jpeg 80w, https:\/\/www.pbagora.com.br\/storage\/2025\/05\/material-roubado-3072x2304.jpeg 3072w, https:\/\/www.pbagora.com.br\/storage\/2025\/05\/material-roubado-600x450.jpeg 600w, https:\/\/www.pbagora.com.br\/storage\/2025\/05\/material-roubado-520x390.jpeg 520w, https:\/\/www.pbagora.com.br\/storage\/2025\/05\/material-roubado-760x570.jpeg 760w, https:\/\/www.pbagora.com.br\/storage\/2025\/05\/material-roubado-scaled.jpeg 2560w\" sizes=\"auto, (max-width: 1024px) 100vw, 1024px\"><\/p>\n<p>A Pol\u00edcia Militar prendeu uma dupla de assaltantes que roubava joias e objetos pessoais de transeuntes, em Jo\u00e3o\u2026<\/p>\n","protected":false},"author":123457,"featured_media":0,"comment_status":"closed","ping_status":"closed","sticky":false,"template":"","format":"standard","meta":{"advgb_blocks_editor_width":"","advgb_blocks_columns_visual_guide":"","footnotes":""},"categories":[34],"tags":[10845,35,10839],"class_list":["post-57426","post","type-post","status-publish","format-standard","hentry","category-g1","tag-destaque-centro-01","tag-g1","tag-policial"],"author_meta":{"display_name":"Reda\u00e7\u00e3o","author_link":"https:\/\/sindaopcpb.org.br\/author\/redacao\/"},"featured_img":null,"coauthors":[],"tax_additional":{"categories":{"linked":["<a href=\"https:\/\/sindaopcpb.org.br\/g1\/\" class=\"advgb-post-tax-term\">G1<\/a>"],"unlinked":["<span class=\"advgb-post-tax-term\">G1<\/span>"]},"tags":{"linked":["<a href=\"https:\/\/sindaopcpb.org.br\/g1\/\" class=\"advgb-post-tax-term\">Destaque Centro 01<\/a>","<a href=\"https:\/\/sindaopcpb.org.br\/g1\/\" class=\"advgb-post-tax-term\">g1<\/a>","<a href=\"https:\/\/sindaopcpb.org.br\/g1\/\" class=\"advgb-post-tax-term\">Policial<\/a>"],"unlinked":["<span class=\"advgb-post-tax-term\">Destaque Centro 01<\/span>","<span class=\"advgb-post-tax-term\">g1<\/span>","<span class=\"advgb-post-tax-term\">Policial<\/span>"]}},"comment_count":"0","relative_dates":{"created":"Publicado 11 meses atr\u00e1s","modified":"Atualizado 11 meses atr\u00e1s"},"absolute_dates":{"created":"Publicado em 23 de maio de 2025","modified":"Atualizado em 23 de maio de 2025"},"absolute_dates_time":{"created":"Publicado em 23 de maio de 2025 18:15","modified":"Atualizado em 23 de maio de 2025 18:15"},"featured_img_caption":"","series_order":"","_links":{"self":[{"href":"https:\/\/sindaopcpb.org.br\/index.php\/wp-json\/wp\/v2\/posts\/57426","targetHints":{"allow":["GET"]}}],"collection":[{"href":"https:\/\/sindaopcpb.org.br\/index.php\/wp-json\/wp\/v2\/posts"}],"about":[{"href":"https:\/\/sindaopcpb.org.br\/index.php\/wp-json\/wp\/v2\/types\/post"}],"author":[{"embeddable":true,"href":"https:\/\/sindaopcpb.org.br\/index.php\/wp-json\/wp\/v2\/users\/123457"}],"replies":[{"embeddable":true,"href":"https:\/\/sindaopcpb.org.br\/index.php\/wp-json\/wp\/v2\/comments?post=57426"}],"version-history":[{"count":5,"href":"https:\/\/sindaopcpb.org.br\/index.php\/wp-json\/wp\/v2\/posts\/57426\/revisions"}],"predecessor-version":[{"id":57443,"href":"https:\/\/sindaopcpb.org.br\/index.php\/wp-json\/wp\/v2\/posts\/57426\/revisions\/57443"}],"wp:attachment":[{"href":"https:\/\/sindaopcpb.org.br\/index.php\/wp-json\/wp\/v2\/media?parent=57426"}],"wp:term":[{"taxonomy":"category","embeddable":true,"href":"https:\/\/sindaopcpb.org.br\/index.php\/wp-json\/wp\/v2\/categories?post=57426"},{"taxonomy":"post_tag","embeddable":true,"href":"https:\/\/sindaopcpb.org.br\/index.php\/wp-json\/wp\/v2\/tags?post=57426"}],"curies":[{"name":"wp","href":"https:\/\/api.w.org\/{rel}","templated":true}]}}