{"id":57413,"date":"2025-05-23T11:27:42","date_gmt":"2025-05-23T14:27:42","guid":{"rendered":"https:\/\/www.pbagora.com.br\/?p=901089"},"modified":"2025-05-23T11:27:42","modified_gmt":"2025-05-23T14:27:42","slug":"motociclista-e-flagrado-com-dispositivo-anti-radar-e-foge-da-abordagem-em-joao-pessoa","status":"publish","type":"post","link":"https:\/\/sindaopcpb.org.br\/index.php\/2025\/05\/23\/motociclista-e-flagrado-com-dispositivo-anti-radar-e-foge-da-abordagem-em-joao-pessoa\/","title":{"rendered":"Motociclista \u00e9 flagrado com dispositivo anti-radar e foge da abordagem em Jo\u00e3o Pessoa"},"content":{"rendered":"<p><img width=\"1024\" height=\"733\" src=\"https:\/\/www.pbagora.com.br\/storage\/2025\/04\/prf-policia-rodoviaria-federal-agente-1024x733-1.jpg\" class=\"attachment-large size-large wp-post-image\" alt=\"\" style=\"margin-bottom: 20px;\" decoding=\"async\" srcset=\"https:\/\/www.pbagora.com.br\/storage\/2025\/04\/prf-policia-rodoviaria-federal-agente-1024x733-1.jpg 1024w, https:\/\/www.pbagora.com.br\/storage\/2025\/04\/prf-policia-rodoviaria-federal-agente-1024x733-1-300x215.jpg 300w, https:\/\/www.pbagora.com.br\/storage\/2025\/04\/prf-policia-rodoviaria-federal-agente-1024x733-1-150x107.jpg 150w, https:\/\/www.pbagora.com.br\/storage\/2025\/04\/prf-policia-rodoviaria-federal-agente-1024x733-1-768x550.jpg 768w, https:\/\/www.pbagora.com.br\/storage\/2025\/04\/prf-policia-rodoviaria-federal-agente-1024x733-1-380x272.jpg 380w, https:\/\/www.pbagora.com.br\/storage\/2025\/04\/prf-policia-rodoviaria-federal-agente-1024x733-1-800x573.jpg 800w, https:\/\/www.pbagora.com.br\/storage\/2025\/04\/prf-policia-rodoviaria-federal-agente-1024x733-1-80x58.jpg 80w, https:\/\/www.pbagora.com.br\/storage\/2025\/04\/prf-policia-rodoviaria-federal-agente-1024x733-1-760x544.jpg 760w, https:\/\/www.pbagora.com.br\/storage\/2025\/04\/prf-policia-rodoviaria-federal-agente-1024x733-1-600x429.jpg 600w\" sizes=\"(max-width: 1024px) 100vw, 1024px\" \/><\/p>\n<p>A Pol\u00edcia Rodovi\u00e1ria Federal (PRF) na Para\u00edba registrou duas ocorr\u00eancias de destaque nessa quinta-feira (22) na Para\u00edba. Em Jo\u00e3o Pessoa, um motociclista foi detido por desobedi\u00eancia ap\u00f3s tentar fugir de uma fiscaliza\u00e7\u00e3o. J\u00e1 no munic\u00edpio do Conde, a atua\u00e7\u00e3o integrada com a Pol\u00edcia Militar possibilitou a recupera\u00e7\u00e3o de um ve\u00edculo roubado com sinais de adultera\u00e7\u00e3o, que havia sido abandonado por suspeitos com poss\u00edvel liga\u00e7\u00e3o a uma fac\u00e7\u00e3o criminosa.<\/p>\n\n\n\n<p>Em Jo\u00e3o Pessoa, capital paraibana, por volta das 08h10, no km 21 da BR-230, uma equipe da PRF abordou um motociclista que conduzia uma motocicleta modelo Hornet em velocidade incompat\u00edvel com os demais ve\u00edculos e utilizando dispositivo anti-radar que ocultava a placa. Ao receber ordem de parada, o condutor inicialmente obedeceu, mas logo em seguida empreendeu fuga em alta velocidade por diversas ruas urbanas, colocando em risco a seguran\u00e7a dos demais condutores e pedestres. Prontamente, iniciou-se o acompanhamento t\u00e1tico, momento em que o ve\u00edculo foi interceptado. O condutor tentou entrar em um pr\u00e9dio, mas foi impedido pelos policiais. O indiv\u00edduo de 33 anos foi identificado e conduzido \u00e0 Pol\u00edcia Judici\u00e1ria. Ele poder\u00e1 responder por trafegar com velocidade incompat\u00edvel com a seguran\u00e7a e desobedi\u00eancia.<\/p>\n\n\n\n<p>A pr\u00f3xima ocorr\u00eancia desenvolveu-se no munic\u00edpio do Conde, regi\u00e3o metropolitana da capital, por volta das 19h55, no km 99 da BR-101, quando agentes da PRF foram comunicados que um ve\u00edculo Hyundai Creta com suspeita de os ocupantes pertencerem a uma fac\u00e7\u00e3o criminosa estaria em deslocamento sentido \u00e0 Unidade Operacional de Alhandra. Prontamente, dilig\u00eancias foram realizadas para intercept\u00e1-lo. No entanto, o ve\u00edculo n\u00e3o foi localizado. Momento em que as caracter\u00edsticas do ve\u00edculo foram repassadas para equipes da Pol\u00edcia Militar (PM). Ap\u00f3s buscas realizadas pela PM na regi\u00e3o, o autom\u00f3vel foi localizado, sendo iniciada uma persegui\u00e7\u00e3o dentro da zona urbana do munic\u00edpio, momento em que os ocupantes do ve\u00edculo abandonaram o autom\u00f3vel na mata e evadiram pela vegeta\u00e7\u00e3o. A PRF foi acionada para auxiliar na identifica\u00e7\u00e3o veicular, constatando diversos sinais de adultera\u00e7\u00e3o que indicavam se tratar de um ve\u00edculo com registro de roubo ocorrido em setembro de 2024 no munic\u00edpio de Recife, capital pernambucana. Diante da confirma\u00e7\u00e3o da adultera\u00e7\u00e3o, o ve\u00edculo foi encaminhado pela Pol\u00edcia Militar \u00e0 Delegacia de Pol\u00edcia Judici\u00e1ria de Alhandra, onde o autom\u00f3vel passar\u00e1 pelos tr\u00e2mites cab\u00edveis para ser devolvido ao seu leg\u00edtimo dono.<\/p>\n\n\n\n<p><strong><em>PB Agora<\/em><\/strong><\/p>\n","protected":false},"excerpt":{"rendered":"<p><img loading=\"lazy\" decoding=\"async\" width=\"1024\" height=\"733\" src=\"https:\/\/www.pbagora.com.br\/storage\/2025\/04\/prf-policia-rodoviaria-federal-agente-1024x733-1.jpg\" class=\"attachment-large size-large wp-post-image\" alt=\"\" srcset=\"https:\/\/www.pbagora.com.br\/storage\/2025\/04\/prf-policia-rodoviaria-federal-agente-1024x733-1.jpg 1024w, https:\/\/www.pbagora.com.br\/storage\/2025\/04\/prf-policia-rodoviaria-federal-agente-1024x733-1-300x215.jpg 300w, https:\/\/www.pbagora.com.br\/storage\/2025\/04\/prf-policia-rodoviaria-federal-agente-1024x733-1-150x107.jpg 150w, https:\/\/www.pbagora.com.br\/storage\/2025\/04\/prf-policia-rodoviaria-federal-agente-1024x733-1-768x550.jpg 768w, https:\/\/www.pbagora.com.br\/storage\/2025\/04\/prf-policia-rodoviaria-federal-agente-1024x733-1-380x272.jpg 380w, https:\/\/www.pbagora.com.br\/storage\/2025\/04\/prf-policia-rodoviaria-federal-agente-1024x733-1-800x573.jpg 800w, https:\/\/www.pbagora.com.br\/storage\/2025\/04\/prf-policia-rodoviaria-federal-agente-1024x733-1-80x58.jpg 80w, https:\/\/www.pbagora.com.br\/storage\/2025\/04\/prf-policia-rodoviaria-federal-agente-1024x733-1-760x544.jpg 760w, https:\/\/www.pbagora.com.br\/storage\/2025\/04\/prf-policia-rodoviaria-federal-agente-1024x733-1-600x429.jpg 600w\" sizes=\"auto, (max-width: 1024px) 100vw, 1024px\"><\/p>\n<p>A Pol\u00edcia Rodovi\u00e1ria Federal (PRF) na Para\u00edba registrou duas ocorr\u00eancias de destaque nessa quinta-feira (22) na Para\u00edba. Em\u2026<\/p>\n","protected":false},"author":123457,"featured_media":0,"comment_status":"closed","ping_status":"closed","sticky":false,"template":"","format":"standard","meta":{"advgb_blocks_editor_width":"","advgb_blocks_columns_visual_guide":"","footnotes":""},"categories":[34],"tags":[35,10839,10842],"class_list":["post-57413","post","type-post","status-publish","format-standard","hentry","category-g1","tag-g1","tag-policial","tag-principal3"],"author_meta":{"display_name":"Reda\u00e7\u00e3o","author_link":"https:\/\/sindaopcpb.org.br\/author\/redacao\/"},"featured_img":null,"coauthors":[],"tax_additional":{"categories":{"linked":["<a href=\"https:\/\/sindaopcpb.org.br\/g1\/\" class=\"advgb-post-tax-term\">G1<\/a>"],"unlinked":["<span class=\"advgb-post-tax-term\">G1<\/span>"]},"tags":{"linked":["<a href=\"https:\/\/sindaopcpb.org.br\/g1\/\" class=\"advgb-post-tax-term\">g1<\/a>","<a href=\"https:\/\/sindaopcpb.org.br\/g1\/\" class=\"advgb-post-tax-term\">Policial<\/a>","<a href=\"https:\/\/sindaopcpb.org.br\/g1\/\" class=\"advgb-post-tax-term\">Principal3<\/a>"],"unlinked":["<span class=\"advgb-post-tax-term\">g1<\/span>","<span class=\"advgb-post-tax-term\">Policial<\/span>","<span class=\"advgb-post-tax-term\">Principal3<\/span>"]}},"comment_count":"0","relative_dates":{"created":"Publicado 11 meses atr\u00e1s","modified":"Atualizado 11 meses atr\u00e1s"},"absolute_dates":{"created":"Publicado em 23 de maio de 2025","modified":"Atualizado em 23 de maio de 2025"},"absolute_dates_time":{"created":"Publicado em 23 de maio de 2025 11:27","modified":"Atualizado em 23 de maio de 2025 11:27"},"featured_img_caption":"","series_order":"","_links":{"self":[{"href":"https:\/\/sindaopcpb.org.br\/index.php\/wp-json\/wp\/v2\/posts\/57413","targetHints":{"allow":["GET"]}}],"collection":[{"href":"https:\/\/sindaopcpb.org.br\/index.php\/wp-json\/wp\/v2\/posts"}],"about":[{"href":"https:\/\/sindaopcpb.org.br\/index.php\/wp-json\/wp\/v2\/types\/post"}],"author":[{"embeddable":true,"href":"https:\/\/sindaopcpb.org.br\/index.php\/wp-json\/wp\/v2\/users\/123457"}],"replies":[{"embeddable":true,"href":"https:\/\/sindaopcpb.org.br\/index.php\/wp-json\/wp\/v2\/comments?post=57413"}],"version-history":[{"count":2,"href":"https:\/\/sindaopcpb.org.br\/index.php\/wp-json\/wp\/v2\/posts\/57413\/revisions"}],"predecessor-version":[{"id":57424,"href":"https:\/\/sindaopcpb.org.br\/index.php\/wp-json\/wp\/v2\/posts\/57413\/revisions\/57424"}],"wp:attachment":[{"href":"https:\/\/sindaopcpb.org.br\/index.php\/wp-json\/wp\/v2\/media?parent=57413"}],"wp:term":[{"taxonomy":"category","embeddable":true,"href":"https:\/\/sindaopcpb.org.br\/index.php\/wp-json\/wp\/v2\/categories?post=57413"},{"taxonomy":"post_tag","embeddable":true,"href":"https:\/\/sindaopcpb.org.br\/index.php\/wp-json\/wp\/v2\/tags?post=57413"}],"curies":[{"name":"wp","href":"https:\/\/api.w.org\/{rel}","templated":true}]}}