{"id":57409,"date":"2025-05-23T09:38:37","date_gmt":"2025-05-23T12:38:37","guid":{"rendered":"https:\/\/www.pbagora.com.br\/?p=901060"},"modified":"2025-05-23T11:38:37","modified_gmt":"2025-05-23T14:38:37","slug":"policial-militar-e-ex-vereador-sao-presos-suspeitos-de-manter-plantacao-de-maconha-no-cariri-paraibano","status":"publish","type":"post","link":"https:\/\/sindaopcpb.org.br\/index.php\/2025\/05\/23\/policial-militar-e-ex-vereador-sao-presos-suspeitos-de-manter-plantacao-de-maconha-no-cariri-paraibano\/","title":{"rendered":"Policial militar e ex-vereador s\u00e3o presos suspeitos de manter planta\u00e7\u00e3o de maconha no Cariri paraibano"},"content":{"rendered":"<p><img width=\"797\" height=\"570\" src=\"https:\/\/www.pbagora.com.br\/storage\/2025\/05\/WhatsApp-Image-2025-05-23-at-07.43.24.jpeg\" class=\"attachment-large size-large wp-post-image\" alt=\"\" style=\"margin-bottom: 20px;\" decoding=\"async\" loading=\"lazy\" srcset=\"https:\/\/www.pbagora.com.br\/storage\/2025\/05\/WhatsApp-Image-2025-05-23-at-07.43.24.jpeg 797w, https:\/\/www.pbagora.com.br\/storage\/2025\/05\/WhatsApp-Image-2025-05-23-at-07.43.24-300x215.jpeg 300w, https:\/\/www.pbagora.com.br\/storage\/2025\/05\/WhatsApp-Image-2025-05-23-at-07.43.24-150x107.jpeg 150w, https:\/\/www.pbagora.com.br\/storage\/2025\/05\/WhatsApp-Image-2025-05-23-at-07.43.24-768x549.jpeg 768w, https:\/\/www.pbagora.com.br\/storage\/2025\/05\/WhatsApp-Image-2025-05-23-at-07.43.24-380x272.jpeg 380w, https:\/\/www.pbagora.com.br\/storage\/2025\/05\/WhatsApp-Image-2025-05-23-at-07.43.24-80x58.jpeg 80w, https:\/\/www.pbagora.com.br\/storage\/2025\/05\/WhatsApp-Image-2025-05-23-at-07.43.24-760x544.jpeg 760w, https:\/\/www.pbagora.com.br\/storage\/2025\/05\/WhatsApp-Image-2025-05-23-at-07.43.24-600x429.jpeg 600w\" sizes=\"auto, (max-width: 797px) 100vw, 797px\" \/><\/p>\n<p>Uma opera\u00e7\u00e3o conjunta da Pol\u00edcia Civil da Para\u00edba e da Delegacia de Repress\u00e3o ao Crime Organizado (Draco) desmantelou uma planta\u00e7\u00e3o com cerca de 15 mil p\u00e9s de maconha, localizada na zona rural de Tapero\u00e1, no Cariri paraibano. A a\u00e7\u00e3o, realizada nessa quinta-feira (22), resultou na pris\u00e3o de sete homens, entre eles um policial militar, suspeito de ser o propriet\u00e1rio da lavoura ilegal e um eex-vereador.<\/p>\n\n\n\n<p>Durante a opera\u00e7\u00e3o, os agentes tamb\u00e9m realizaram a incinera\u00e7\u00e3o da droga no pr\u00f3prio local, ap\u00f3s recolherem amostras que ser\u00e3o encaminhadas para per\u00edcia na Central de Pol\u00edcia Civil, em Campina Grande.<\/p>\n\n\n\n<p>As investiga\u00e7\u00f5es apontam que o policial militar preso seria o dono da planta\u00e7\u00e3o de maconha.<\/p>\n\n\n\n<p>Al\u00e9m do policial, outros seis homens foram detidos, sendo tr\u00eas naturais de Pernambuco, que, segundo a pol\u00edcia, atuavam diretamente no cultivo e na manuten\u00e7\u00e3o da planta\u00e7\u00e3o. O papel dos outros tr\u00eas presos n\u00e3o foi detalhado at\u00e9 agora. Durante a abordagem, os suspeitos tentaram fugir, mas foram capturados em flagrante pelas for\u00e7as de seguran\u00e7a.<\/p>\n\n\n\n<p>A Pol\u00edcia Civil informou que as investiga\u00e7\u00f5es continuam para identificar todos os respons\u00e1veis pela propriedade onde funcionava a lavoura de entorpecentes, al\u00e9m de apurar se h\u00e1 outros envolvidos, inclusive na log\u00edstica e comercializa\u00e7\u00e3o da droga.<\/p>\n\n\n\n<p><strong><em>PB Agora<\/em><\/strong><\/p>\n","protected":false},"excerpt":{"rendered":"<p><img decoding=\"async\" width=\"797\" height=\"570\" src=\"https:\/\/www.pbagora.com.br\/storage\/2025\/05\/WhatsApp-Image-2025-05-23-at-07.43.24.jpeg\" class=\"attachment-large size-large wp-post-image\" alt=\"\" loading=\"lazy\" srcset=\"https:\/\/www.pbagora.com.br\/storage\/2025\/05\/WhatsApp-Image-2025-05-23-at-07.43.24.jpeg 797w, https:\/\/www.pbagora.com.br\/storage\/2025\/05\/WhatsApp-Image-2025-05-23-at-07.43.24-300x215.jpeg 300w, https:\/\/www.pbagora.com.br\/storage\/2025\/05\/WhatsApp-Image-2025-05-23-at-07.43.24-150x107.jpeg 150w, https:\/\/www.pbagora.com.br\/storage\/2025\/05\/WhatsApp-Image-2025-05-23-at-07.43.24-768x549.jpeg 768w, https:\/\/www.pbagora.com.br\/storage\/2025\/05\/WhatsApp-Image-2025-05-23-at-07.43.24-380x272.jpeg 380w, https:\/\/www.pbagora.com.br\/storage\/2025\/05\/WhatsApp-Image-2025-05-23-at-07.43.24-80x58.jpeg 80w, https:\/\/www.pbagora.com.br\/storage\/2025\/05\/WhatsApp-Image-2025-05-23-at-07.43.24-760x544.jpeg 760w, https:\/\/www.pbagora.com.br\/storage\/2025\/05\/WhatsApp-Image-2025-05-23-at-07.43.24-600x429.jpeg 600w\" sizes=\"auto, (max-width: 797px) 100vw, 797px\"><\/p>\n<p>Uma opera\u00e7\u00e3o conjunta da Pol\u00edcia Civil da Para\u00edba e da Delegacia de Repress\u00e3o ao Crime Organizado (Draco) desmantelou\u2026<\/p>\n","protected":false},"author":123457,"featured_media":0,"comment_status":"closed","ping_status":"closed","sticky":false,"template":"","format":"standard","meta":{"advgb_blocks_editor_width":"","advgb_blocks_columns_visual_guide":"","footnotes":""},"categories":[34],"tags":[35,10839,10846],"class_list":["post-57409","post","type-post","status-publish","format-standard","hentry","category-g1","tag-g1","tag-policial","tag-rodape-02"],"author_meta":{"display_name":"Reda\u00e7\u00e3o","author_link":"https:\/\/sindaopcpb.org.br\/author\/redacao\/"},"featured_img":null,"coauthors":[],"tax_additional":{"categories":{"linked":["<a href=\"https:\/\/sindaopcpb.org.br\/g1\/\" class=\"advgb-post-tax-term\">G1<\/a>"],"unlinked":["<span class=\"advgb-post-tax-term\">G1<\/span>"]},"tags":{"linked":["<a href=\"https:\/\/sindaopcpb.org.br\/g1\/\" class=\"advgb-post-tax-term\">g1<\/a>","<a href=\"https:\/\/sindaopcpb.org.br\/g1\/\" class=\"advgb-post-tax-term\">Policial<\/a>","<a href=\"https:\/\/sindaopcpb.org.br\/g1\/\" class=\"advgb-post-tax-term\">Rodape 02<\/a>"],"unlinked":["<span class=\"advgb-post-tax-term\">g1<\/span>","<span class=\"advgb-post-tax-term\">Policial<\/span>","<span class=\"advgb-post-tax-term\">Rodape 02<\/span>"]}},"comment_count":"0","relative_dates":{"created":"Publicado 12 meses atr\u00e1s","modified":"Atualizado 11 meses atr\u00e1s"},"absolute_dates":{"created":"Publicado em 23 de maio de 2025","modified":"Atualizado em 23 de maio de 2025"},"absolute_dates_time":{"created":"Publicado em 23 de maio de 2025 09:38","modified":"Atualizado em 23 de maio de 2025 11:38"},"featured_img_caption":"","series_order":"","_links":{"self":[{"href":"https:\/\/sindaopcpb.org.br\/index.php\/wp-json\/wp\/v2\/posts\/57409","targetHints":{"allow":["GET"]}}],"collection":[{"href":"https:\/\/sindaopcpb.org.br\/index.php\/wp-json\/wp\/v2\/posts"}],"about":[{"href":"https:\/\/sindaopcpb.org.br\/index.php\/wp-json\/wp\/v2\/types\/post"}],"author":[{"embeddable":true,"href":"https:\/\/sindaopcpb.org.br\/index.php\/wp-json\/wp\/v2\/users\/123457"}],"replies":[{"embeddable":true,"href":"https:\/\/sindaopcpb.org.br\/index.php\/wp-json\/wp\/v2\/comments?post=57409"}],"version-history":[{"count":3,"href":"https:\/\/sindaopcpb.org.br\/index.php\/wp-json\/wp\/v2\/posts\/57409\/revisions"}],"predecessor-version":[{"id":57421,"href":"https:\/\/sindaopcpb.org.br\/index.php\/wp-json\/wp\/v2\/posts\/57409\/revisions\/57421"}],"wp:attachment":[{"href":"https:\/\/sindaopcpb.org.br\/index.php\/wp-json\/wp\/v2\/media?parent=57409"}],"wp:term":[{"taxonomy":"category","embeddable":true,"href":"https:\/\/sindaopcpb.org.br\/index.php\/wp-json\/wp\/v2\/categories?post=57409"},{"taxonomy":"post_tag","embeddable":true,"href":"https:\/\/sindaopcpb.org.br\/index.php\/wp-json\/wp\/v2\/tags?post=57409"}],"curies":[{"name":"wp","href":"https:\/\/api.w.org\/{rel}","templated":true}]}}