{"id":57404,"date":"2025-05-23T06:12:52","date_gmt":"2025-05-23T09:12:52","guid":{"rendered":"https:\/\/www.pbagora.com.br\/?p=901015"},"modified":"2025-05-23T06:12:52","modified_gmt":"2025-05-23T09:12:52","slug":"pc-deflagra-operacao-contra-o-trafico-prende-dois-homens-e-deixa-um-ferido-em-bayeux","status":"publish","type":"post","link":"https:\/\/sindaopcpb.org.br\/index.php\/2025\/05\/23\/pc-deflagra-operacao-contra-o-trafico-prende-dois-homens-e-deixa-um-ferido-em-bayeux\/","title":{"rendered":"PC deflagra opera\u00e7\u00e3o contra o tr\u00e1fico prende dois homens e deixa um ferido em Bayeux"},"content":{"rendered":"<p><img width=\"800\" height=\"500\" src=\"https:\/\/www.pbagora.com.br\/storage\/2025\/05\/PCCCCCCC.webp\" class=\"attachment-large size-large wp-post-image\" alt=\"\" style=\"margin-bottom: 20px;\" decoding=\"async\" loading=\"lazy\" srcset=\"https:\/\/www.pbagora.com.br\/storage\/2025\/05\/PCCCCCCC.webp 800w, https:\/\/www.pbagora.com.br\/storage\/2025\/05\/PCCCCCCC-300x188.webp 300w, https:\/\/www.pbagora.com.br\/storage\/2025\/05\/PCCCCCCC-150x94.webp 150w, https:\/\/www.pbagora.com.br\/storage\/2025\/05\/PCCCCCCC-768x480.webp 768w, https:\/\/www.pbagora.com.br\/storage\/2025\/05\/PCCCCCCC-380x238.webp 380w, https:\/\/www.pbagora.com.br\/storage\/2025\/05\/PCCCCCCC-80x50.webp 80w, https:\/\/www.pbagora.com.br\/storage\/2025\/05\/PCCCCCCC-760x475.webp 760w, https:\/\/www.pbagora.com.br\/storage\/2025\/05\/PCCCCCCC-600x375.webp 600w\" sizes=\"auto, (max-width: 800px) 100vw, 800px\" \/><\/p>\n<p><\/p>\n\n\n\n<p>Uma opera\u00e7\u00e3o da Pol\u00edcia Civil realizada na tarde de ontem (22) resultou na pris\u00e3o de um homem e na apreens\u00e3o de um adolescente suspeitos de tr\u00e1fico de drogas, no bairro do Sesi, na cidade de Bayeux, na Grande Jo\u00e3o Pessoa. Segundo o delegado Jo\u00e3o Paulo Amazonas, os suspeitos tentaram fugir, e um terceiro envolvido foi baleado durante a a\u00e7\u00e3o.<\/p>\n\n\n\n<p>Conforme o delegado, durante uma ronda policial na regi\u00e3o, dois suspeitos de envolvimento com o tr\u00e1fico de drogas foram localizados em um ponto estrat\u00e9gico da comunidade. A dupla, conforme a pol\u00edcia, \u00e9 integrante de uma fac\u00e7\u00e3o criminosa atuante na \u00e1rea.<\/p>\n\n\n\n<p>Ainda de acordo com a pol\u00edcia, o grupo tem for\u00e7ado moradores a deixarem suas casas para transform\u00e1-las em pontos de venda de drogas. Um terceiro envolvido tentou fugir, foi baleado e encaminhado ao Hospital de Trauma de Jo\u00e3o Pessoa.<\/p>\n\n\n\n<p>Os suspeitos foram identificados, sendo que um deles possu\u00eda um mandado de pris\u00e3o em aberto. Durante a a\u00e7\u00e3o policial, foi apreendida uma grande quantidade de drogas, dinheiro fracionado, muni\u00e7\u00f5es de calibres variados e o carregador de uma pistola, que foi deixado para tr\u00e1s pelos suspeitos durante a tentativa de fuga.<\/p>\n\n\n\n<p>Ambos os indiv\u00edduos foram encaminhados \u00e0 Delegacia de Pol\u00edcia Civil, onde permanecem \u00e0 disposi\u00e7\u00e3o da Justi\u00e7a.<\/p>\n\n\n\n<p>Reda\u00e7\u00e3o<\/p>\n","protected":false},"excerpt":{"rendered":"<p><img loading=\"lazy\" decoding=\"async\" width=\"800\" height=\"500\" src=\"https:\/\/www.pbagora.com.br\/storage\/2025\/05\/PCCCCCCC.webp\" class=\"attachment-large size-large wp-post-image\" alt=\"\" srcset=\"https:\/\/www.pbagora.com.br\/storage\/2025\/05\/PCCCCCCC.webp 800w, https:\/\/www.pbagora.com.br\/storage\/2025\/05\/PCCCCCCC-300x188.webp 300w, https:\/\/www.pbagora.com.br\/storage\/2025\/05\/PCCCCCCC-150x94.webp 150w, https:\/\/www.pbagora.com.br\/storage\/2025\/05\/PCCCCCCC-768x480.webp 768w, https:\/\/www.pbagora.com.br\/storage\/2025\/05\/PCCCCCCC-380x238.webp 380w, https:\/\/www.pbagora.com.br\/storage\/2025\/05\/PCCCCCCC-80x50.webp 80w, https:\/\/www.pbagora.com.br\/storage\/2025\/05\/PCCCCCCC-760x475.webp 760w, https:\/\/www.pbagora.com.br\/storage\/2025\/05\/PCCCCCCC-600x375.webp 600w\" sizes=\"auto, (max-width: 800px) 100vw, 800px\"><\/p>\n<p>Uma opera\u00e7\u00e3o da Pol\u00edcia Civil realizada na tarde de ontem (22) resultou na pris\u00e3o de um homem e\u2026<\/p>\n","protected":false},"author":123457,"featured_media":0,"comment_status":"closed","ping_status":"closed","sticky":false,"template":"","format":"standard","meta":{"advgb_blocks_editor_width":"","advgb_blocks_columns_visual_guide":"","footnotes":""},"categories":[34],"tags":[35,10839,10842],"class_list":["post-57404","post","type-post","status-publish","format-standard","hentry","category-g1","tag-g1","tag-policial","tag-principal3"],"author_meta":{"display_name":"Reda\u00e7\u00e3o","author_link":"https:\/\/sindaopcpb.org.br\/author\/redacao\/"},"featured_img":null,"coauthors":[],"tax_additional":{"categories":{"linked":["<a href=\"https:\/\/sindaopcpb.org.br\/g1\/\" class=\"advgb-post-tax-term\">G1<\/a>"],"unlinked":["<span class=\"advgb-post-tax-term\">G1<\/span>"]},"tags":{"linked":["<a href=\"https:\/\/sindaopcpb.org.br\/g1\/\" class=\"advgb-post-tax-term\">g1<\/a>","<a href=\"https:\/\/sindaopcpb.org.br\/g1\/\" class=\"advgb-post-tax-term\">Policial<\/a>","<a href=\"https:\/\/sindaopcpb.org.br\/g1\/\" class=\"advgb-post-tax-term\">Principal3<\/a>"],"unlinked":["<span class=\"advgb-post-tax-term\">g1<\/span>","<span class=\"advgb-post-tax-term\">Policial<\/span>","<span class=\"advgb-post-tax-term\">Principal3<\/span>"]}},"comment_count":"0","relative_dates":{"created":"Publicado 12 meses atr\u00e1s","modified":"Atualizado 12 meses atr\u00e1s"},"absolute_dates":{"created":"Publicado em 23 de maio de 2025","modified":"Atualizado em 23 de maio de 2025"},"absolute_dates_time":{"created":"Publicado em 23 de maio de 2025 06:12","modified":"Atualizado em 23 de maio de 2025 06:12"},"featured_img_caption":"","series_order":"","_links":{"self":[{"href":"https:\/\/sindaopcpb.org.br\/index.php\/wp-json\/wp\/v2\/posts\/57404","targetHints":{"allow":["GET"]}}],"collection":[{"href":"https:\/\/sindaopcpb.org.br\/index.php\/wp-json\/wp\/v2\/posts"}],"about":[{"href":"https:\/\/sindaopcpb.org.br\/index.php\/wp-json\/wp\/v2\/types\/post"}],"author":[{"embeddable":true,"href":"https:\/\/sindaopcpb.org.br\/index.php\/wp-json\/wp\/v2\/users\/123457"}],"replies":[{"embeddable":true,"href":"https:\/\/sindaopcpb.org.br\/index.php\/wp-json\/wp\/v2\/comments?post=57404"}],"version-history":[{"count":2,"href":"https:\/\/sindaopcpb.org.br\/index.php\/wp-json\/wp\/v2\/posts\/57404\/revisions"}],"predecessor-version":[{"id":57412,"href":"https:\/\/sindaopcpb.org.br\/index.php\/wp-json\/wp\/v2\/posts\/57404\/revisions\/57412"}],"wp:attachment":[{"href":"https:\/\/sindaopcpb.org.br\/index.php\/wp-json\/wp\/v2\/media?parent=57404"}],"wp:term":[{"taxonomy":"category","embeddable":true,"href":"https:\/\/sindaopcpb.org.br\/index.php\/wp-json\/wp\/v2\/categories?post=57404"},{"taxonomy":"post_tag","embeddable":true,"href":"https:\/\/sindaopcpb.org.br\/index.php\/wp-json\/wp\/v2\/tags?post=57404"}],"curies":[{"name":"wp","href":"https:\/\/api.w.org\/{rel}","templated":true}]}}