{"id":57390,"date":"2025-05-22T09:22:37","date_gmt":"2025-05-22T12:22:37","guid":{"rendered":"https:\/\/www.pbagora.com.br\/?p=900908"},"modified":"2025-05-22T09:22:37","modified_gmt":"2025-05-22T12:22:37","slug":"funcionario-e-preso-suspeito-de-furtar-materiais-da-empresa-onde-trabalhava-em-joao-pessoa","status":"publish","type":"post","link":"https:\/\/sindaopcpb.org.br\/index.php\/2025\/05\/22\/funcionario-e-preso-suspeito-de-furtar-materiais-da-empresa-onde-trabalhava-em-joao-pessoa\/","title":{"rendered":"Funcion\u00e1rio \u00e9 preso suspeito de furtar materiais da empresa onde trabalhava, em Jo\u00e3o Pessoa"},"content":{"rendered":"<p><img width=\"719\" height=\"587\" src=\"https:\/\/www.pbagora.com.br\/storage\/2025\/05\/WhatsApp-Image-2025-05-22-at-09.17.27.jpeg\" class=\"attachment-large size-large wp-post-image\" alt=\"\" style=\"margin-bottom: 20px;\" decoding=\"async\" loading=\"lazy\" srcset=\"https:\/\/www.pbagora.com.br\/storage\/2025\/05\/WhatsApp-Image-2025-05-22-at-09.17.27.jpeg 719w, https:\/\/www.pbagora.com.br\/storage\/2025\/05\/WhatsApp-Image-2025-05-22-at-09.17.27-300x245.jpeg 300w, https:\/\/www.pbagora.com.br\/storage\/2025\/05\/WhatsApp-Image-2025-05-22-at-09.17.27-150x122.jpeg 150w, https:\/\/www.pbagora.com.br\/storage\/2025\/05\/WhatsApp-Image-2025-05-22-at-09.17.27-380x310.jpeg 380w, https:\/\/www.pbagora.com.br\/storage\/2025\/05\/WhatsApp-Image-2025-05-22-at-09.17.27-80x65.jpeg 80w, https:\/\/www.pbagora.com.br\/storage\/2025\/05\/WhatsApp-Image-2025-05-22-at-09.17.27-600x490.jpeg 600w\" sizes=\"auto, (max-width: 719px) 100vw, 719px\" \/><\/p>\n<p>A Pol\u00edcia Civil da Para\u00edba, por meio da Delegacia de Crimes Contra o Patrim\u00f4nio da Capital (DCCPAT), prendeu em flagrante, nessa quarta-feira (21), um homem de 25 anos pela pr\u00e1tica do crime de furto qualificado, em raz\u00e3o do abuso de confian\u00e7a.<\/p>\n\n\n\n<p>A pris\u00e3o ocorreu ap\u00f3s o propriet\u00e1rio de uma empresa de fabrica\u00e7\u00e3o de portas de madeira, situada no Distrito Industrial de Mangabeira, em Jo\u00e3o Pessoa, registrar boletim de ocorr\u00eancia relatando o desaparecimento de diversos equipamentos, ferramentas e mercadorias do estoque da empresa.<\/p>\n\n\n\n<p>Diante das informa\u00e7\u00f5es, os investigadores da DCCPAT iniciaram dilig\u00eancias e localizaram, em uma rede social, an\u00fancios de venda de produtos com caracter\u00edsticas semelhantes aos materiais furtados, publicados por um indiv\u00edduo residente no bairro Jardim Veneza.<\/p>\n\n\n\n<p>Ap\u00f3s monitoramento do local, a equipe policial abordou o suspeito, que confessou o crime e revelou ser funcion\u00e1rio da empresa v\u00edtima. Em sua resid\u00eancia, foram encontrados diversos itens subtra\u00eddos.<\/p>\n\n\n\n<p>Durante o interrogat\u00f3rio, o investigado confirmou que vinha comercializando os objetos furtados por meio do Facebook. Ele tamb\u00e9m indicou o endere\u00e7o de um comprador de uma lixadeira \u2014 tamb\u00e9m proveniente do furto \u2014 que foi posteriormente recuperada. O indiv\u00edduo que adquiriu o equipamento foi autuado pelo crime de recepta\u00e7\u00e3o.<\/p>\n\n\n\n<p>A Pol\u00edcia Civil da Para\u00edba refor\u00e7a o compromisso com o combate aos crimes patrimoniais, atuando de forma r\u00e1pida e eficaz na elucida\u00e7\u00e3o de casos e responsabiliza\u00e7\u00e3o dos envolvidos.<\/p>\n\n\n\n<p><strong><em>Reda\u00e7\u00e3o<\/em><\/strong><\/p>\n","protected":false},"excerpt":{"rendered":"<p><img loading=\"lazy\" decoding=\"async\" width=\"719\" height=\"587\" src=\"https:\/\/www.pbagora.com.br\/storage\/2025\/05\/WhatsApp-Image-2025-05-22-at-09.17.27.jpeg\" class=\"attachment-large size-large wp-post-image\" alt=\"\" srcset=\"https:\/\/www.pbagora.com.br\/storage\/2025\/05\/WhatsApp-Image-2025-05-22-at-09.17.27.jpeg 719w, https:\/\/www.pbagora.com.br\/storage\/2025\/05\/WhatsApp-Image-2025-05-22-at-09.17.27-300x245.jpeg 300w, https:\/\/www.pbagora.com.br\/storage\/2025\/05\/WhatsApp-Image-2025-05-22-at-09.17.27-150x122.jpeg 150w, https:\/\/www.pbagora.com.br\/storage\/2025\/05\/WhatsApp-Image-2025-05-22-at-09.17.27-380x310.jpeg 380w, https:\/\/www.pbagora.com.br\/storage\/2025\/05\/WhatsApp-Image-2025-05-22-at-09.17.27-80x65.jpeg 80w, https:\/\/www.pbagora.com.br\/storage\/2025\/05\/WhatsApp-Image-2025-05-22-at-09.17.27-600x490.jpeg 600w\" sizes=\"auto, (max-width: 719px) 100vw, 719px\"><\/p>\n<p>A Pol\u00edcia Civil da Para\u00edba, por meio da Delegacia de Crimes Contra o Patrim\u00f4nio da Capital (DCCPAT), prendeu\u2026<\/p>\n","protected":false},"author":123457,"featured_media":0,"comment_status":"closed","ping_status":"closed","sticky":false,"template":"","format":"standard","meta":{"advgb_blocks_editor_width":"","advgb_blocks_columns_visual_guide":"","footnotes":""},"categories":[34],"tags":[35,10839,10842],"class_list":["post-57390","post","type-post","status-publish","format-standard","hentry","category-g1","tag-g1","tag-policial","tag-principal3"],"author_meta":{"display_name":"Reda\u00e7\u00e3o","author_link":"https:\/\/sindaopcpb.org.br\/author\/redacao\/"},"featured_img":null,"coauthors":[],"tax_additional":{"categories":{"linked":["<a href=\"https:\/\/sindaopcpb.org.br\/g1\/\" class=\"advgb-post-tax-term\">G1<\/a>"],"unlinked":["<span class=\"advgb-post-tax-term\">G1<\/span>"]},"tags":{"linked":["<a href=\"https:\/\/sindaopcpb.org.br\/g1\/\" class=\"advgb-post-tax-term\">g1<\/a>","<a href=\"https:\/\/sindaopcpb.org.br\/g1\/\" class=\"advgb-post-tax-term\">Policial<\/a>","<a href=\"https:\/\/sindaopcpb.org.br\/g1\/\" class=\"advgb-post-tax-term\">Principal3<\/a>"],"unlinked":["<span class=\"advgb-post-tax-term\">g1<\/span>","<span class=\"advgb-post-tax-term\">Policial<\/span>","<span class=\"advgb-post-tax-term\">Principal3<\/span>"]}},"comment_count":"0","relative_dates":{"created":"Publicado 11 meses atr\u00e1s","modified":"Atualizado 11 meses atr\u00e1s"},"absolute_dates":{"created":"Publicado em 22 de maio de 2025","modified":"Atualizado em 22 de maio de 2025"},"absolute_dates_time":{"created":"Publicado em 22 de maio de 2025 09:22","modified":"Atualizado em 22 de maio de 2025 09:22"},"featured_img_caption":"","series_order":"","_links":{"self":[{"href":"https:\/\/sindaopcpb.org.br\/index.php\/wp-json\/wp\/v2\/posts\/57390","targetHints":{"allow":["GET"]}}],"collection":[{"href":"https:\/\/sindaopcpb.org.br\/index.php\/wp-json\/wp\/v2\/posts"}],"about":[{"href":"https:\/\/sindaopcpb.org.br\/index.php\/wp-json\/wp\/v2\/types\/post"}],"author":[{"embeddable":true,"href":"https:\/\/sindaopcpb.org.br\/index.php\/wp-json\/wp\/v2\/users\/123457"}],"replies":[{"embeddable":true,"href":"https:\/\/sindaopcpb.org.br\/index.php\/wp-json\/wp\/v2\/comments?post=57390"}],"version-history":[{"count":2,"href":"https:\/\/sindaopcpb.org.br\/index.php\/wp-json\/wp\/v2\/posts\/57390\/revisions"}],"predecessor-version":[{"id":57395,"href":"https:\/\/sindaopcpb.org.br\/index.php\/wp-json\/wp\/v2\/posts\/57390\/revisions\/57395"}],"wp:attachment":[{"href":"https:\/\/sindaopcpb.org.br\/index.php\/wp-json\/wp\/v2\/media?parent=57390"}],"wp:term":[{"taxonomy":"category","embeddable":true,"href":"https:\/\/sindaopcpb.org.br\/index.php\/wp-json\/wp\/v2\/categories?post=57390"},{"taxonomy":"post_tag","embeddable":true,"href":"https:\/\/sindaopcpb.org.br\/index.php\/wp-json\/wp\/v2\/tags?post=57390"}],"curies":[{"name":"wp","href":"https:\/\/api.w.org\/{rel}","templated":true}]}}