{"id":57353,"date":"2025-05-20T16:35:04","date_gmt":"2025-05-20T19:35:04","guid":{"rendered":"https:\/\/www.pbagora.com.br\/?p=900631"},"modified":"2025-05-20T16:35:04","modified_gmt":"2025-05-20T19:35:04","slug":"caminhao-tomba-e-motorista-fica-preso-as-ferragens-na-pb-051-entre-mari-e-caldas-brandao","status":"publish","type":"post","link":"https:\/\/sindaopcpb.org.br\/index.php\/2025\/05\/20\/caminhao-tomba-e-motorista-fica-preso-as-ferragens-na-pb-051-entre-mari-e-caldas-brandao\/","title":{"rendered":"Caminh\u00e3o tomba e motorista fica preso \u00e0s ferragens na PB-051, entre Mari e Caldas Brand\u00e3o"},"content":{"rendered":"<p><img width=\"971\" height=\"450\" src=\"https:\/\/www.pbagora.com.br\/storage\/2025\/05\/caminhao-capotou.avif\" class=\"attachment-large size-large wp-post-image\" alt=\"\" style=\"margin-bottom: 20px;\" decoding=\"async\" srcset=\"https:\/\/www.pbagora.com.br\/storage\/2025\/05\/caminhao-capotou.avif 971w, https:\/\/www.pbagora.com.br\/storage\/2025\/05\/caminhao-capotou-300x139.avif 300w, https:\/\/www.pbagora.com.br\/storage\/2025\/05\/caminhao-capotou-150x70.avif 150w, https:\/\/www.pbagora.com.br\/storage\/2025\/05\/caminhao-capotou-768x356.avif 768w, https:\/\/www.pbagora.com.br\/storage\/2025\/05\/caminhao-capotou-380x176.avif 380w, https:\/\/www.pbagora.com.br\/storage\/2025\/05\/caminhao-capotou-800x371.avif 800w, https:\/\/www.pbagora.com.br\/storage\/2025\/05\/caminhao-capotou-80x37.avif 80w, https:\/\/www.pbagora.com.br\/storage\/2025\/05\/caminhao-capotou-760x352.avif 760w, https:\/\/www.pbagora.com.br\/storage\/2025\/05\/caminhao-capotou-600x278.avif 600w\" sizes=\"(max-width: 971px) 100vw, 971px\" \/><\/p>\n<p>No in\u00edcio da tarde desta ter\u00e7a-feira (20), um caminh\u00e3o tombou na rodovia PB-051, que liga os munic\u00edpios de Mari e Caldas Brand\u00e3o, na Zona da Mata paraibana. O motorista ficou preso \u00e0s ferragens e precisou ser hospitalizado.<\/p>\n\n\n\n<p>De acordo com informa\u00e7\u00f5es de testemunhas, o condutor teria perdido o controle do caminh\u00e3o ap\u00f3s perceber uma falha mec\u00e2nica. Para evitar colidir contra outros ve\u00edculos, o motorista fez com que o caminh\u00e3o sa\u00edsse da pista, o que resultou no capotamento do ve\u00edculo que estava estava carregado com sacos de ra\u00e7\u00e3o. <\/p>\n\n\n\n<p>Preso \u00e0s ferragens, o condutor precisou da ajuda de populares para ser retirado do ve\u00edculo. Uma ambul\u00e2ncia da Prefeitura de Caldas Brand\u00e3o esteve no local e realizou os primeiros atendimentos \u00e0 v\u00edtima. Logo em seguida, o paciente foi conduzido ao uma unidade do Servi\u00e7o de Atendimento M\u00f3vel de Urg\u00eancia (SAMU) de Gurinh\u00e9m, que fez o transporte do motorista at\u00e9 um hospital<\/p>\n\n\n\n<p>N\u00e3o h\u00e1 informa\u00e7\u00f5es sobre o estado de sa\u00fade da v\u00edtima.<\/p>\n\n\n\n<p>A pol\u00edcia esteve no local, mas informou que s\u00f3 uma per\u00edcia no ve\u00edculo ser\u00e1 capaz de identificar a falha mec\u00e2nica que causou o acidente.<\/p>\n\n\n\n<p><\/p>\n\n\n\n<p><strong><em>PB Agora<\/em><\/strong> <\/p>\n","protected":false},"excerpt":{"rendered":"<p><img loading=\"lazy\" decoding=\"async\" width=\"971\" height=\"450\" src=\"https:\/\/www.pbagora.com.br\/storage\/2025\/05\/caminhao-capotou.avif\" class=\"attachment-large size-large wp-post-image\" alt=\"\" srcset=\"https:\/\/www.pbagora.com.br\/storage\/2025\/05\/caminhao-capotou.avif 971w, https:\/\/www.pbagora.com.br\/storage\/2025\/05\/caminhao-capotou-300x139.avif 300w, https:\/\/www.pbagora.com.br\/storage\/2025\/05\/caminhao-capotou-150x70.avif 150w, https:\/\/www.pbagora.com.br\/storage\/2025\/05\/caminhao-capotou-768x356.avif 768w, https:\/\/www.pbagora.com.br\/storage\/2025\/05\/caminhao-capotou-380x176.avif 380w, https:\/\/www.pbagora.com.br\/storage\/2025\/05\/caminhao-capotou-800x371.avif 800w, https:\/\/www.pbagora.com.br\/storage\/2025\/05\/caminhao-capotou-80x37.avif 80w, https:\/\/www.pbagora.com.br\/storage\/2025\/05\/caminhao-capotou-760x352.avif 760w, https:\/\/www.pbagora.com.br\/storage\/2025\/05\/caminhao-capotou-600x278.avif 600w\" sizes=\"auto, (max-width: 971px) 100vw, 971px\"><\/p>\n<p>No in\u00edcio da tarde desta ter\u00e7a-feira (20), um caminh\u00e3o tombou na rodovia PB-051, que liga os munic\u00edpios de\u2026<\/p>\n","protected":false},"author":123457,"featured_media":0,"comment_status":"closed","ping_status":"closed","sticky":false,"template":"","format":"standard","meta":{"advgb_blocks_editor_width":"","advgb_blocks_columns_visual_guide":"","footnotes":""},"categories":[34],"tags":[35,10839,10842],"class_list":["post-57353","post","type-post","status-publish","format-standard","hentry","category-g1","tag-g1","tag-policial","tag-principal3"],"author_meta":{"display_name":"Reda\u00e7\u00e3o","author_link":"https:\/\/sindaopcpb.org.br\/author\/redacao\/"},"featured_img":null,"coauthors":[],"tax_additional":{"categories":{"linked":["<a href=\"https:\/\/sindaopcpb.org.br\/g1\/\" class=\"advgb-post-tax-term\">G1<\/a>"],"unlinked":["<span class=\"advgb-post-tax-term\">G1<\/span>"]},"tags":{"linked":["<a href=\"https:\/\/sindaopcpb.org.br\/g1\/\" class=\"advgb-post-tax-term\">g1<\/a>","<a href=\"https:\/\/sindaopcpb.org.br\/g1\/\" class=\"advgb-post-tax-term\">Policial<\/a>","<a href=\"https:\/\/sindaopcpb.org.br\/g1\/\" class=\"advgb-post-tax-term\">Principal3<\/a>"],"unlinked":["<span class=\"advgb-post-tax-term\">g1<\/span>","<span class=\"advgb-post-tax-term\">Policial<\/span>","<span class=\"advgb-post-tax-term\">Principal3<\/span>"]}},"comment_count":"0","relative_dates":{"created":"Publicado 12 meses atr\u00e1s","modified":"Atualizado 12 meses atr\u00e1s"},"absolute_dates":{"created":"Publicado em 20 de maio de 2025","modified":"Atualizado em 20 de maio de 2025"},"absolute_dates_time":{"created":"Publicado em 20 de maio de 2025 16:35","modified":"Atualizado em 20 de maio de 2025 16:35"},"featured_img_caption":"","series_order":"","_links":{"self":[{"href":"https:\/\/sindaopcpb.org.br\/index.php\/wp-json\/wp\/v2\/posts\/57353","targetHints":{"allow":["GET"]}}],"collection":[{"href":"https:\/\/sindaopcpb.org.br\/index.php\/wp-json\/wp\/v2\/posts"}],"about":[{"href":"https:\/\/sindaopcpb.org.br\/index.php\/wp-json\/wp\/v2\/types\/post"}],"author":[{"embeddable":true,"href":"https:\/\/sindaopcpb.org.br\/index.php\/wp-json\/wp\/v2\/users\/123457"}],"replies":[{"embeddable":true,"href":"https:\/\/sindaopcpb.org.br\/index.php\/wp-json\/wp\/v2\/comments?post=57353"}],"version-history":[{"count":1,"href":"https:\/\/sindaopcpb.org.br\/index.php\/wp-json\/wp\/v2\/posts\/57353\/revisions"}],"predecessor-version":[{"id":57355,"href":"https:\/\/sindaopcpb.org.br\/index.php\/wp-json\/wp\/v2\/posts\/57353\/revisions\/57355"}],"wp:attachment":[{"href":"https:\/\/sindaopcpb.org.br\/index.php\/wp-json\/wp\/v2\/media?parent=57353"}],"wp:term":[{"taxonomy":"category","embeddable":true,"href":"https:\/\/sindaopcpb.org.br\/index.php\/wp-json\/wp\/v2\/categories?post=57353"},{"taxonomy":"post_tag","embeddable":true,"href":"https:\/\/sindaopcpb.org.br\/index.php\/wp-json\/wp\/v2\/tags?post=57353"}],"curies":[{"name":"wp","href":"https:\/\/api.w.org\/{rel}","templated":true}]}}