{"id":57319,"date":"2025-05-19T16:44:46","date_gmt":"2025-05-19T19:44:46","guid":{"rendered":"https:\/\/www.pbagora.com.br\/?p=900396"},"modified":"2025-05-19T16:44:46","modified_gmt":"2025-05-19T19:44:46","slug":"desaparecidos-maioria-dos-boletins-na-pb-e-registrada-por-maes-revela-levantamento","status":"publish","type":"post","link":"https:\/\/sindaopcpb.org.br\/index.php\/2025\/05\/19\/desaparecidos-maioria-dos-boletins-na-pb-e-registrada-por-maes-revela-levantamento\/","title":{"rendered":"Desaparecidos: maioria dos boletins na PB \u00e9 registrada por m\u00e3es, revela levantamento"},"content":{"rendered":"<p><img width=\"1024\" height=\"683\" src=\"https:\/\/www.pbagora.com.br\/storage\/2025\/05\/WhatsApp-Image-2025-05-19-at-12.26.09-1024x683.jpeg\" class=\"attachment-large size-large wp-post-image\" alt=\"\" style=\"margin-bottom: 20px;\" decoding=\"async\" loading=\"lazy\" srcset=\"https:\/\/www.pbagora.com.br\/storage\/2025\/05\/WhatsApp-Image-2025-05-19-at-12.26.09-1024x683.jpeg 1024w, https:\/\/www.pbagora.com.br\/storage\/2025\/05\/WhatsApp-Image-2025-05-19-at-12.26.09-300x200.jpeg 300w, https:\/\/www.pbagora.com.br\/storage\/2025\/05\/WhatsApp-Image-2025-05-19-at-12.26.09-150x100.jpeg 150w, https:\/\/www.pbagora.com.br\/storage\/2025\/05\/WhatsApp-Image-2025-05-19-at-12.26.09-768x512.jpeg 768w, https:\/\/www.pbagora.com.br\/storage\/2025\/05\/WhatsApp-Image-2025-05-19-at-12.26.09-380x253.jpeg 380w, https:\/\/www.pbagora.com.br\/storage\/2025\/05\/WhatsApp-Image-2025-05-19-at-12.26.09-800x533.jpeg 800w, https:\/\/www.pbagora.com.br\/storage\/2025\/05\/WhatsApp-Image-2025-05-19-at-12.26.09-80x53.jpeg 80w, https:\/\/www.pbagora.com.br\/storage\/2025\/05\/WhatsApp-Image-2025-05-19-at-12.26.09-760x507.jpeg 760w, https:\/\/www.pbagora.com.br\/storage\/2025\/05\/WhatsApp-Image-2025-05-19-at-12.26.09-600x400.jpeg 600w, https:\/\/www.pbagora.com.br\/storage\/2025\/05\/WhatsApp-Image-2025-05-19-at-12.26.09.jpeg 1080w\" sizes=\"auto, (max-width: 1024px) 100vw, 1024px\" \/><\/p>\n<p><em>Entre janeiro e abril de 2025, 86 m\u00e3es registram desaparecimento de filhos na Para\u00edba; 88% dos casos s\u00e3o resolvidos<br><\/em><br><br>Dos 281 registros de pessoas desaparecidas na Para\u00edba, 86 foram comunicados pela m\u00e3e da pessoa procurada. Os dados s\u00e3o referentes ao per\u00edodo de janeiro a abril de 2025. Do total de desaparecidos nesse quadrimestre, a Pol\u00edcia Civil contabiliza 248 pessoas j\u00e1 encontradas, o que significa 88% de localiza\u00e7\u00f5es. De acordo com levantamento do Minist\u00e9rio da Justi\u00e7a, a Para\u00edba tem o melhor percentual de elucida\u00e7\u00e3o de desaparecimento de pessoas do Norte\/Nordeste e ocupa a quarta melhor coloca\u00e7\u00e3o no ranking nacional.<\/p>\n\n\n\n<p>Depois da m\u00e3e, o pai da pessoa desaparecida aparece em segundo lugar na condi\u00e7\u00e3o de comunicante, com 33 registros de ocorr\u00eancia formalizados na Pol\u00edcia Civil entre janeiro e abril deste ano. Em seguida, v\u00eam o conjunge (32 comunica\u00e7\u00f5es), irm\u00e3 (24), parentesco n\u00e3o informado (20), filha (16), irm\u00e3o (14) e filho (12). Outros atores, como tio, av\u00f3, sobrinha, cunhado, entre outros, tamb\u00e9m constam nos estudos realizados pela Diretoria de Estat\u00edstica da Delegacia-Geral.<\/p>\n\n\n\n<p>O delegado-geral da PCPB, Andr\u00e9 Rabelo, disse que, al\u00e9m de se empenhar na busca pelas pessoas desaparecidas, a Pol\u00edcia Civil vem alimentando um banco de dados sobre a tem\u00e1tica com o m\u00e1ximo de informa\u00e7\u00f5es poss\u00edvel. O objetivo \u00e9 conhecer as ra\u00edzes dos problemas que possam resultar no desaparecimento dessas pessoas, contribuindo, assim, para a ado\u00e7\u00e3o de pol\u00edticas p\u00fablicas que possam diminuir a incid\u00eancia desse tipo de ocorr\u00eancia.<\/p>\n\n\n\n<p>\u201cA Delegacia-Geral, por meio de sua Diretoria de Estat\u00edstica, est\u00e1 fazendo um verdadeiro \u2018raio x\u2019 da quest\u00e3o: os munic\u00edpios onde os casos s\u00e3o registrados; a classifica\u00e7\u00e3o de pessoas desaparecidas por g\u00eanero e idade; os dias da semana em que os casos ocorrem; as poss\u00edveis motiva\u00e7\u00f5es para o desaparecimento dessas pessoas; o grau de parentesco de quem faz o registro do Boletim de Ocorr\u00eancia; enfim. Um leque de informa\u00e7\u00f5es bem detalhadas, de modo que possamos montar o cen\u00e1rio mais real poss\u00edvel do problema\u201d, explicou Andr\u00e9 Rabelo.<\/p>\n\n\n\n<p>Abrang\u00eancia estadual<\/p>\n\n\n\n<p>Em alguns estados, existem delegacias especializadas em busca por pessoas desaparecidas. Como a situa\u00e7\u00e3o da Para\u00edba acerca do assunto \u00e9 considerada sob controle, a PCPB decidiu manter a responsabilidade desse tipo de investiga\u00e7\u00e3o para as delegacias e\/ou n\u00facleos de Homic\u00eddio, nos munic\u00edpios que disp\u00f5em dessas unidades. No caso da inexist\u00eancia dessas equipes, as investiga\u00e7\u00f5es ficam a cargo da Delegacia Seccional da \u00e1rea onde houver o registro de desaparecimento.<\/p>\n\n\n\n<p>\u201cAl\u00e9m disso, temos o que chamamos de busca ativa realizada pela pr\u00f3pria Diretoria de Estat\u00edstica, em que uma equipe da unidade faz consultas di\u00e1rias para localizar o paradeiro dessas pessoas informadas como desaparecidas. Ou seja, em toda as regi\u00f5es da Para\u00edba, a Pol\u00edcia Civil est\u00e1 fortemente empenhada na execu\u00e7\u00e3o desse trabalho\u201d, concluiu Rabelo.<\/p>\n\n\n\n<p><strong><em>Reda\u00e7\u00e3o<\/em><\/strong><\/p>\n","protected":false},"excerpt":{"rendered":"<p><img loading=\"lazy\" decoding=\"async\" width=\"1024\" height=\"683\" src=\"https:\/\/www.pbagora.com.br\/storage\/2025\/05\/WhatsApp-Image-2025-05-19-at-12.26.09-1024x683.jpeg\" class=\"attachment-large size-large wp-post-image\" alt=\"\" srcset=\"https:\/\/www.pbagora.com.br\/storage\/2025\/05\/WhatsApp-Image-2025-05-19-at-12.26.09-1024x683.jpeg 1024w, https:\/\/www.pbagora.com.br\/storage\/2025\/05\/WhatsApp-Image-2025-05-19-at-12.26.09-300x200.jpeg 300w, https:\/\/www.pbagora.com.br\/storage\/2025\/05\/WhatsApp-Image-2025-05-19-at-12.26.09-150x100.jpeg 150w, https:\/\/www.pbagora.com.br\/storage\/2025\/05\/WhatsApp-Image-2025-05-19-at-12.26.09-768x512.jpeg 768w, https:\/\/www.pbagora.com.br\/storage\/2025\/05\/WhatsApp-Image-2025-05-19-at-12.26.09-380x253.jpeg 380w, https:\/\/www.pbagora.com.br\/storage\/2025\/05\/WhatsApp-Image-2025-05-19-at-12.26.09-800x533.jpeg 800w, https:\/\/www.pbagora.com.br\/storage\/2025\/05\/WhatsApp-Image-2025-05-19-at-12.26.09-80x53.jpeg 80w, https:\/\/www.pbagora.com.br\/storage\/2025\/05\/WhatsApp-Image-2025-05-19-at-12.26.09-760x507.jpeg 760w, https:\/\/www.pbagora.com.br\/storage\/2025\/05\/WhatsApp-Image-2025-05-19-at-12.26.09-600x400.jpeg 600w, https:\/\/www.pbagora.com.br\/storage\/2025\/05\/WhatsApp-Image-2025-05-19-at-12.26.09.jpeg 1080w\" sizes=\"auto, (max-width: 1024px) 100vw, 1024px\"><\/p>\n<p>Entre janeiro e abril de 2025, 86 m\u00e3es registram desaparecimento de filhos na Para\u00edba; 88% dos casos s\u00e3o\u2026<\/p>\n","protected":false},"author":123457,"featured_media":0,"comment_status":"closed","ping_status":"closed","sticky":false,"template":"","format":"standard","meta":{"advgb_blocks_editor_width":"","advgb_blocks_columns_visual_guide":"","footnotes":""},"categories":[34],"tags":[10845,35,10839],"class_list":["post-57319","post","type-post","status-publish","format-standard","hentry","category-g1","tag-destaque-centro-01","tag-g1","tag-policial"],"author_meta":{"display_name":"Reda\u00e7\u00e3o","author_link":"https:\/\/sindaopcpb.org.br\/author\/redacao\/"},"featured_img":null,"coauthors":[],"tax_additional":{"categories":{"linked":["<a href=\"https:\/\/sindaopcpb.org.br\/g1\/\" class=\"advgb-post-tax-term\">G1<\/a>"],"unlinked":["<span class=\"advgb-post-tax-term\">G1<\/span>"]},"tags":{"linked":["<a href=\"https:\/\/sindaopcpb.org.br\/g1\/\" class=\"advgb-post-tax-term\">Destaque Centro 01<\/a>","<a href=\"https:\/\/sindaopcpb.org.br\/g1\/\" class=\"advgb-post-tax-term\">g1<\/a>","<a href=\"https:\/\/sindaopcpb.org.br\/g1\/\" class=\"advgb-post-tax-term\">Policial<\/a>"],"unlinked":["<span class=\"advgb-post-tax-term\">Destaque Centro 01<\/span>","<span class=\"advgb-post-tax-term\">g1<\/span>","<span class=\"advgb-post-tax-term\">Policial<\/span>"]}},"comment_count":"0","relative_dates":{"created":"Publicado 12 meses atr\u00e1s","modified":"Atualizado 12 meses atr\u00e1s"},"absolute_dates":{"created":"Publicado em 19 de maio de 2025","modified":"Atualizado em 19 de maio de 2025"},"absolute_dates_time":{"created":"Publicado em 19 de maio de 2025 16:44","modified":"Atualizado em 19 de maio de 2025 16:44"},"featured_img_caption":"","series_order":"","_links":{"self":[{"href":"https:\/\/sindaopcpb.org.br\/index.php\/wp-json\/wp\/v2\/posts\/57319","targetHints":{"allow":["GET"]}}],"collection":[{"href":"https:\/\/sindaopcpb.org.br\/index.php\/wp-json\/wp\/v2\/posts"}],"about":[{"href":"https:\/\/sindaopcpb.org.br\/index.php\/wp-json\/wp\/v2\/types\/post"}],"author":[{"embeddable":true,"href":"https:\/\/sindaopcpb.org.br\/index.php\/wp-json\/wp\/v2\/users\/123457"}],"replies":[{"embeddable":true,"href":"https:\/\/sindaopcpb.org.br\/index.php\/wp-json\/wp\/v2\/comments?post=57319"}],"version-history":[{"count":3,"href":"https:\/\/sindaopcpb.org.br\/index.php\/wp-json\/wp\/v2\/posts\/57319\/revisions"}],"predecessor-version":[{"id":57331,"href":"https:\/\/sindaopcpb.org.br\/index.php\/wp-json\/wp\/v2\/posts\/57319\/revisions\/57331"}],"wp:attachment":[{"href":"https:\/\/sindaopcpb.org.br\/index.php\/wp-json\/wp\/v2\/media?parent=57319"}],"wp:term":[{"taxonomy":"category","embeddable":true,"href":"https:\/\/sindaopcpb.org.br\/index.php\/wp-json\/wp\/v2\/categories?post=57319"},{"taxonomy":"post_tag","embeddable":true,"href":"https:\/\/sindaopcpb.org.br\/index.php\/wp-json\/wp\/v2\/tags?post=57319"}],"curies":[{"name":"wp","href":"https:\/\/api.w.org\/{rel}","templated":true}]}}