{"id":57316,"date":"2025-05-19T16:45:00","date_gmt":"2025-05-19T19:45:00","guid":{"rendered":"https:\/\/www.pbagora.com.br\/?p=900439"},"modified":"2025-05-19T16:45:00","modified_gmt":"2025-05-19T19:45:00","slug":"acao-conjunta-da-pm-e-da-civil-prende-dupla-suspeita-de-roubo-e-recuperam-celular-em-patos","status":"publish","type":"post","link":"https:\/\/sindaopcpb.org.br\/index.php\/2025\/05\/19\/acao-conjunta-da-pm-e-da-civil-prende-dupla-suspeita-de-roubo-e-recuperam-celular-em-patos\/","title":{"rendered":"A\u00e7\u00e3o conjunta da PM e da Civil prende dupla suspeita de roubo e recuperam celular em Patos"},"content":{"rendered":"<p><img width=\"876\" height=\"585\" src=\"https:\/\/www.pbagora.com.br\/storage\/2023\/04\/algemado.jpg\" class=\"attachment-large size-large wp-post-image\" alt=\"\" style=\"margin-bottom: 20px;\" decoding=\"async\" srcset=\"https:\/\/www.pbagora.com.br\/storage\/2023\/04\/algemado.jpg 876w, https:\/\/www.pbagora.com.br\/storage\/2023\/04\/algemado-300x200.jpg 300w, https:\/\/www.pbagora.com.br\/storage\/2023\/04\/algemado-150x100.jpg 150w, https:\/\/www.pbagora.com.br\/storage\/2023\/04\/algemado-768x513.jpg 768w, https:\/\/www.pbagora.com.br\/storage\/2023\/04\/algemado-380x254.jpg 380w, https:\/\/www.pbagora.com.br\/storage\/2023\/04\/algemado-800x534.jpg 800w, https:\/\/www.pbagora.com.br\/storage\/2023\/04\/algemado-80x53.jpg 80w, https:\/\/www.pbagora.com.br\/storage\/2023\/04\/algemado-760x508.jpg 760w, https:\/\/www.pbagora.com.br\/storage\/2023\/04\/algemado-600x401.jpg 600w\" sizes=\"(max-width: 876px) 100vw, 876px\" \/><\/p>\n<p>A Pol\u00edcia Civil da Para\u00edba, por meio da Delegacia de Roubos e Furtos (DRF) de Patos, com o apoio de equipes do 3\u00ba Batalh\u00e3o da Pol\u00edcia Militar e do Centro Integrado de Comando e Controle (CICC), prendeu em flagrante, na manh\u00e3 desta segunda-feira (19), dois homens suspeitos de envolvimento em crime de roubo na cidade.<\/p>\n\n\n\n<p>Os investigados, identificados, de 27 e 25 anos, s\u00e3o apontados como os autores de um assalto ocorrido no \u00faltimo s\u00e1bado (17), no bairro Santo Ant\u00f4nio, zona urbana de Patos. O crime foi imediatamente comunicado \u00e0 Pol\u00edcia Civil, que deu in\u00edcio \u00e0s dilig\u00eancias e conseguiu identificar a dupla com base em informa\u00e7\u00f5es colhidas durante as investiga\u00e7\u00f5es.<\/p>\n\n\n\n<p>Os suspeitos vinham sendo observados circulando por diferentes bairros da cidade, o que contribuiu para a atua\u00e7\u00e3o r\u00e1pida das for\u00e7as de seguran\u00e7a. Durante a a\u00e7\u00e3o, os policiais conseguiram localizar e capturar os dois homens, al\u00e9m de recuperar o aparelho celular que havia sido subtra\u00eddo da v\u00edtima durante o crime.<\/p>\n\n\n\n<p>Ap\u00f3s os procedimentos legais, os indiv\u00edduos foram autuados em flagrante e permanecem \u00e0 disposi\u00e7\u00e3o do Poder Judici\u00e1rio.<\/p>\n\n\n\n<p>A Pol\u00edcia Civil da Para\u00edba refor\u00e7a seu compromisso com a repress\u00e3o qualificada aos crimes patrimoniais e destaca a import\u00e2ncia da integra\u00e7\u00e3o entre as for\u00e7as de seguran\u00e7a p\u00fablica.<\/p>\n\n\n\n<p>Pol\u00edcia Civil da Para\u00edba<\/p>\n","protected":false},"excerpt":{"rendered":"<p><img loading=\"lazy\" decoding=\"async\" width=\"876\" height=\"585\" src=\"https:\/\/www.pbagora.com.br\/storage\/2023\/04\/algemado.jpg\" class=\"attachment-large size-large wp-post-image\" alt=\"\" srcset=\"https:\/\/www.pbagora.com.br\/storage\/2023\/04\/algemado.jpg 876w, https:\/\/www.pbagora.com.br\/storage\/2023\/04\/algemado-300x200.jpg 300w, https:\/\/www.pbagora.com.br\/storage\/2023\/04\/algemado-150x100.jpg 150w, https:\/\/www.pbagora.com.br\/storage\/2023\/04\/algemado-768x513.jpg 768w, https:\/\/www.pbagora.com.br\/storage\/2023\/04\/algemado-380x254.jpg 380w, https:\/\/www.pbagora.com.br\/storage\/2023\/04\/algemado-800x534.jpg 800w, https:\/\/www.pbagora.com.br\/storage\/2023\/04\/algemado-80x53.jpg 80w, https:\/\/www.pbagora.com.br\/storage\/2023\/04\/algemado-760x508.jpg 760w, https:\/\/www.pbagora.com.br\/storage\/2023\/04\/algemado-600x401.jpg 600w\" sizes=\"auto, (max-width: 876px) 100vw, 876px\"><\/p>\n<p>A Pol\u00edcia Civil da Para\u00edba, por meio da Delegacia de Roubos e Furtos (DRF) de Patos, com o\u2026<\/p>\n","protected":false},"author":123457,"featured_media":0,"comment_status":"closed","ping_status":"closed","sticky":false,"template":"","format":"standard","meta":{"advgb_blocks_editor_width":"","advgb_blocks_columns_visual_guide":"","footnotes":""},"categories":[34],"tags":[10841,35,10839],"class_list":["post-57316","post","type-post","status-publish","format-standard","hentry","category-g1","tag-destaque-centro-02","tag-g1","tag-policial"],"author_meta":{"display_name":"Reda\u00e7\u00e3o","author_link":"https:\/\/sindaopcpb.org.br\/author\/redacao\/"},"featured_img":null,"coauthors":[],"tax_additional":{"categories":{"linked":["<a href=\"https:\/\/sindaopcpb.org.br\/g1\/\" class=\"advgb-post-tax-term\">G1<\/a>"],"unlinked":["<span class=\"advgb-post-tax-term\">G1<\/span>"]},"tags":{"linked":["<a href=\"https:\/\/sindaopcpb.org.br\/g1\/\" class=\"advgb-post-tax-term\">Destaque Centro 02<\/a>","<a href=\"https:\/\/sindaopcpb.org.br\/g1\/\" class=\"advgb-post-tax-term\">g1<\/a>","<a href=\"https:\/\/sindaopcpb.org.br\/g1\/\" class=\"advgb-post-tax-term\">Policial<\/a>"],"unlinked":["<span class=\"advgb-post-tax-term\">Destaque Centro 02<\/span>","<span class=\"advgb-post-tax-term\">g1<\/span>","<span class=\"advgb-post-tax-term\">Policial<\/span>"]}},"comment_count":"0","relative_dates":{"created":"Publicado 12 meses atr\u00e1s","modified":"Atualizado 12 meses atr\u00e1s"},"absolute_dates":{"created":"Publicado em 19 de maio de 2025","modified":"Atualizado em 19 de maio de 2025"},"absolute_dates_time":{"created":"Publicado em 19 de maio de 2025 16:45","modified":"Atualizado em 19 de maio de 2025 16:45"},"featured_img_caption":"","series_order":"","_links":{"self":[{"href":"https:\/\/sindaopcpb.org.br\/index.php\/wp-json\/wp\/v2\/posts\/57316","targetHints":{"allow":["GET"]}}],"collection":[{"href":"https:\/\/sindaopcpb.org.br\/index.php\/wp-json\/wp\/v2\/posts"}],"about":[{"href":"https:\/\/sindaopcpb.org.br\/index.php\/wp-json\/wp\/v2\/types\/post"}],"author":[{"embeddable":true,"href":"https:\/\/sindaopcpb.org.br\/index.php\/wp-json\/wp\/v2\/users\/123457"}],"replies":[{"embeddable":true,"href":"https:\/\/sindaopcpb.org.br\/index.php\/wp-json\/wp\/v2\/comments?post=57316"}],"version-history":[{"count":1,"href":"https:\/\/sindaopcpb.org.br\/index.php\/wp-json\/wp\/v2\/posts\/57316\/revisions"}],"predecessor-version":[{"id":57318,"href":"https:\/\/sindaopcpb.org.br\/index.php\/wp-json\/wp\/v2\/posts\/57316\/revisions\/57318"}],"wp:attachment":[{"href":"https:\/\/sindaopcpb.org.br\/index.php\/wp-json\/wp\/v2\/media?parent=57316"}],"wp:term":[{"taxonomy":"category","embeddable":true,"href":"https:\/\/sindaopcpb.org.br\/index.php\/wp-json\/wp\/v2\/categories?post=57316"},{"taxonomy":"post_tag","embeddable":true,"href":"https:\/\/sindaopcpb.org.br\/index.php\/wp-json\/wp\/v2\/tags?post=57316"}],"curies":[{"name":"wp","href":"https:\/\/api.w.org\/{rel}","templated":true}]}}