{"id":57314,"date":"2025-05-19T11:37:42","date_gmt":"2025-05-19T14:37:42","guid":{"rendered":"https:\/\/www.pbagora.com.br\/?p=900371"},"modified":"2025-05-19T11:37:42","modified_gmt":"2025-05-19T14:37:42","slug":"homem-morre-apos-colisao-frontal-com-onibus-na-br-230-proximo-a-saida-de-sousa","status":"publish","type":"post","link":"https:\/\/sindaopcpb.org.br\/index.php\/2025\/05\/19\/homem-morre-apos-colisao-frontal-com-onibus-na-br-230-proximo-a-saida-de-sousa\/","title":{"rendered":"Homem morre ap\u00f3s colis\u00e3o frontal com \u00f4nibus na BR-230, pr\u00f3ximo \u00e0 sa\u00edda de Sousa"},"content":{"rendered":"<p><img width=\"700\" height=\"525\" src=\"https:\/\/www.pbagora.com.br\/storage\/2025\/05\/hospital-de-sousa.jpg\" class=\"attachment-large size-large wp-post-image\" alt=\"\" style=\"margin-bottom: 20px;\" decoding=\"async\" loading=\"lazy\" srcset=\"https:\/\/www.pbagora.com.br\/storage\/2025\/05\/hospital-de-sousa.jpg 700w, https:\/\/www.pbagora.com.br\/storage\/2025\/05\/hospital-de-sousa-300x225.jpg 300w, https:\/\/www.pbagora.com.br\/storage\/2025\/05\/hospital-de-sousa-150x113.jpg 150w, https:\/\/www.pbagora.com.br\/storage\/2025\/05\/hospital-de-sousa-200x150.jpg 200w, https:\/\/www.pbagora.com.br\/storage\/2025\/05\/hospital-de-sousa-260x195.jpg 260w, https:\/\/www.pbagora.com.br\/storage\/2025\/05\/hospital-de-sousa-380x285.jpg 380w, https:\/\/www.pbagora.com.br\/storage\/2025\/05\/hospital-de-sousa-80x60.jpg 80w, https:\/\/www.pbagora.com.br\/storage\/2025\/05\/hospital-de-sousa-600x450.jpg 600w, https:\/\/www.pbagora.com.br\/storage\/2025\/05\/hospital-de-sousa-520x390.jpg 520w\" sizes=\"auto, (max-width: 700px) 100vw, 700px\" \/><\/p>\n<p>Um grave acidente ocorrido na noite deste domingo (18) resultou na morte de Nelson Ferreira J\u00fanior, de 37 anos, na BR-230, pr\u00f3ximo \u00e0 sa\u00edda do munic\u00edpio de Sousa, no Sert\u00e3o da Para\u00edba. A v\u00edtima chegou a ser socorrida, mas n\u00e3o resistiu aos ferimentos e faleceu na manh\u00e3 desta segunda-feira (19).<\/p>\n\n\n\n<p>Segundo informa\u00e7\u00f5es da Pol\u00edcia Rodovi\u00e1ria Federal (PRF), Nelson conduzia um carro de passeio quando colidiu frontalmente com um \u00f4nibus interestadual que seguia viagem de Iguatu, no Cear\u00e1, para Recife, em Pernambuco.<\/p>\n\n\n\n<p>No \u00f4nibus viajavam cerca de 30 passageiros, incluindo o motorista, mas ningu\u00e9m ficou ferido.<\/p>\n\n\n\n<p>Ap\u00f3s a colis\u00e3o, Nelson foi socorrido e levado com urg\u00eancia ao Hospital Regional de Sousa, onde passou por atendimento m\u00e9dico. No entanto, devido \u00e0 gravidade dos ferimentos, teve o \u00f3bito confirmado nesta segunda.<\/p>\n\n\n\n<p>O corpo do motorista foi encaminhado ao Instituto M\u00e9dico Legal (IML) de Sousa para os procedimentos de per\u00edcia que ir\u00e3o confirmar oficialmente a causa da morte.<\/p>\n\n\n\n<p><strong><em>PB Agora<\/em><\/strong><\/p>\n","protected":false},"excerpt":{"rendered":"<p><img decoding=\"async\" width=\"700\" height=\"525\" src=\"https:\/\/www.pbagora.com.br\/storage\/2025\/05\/hospital-de-sousa.jpg\" class=\"attachment-large size-large wp-post-image\" alt=\"\" loading=\"lazy\" srcset=\"https:\/\/www.pbagora.com.br\/storage\/2025\/05\/hospital-de-sousa.jpg 700w, https:\/\/www.pbagora.com.br\/storage\/2025\/05\/hospital-de-sousa-300x225.jpg 300w, https:\/\/www.pbagora.com.br\/storage\/2025\/05\/hospital-de-sousa-150x113.jpg 150w, https:\/\/www.pbagora.com.br\/storage\/2025\/05\/hospital-de-sousa-200x150.jpg 200w, https:\/\/www.pbagora.com.br\/storage\/2025\/05\/hospital-de-sousa-260x195.jpg 260w, https:\/\/www.pbagora.com.br\/storage\/2025\/05\/hospital-de-sousa-380x285.jpg 380w, https:\/\/www.pbagora.com.br\/storage\/2025\/05\/hospital-de-sousa-80x60.jpg 80w, https:\/\/www.pbagora.com.br\/storage\/2025\/05\/hospital-de-sousa-600x450.jpg 600w, https:\/\/www.pbagora.com.br\/storage\/2025\/05\/hospital-de-sousa-520x390.jpg 520w\" sizes=\"auto, (max-width: 700px) 100vw, 700px\"><\/p>\n<p>Um grave acidente ocorrido na noite deste domingo (18) resultou na morte de Nelson Ferreira J\u00fanior, de 37\u2026<\/p>\n","protected":false},"author":123457,"featured_media":0,"comment_status":"closed","ping_status":"closed","sticky":false,"template":"","format":"standard","meta":{"advgb_blocks_editor_width":"","advgb_blocks_columns_visual_guide":"","footnotes":""},"categories":[34],"tags":[10840,35,10839],"class_list":["post-57314","post","type-post","status-publish","format-standard","hentry","category-g1","tag-destaque-centro-03","tag-g1","tag-policial"],"author_meta":{"display_name":"Reda\u00e7\u00e3o","author_link":"https:\/\/sindaopcpb.org.br\/author\/redacao\/"},"featured_img":null,"coauthors":[],"tax_additional":{"categories":{"linked":["<a href=\"https:\/\/sindaopcpb.org.br\/g1\/\" class=\"advgb-post-tax-term\">G1<\/a>"],"unlinked":["<span class=\"advgb-post-tax-term\">G1<\/span>"]},"tags":{"linked":["<a href=\"https:\/\/sindaopcpb.org.br\/g1\/\" class=\"advgb-post-tax-term\">Destaque Centro 03<\/a>","<a href=\"https:\/\/sindaopcpb.org.br\/g1\/\" class=\"advgb-post-tax-term\">g1<\/a>","<a href=\"https:\/\/sindaopcpb.org.br\/g1\/\" class=\"advgb-post-tax-term\">Policial<\/a>"],"unlinked":["<span class=\"advgb-post-tax-term\">Destaque Centro 03<\/span>","<span class=\"advgb-post-tax-term\">g1<\/span>","<span class=\"advgb-post-tax-term\">Policial<\/span>"]}},"comment_count":"0","relative_dates":{"created":"Publicado 12 meses atr\u00e1s","modified":"Atualizado 12 meses atr\u00e1s"},"absolute_dates":{"created":"Publicado em 19 de maio de 2025","modified":"Atualizado em 19 de maio de 2025"},"absolute_dates_time":{"created":"Publicado em 19 de maio de 2025 11:37","modified":"Atualizado em 19 de maio de 2025 11:37"},"featured_img_caption":"","series_order":"","_links":{"self":[{"href":"https:\/\/sindaopcpb.org.br\/index.php\/wp-json\/wp\/v2\/posts\/57314","targetHints":{"allow":["GET"]}}],"collection":[{"href":"https:\/\/sindaopcpb.org.br\/index.php\/wp-json\/wp\/v2\/posts"}],"about":[{"href":"https:\/\/sindaopcpb.org.br\/index.php\/wp-json\/wp\/v2\/types\/post"}],"author":[{"embeddable":true,"href":"https:\/\/sindaopcpb.org.br\/index.php\/wp-json\/wp\/v2\/users\/123457"}],"replies":[{"embeddable":true,"href":"https:\/\/sindaopcpb.org.br\/index.php\/wp-json\/wp\/v2\/comments?post=57314"}],"version-history":[{"count":1,"href":"https:\/\/sindaopcpb.org.br\/index.php\/wp-json\/wp\/v2\/posts\/57314\/revisions"}],"predecessor-version":[{"id":57315,"href":"https:\/\/sindaopcpb.org.br\/index.php\/wp-json\/wp\/v2\/posts\/57314\/revisions\/57315"}],"wp:attachment":[{"href":"https:\/\/sindaopcpb.org.br\/index.php\/wp-json\/wp\/v2\/media?parent=57314"}],"wp:term":[{"taxonomy":"category","embeddable":true,"href":"https:\/\/sindaopcpb.org.br\/index.php\/wp-json\/wp\/v2\/categories?post=57314"},{"taxonomy":"post_tag","embeddable":true,"href":"https:\/\/sindaopcpb.org.br\/index.php\/wp-json\/wp\/v2\/tags?post=57314"}],"curies":[{"name":"wp","href":"https:\/\/api.w.org\/{rel}","templated":true}]}}