{"id":57312,"date":"2025-05-19T11:38:58","date_gmt":"2025-05-19T14:38:58","guid":{"rendered":"https:\/\/www.pbagora.com.br\/?p=900357"},"modified":"2025-05-19T11:38:58","modified_gmt":"2025-05-19T14:38:58","slug":"acidente-proximo-a-barreira-do-castelo-branco-causa-lentidao-na-br-230-sentido-jp-cabedelo","status":"publish","type":"post","link":"https:\/\/sindaopcpb.org.br\/index.php\/2025\/05\/19\/acidente-proximo-a-barreira-do-castelo-branco-causa-lentidao-na-br-230-sentido-jp-cabedelo\/","title":{"rendered":"Acidente pr\u00f3ximo \u00e0 barreira do Castelo Branco causa lentid\u00e3o na BR-230 sentido JP\/Cabedelo"},"content":{"rendered":"<p><img width=\"750\" height=\"390\" src=\"https:\/\/www.pbagora.com.br\/storage\/2025\/05\/carro-br-barreira-750x390-1.jpeg\" class=\"attachment-large size-large wp-post-image\" alt=\"\" style=\"margin-bottom: 20px;\" decoding=\"async\" loading=\"lazy\" srcset=\"https:\/\/www.pbagora.com.br\/storage\/2025\/05\/carro-br-barreira-750x390-1.jpeg 750w, https:\/\/www.pbagora.com.br\/storage\/2025\/05\/carro-br-barreira-750x390-1-300x156.jpeg 300w, https:\/\/www.pbagora.com.br\/storage\/2025\/05\/carro-br-barreira-750x390-1-150x78.jpeg 150w, https:\/\/www.pbagora.com.br\/storage\/2025\/05\/carro-br-barreira-750x390-1-380x198.jpeg 380w, https:\/\/www.pbagora.com.br\/storage\/2025\/05\/carro-br-barreira-750x390-1-80x42.jpeg 80w, https:\/\/www.pbagora.com.br\/storage\/2025\/05\/carro-br-barreira-750x390-1-600x312.jpeg 600w\" sizes=\"auto, (max-width: 750px) 100vw, 750px\" \/><\/p>\n<p>Um acidente de tr\u00e2nsito registrado na manh\u00e3 desta segunda-feira (19), no km 19 da BR-230, na altura da barreira do bairro Castelo Branco, em Jo\u00e3o Pessoa, causou lentid\u00e3o no tr\u00e1fego para os motoristas que seguiam no sentido capital\u2013Cabedelo.<\/p>\n\n\n\n<p>De acordo com informa\u00e7\u00f5es preliminares, o ve\u00edculo envolvido no acidente ficou atravessado na faixa direita da rodovia, o que provocou congestionamento no trecho. Um dos pneus dianteiros do carro ficou danificado, dificultando a remo\u00e7\u00e3o imediata do autom\u00f3vel.<\/p>\n\n\n\n<p>Agentes de tr\u00e2nsito isolaram parte da pista com cones para alertar os motoristas e evitar novos acidentes. Apesar do susto, n\u00e3o houve registro de feridos.<\/p>\n\n\n\n<p>Ainda n\u00e3o h\u00e1 informa\u00e7\u00f5es sobre o que teria causado o acidente.<\/p>\n\n\n\n<p><strong><em>PB Agora<\/em><\/strong><\/p>\n","protected":false},"excerpt":{"rendered":"<p><img decoding=\"async\" width=\"750\" height=\"390\" src=\"https:\/\/www.pbagora.com.br\/storage\/2025\/05\/carro-br-barreira-750x390-1.jpeg\" class=\"attachment-large size-large wp-post-image\" alt=\"\" loading=\"lazy\" srcset=\"https:\/\/www.pbagora.com.br\/storage\/2025\/05\/carro-br-barreira-750x390-1.jpeg 750w, https:\/\/www.pbagora.com.br\/storage\/2025\/05\/carro-br-barreira-750x390-1-300x156.jpeg 300w, https:\/\/www.pbagora.com.br\/storage\/2025\/05\/carro-br-barreira-750x390-1-150x78.jpeg 150w, https:\/\/www.pbagora.com.br\/storage\/2025\/05\/carro-br-barreira-750x390-1-380x198.jpeg 380w, https:\/\/www.pbagora.com.br\/storage\/2025\/05\/carro-br-barreira-750x390-1-80x42.jpeg 80w, https:\/\/www.pbagora.com.br\/storage\/2025\/05\/carro-br-barreira-750x390-1-600x312.jpeg 600w\" sizes=\"auto, (max-width: 750px) 100vw, 750px\"><\/p>\n<p>Um acidente de tr\u00e2nsito registrado na manh\u00e3 desta segunda-feira (19), no km 19 da BR-230, na altura da\u2026<\/p>\n","protected":false},"author":123457,"featured_media":0,"comment_status":"closed","ping_status":"closed","sticky":false,"template":"","format":"standard","meta":{"advgb_blocks_editor_width":"","advgb_blocks_columns_visual_guide":"","footnotes":""},"categories":[34],"tags":[35,10839,10846],"class_list":["post-57312","post","type-post","status-publish","format-standard","hentry","category-g1","tag-g1","tag-policial","tag-rodape-02"],"author_meta":{"display_name":"Reda\u00e7\u00e3o","author_link":"https:\/\/sindaopcpb.org.br\/author\/redacao\/"},"featured_img":null,"coauthors":[],"tax_additional":{"categories":{"linked":["<a href=\"https:\/\/sindaopcpb.org.br\/g1\/\" class=\"advgb-post-tax-term\">G1<\/a>"],"unlinked":["<span class=\"advgb-post-tax-term\">G1<\/span>"]},"tags":{"linked":["<a href=\"https:\/\/sindaopcpb.org.br\/g1\/\" class=\"advgb-post-tax-term\">g1<\/a>","<a href=\"https:\/\/sindaopcpb.org.br\/g1\/\" class=\"advgb-post-tax-term\">Policial<\/a>","<a href=\"https:\/\/sindaopcpb.org.br\/g1\/\" class=\"advgb-post-tax-term\">Rodape 02<\/a>"],"unlinked":["<span class=\"advgb-post-tax-term\">g1<\/span>","<span class=\"advgb-post-tax-term\">Policial<\/span>","<span class=\"advgb-post-tax-term\">Rodape 02<\/span>"]}},"comment_count":"0","relative_dates":{"created":"Publicado 12 meses atr\u00e1s","modified":"Atualizado 12 meses atr\u00e1s"},"absolute_dates":{"created":"Publicado em 19 de maio de 2025","modified":"Atualizado em 19 de maio de 2025"},"absolute_dates_time":{"created":"Publicado em 19 de maio de 2025 11:38","modified":"Atualizado em 19 de maio de 2025 11:38"},"featured_img_caption":"","series_order":"","_links":{"self":[{"href":"https:\/\/sindaopcpb.org.br\/index.php\/wp-json\/wp\/v2\/posts\/57312","targetHints":{"allow":["GET"]}}],"collection":[{"href":"https:\/\/sindaopcpb.org.br\/index.php\/wp-json\/wp\/v2\/posts"}],"about":[{"href":"https:\/\/sindaopcpb.org.br\/index.php\/wp-json\/wp\/v2\/types\/post"}],"author":[{"embeddable":true,"href":"https:\/\/sindaopcpb.org.br\/index.php\/wp-json\/wp\/v2\/users\/123457"}],"replies":[{"embeddable":true,"href":"https:\/\/sindaopcpb.org.br\/index.php\/wp-json\/wp\/v2\/comments?post=57312"}],"version-history":[{"count":1,"href":"https:\/\/sindaopcpb.org.br\/index.php\/wp-json\/wp\/v2\/posts\/57312\/revisions"}],"predecessor-version":[{"id":57313,"href":"https:\/\/sindaopcpb.org.br\/index.php\/wp-json\/wp\/v2\/posts\/57312\/revisions\/57313"}],"wp:attachment":[{"href":"https:\/\/sindaopcpb.org.br\/index.php\/wp-json\/wp\/v2\/media?parent=57312"}],"wp:term":[{"taxonomy":"category","embeddable":true,"href":"https:\/\/sindaopcpb.org.br\/index.php\/wp-json\/wp\/v2\/categories?post=57312"},{"taxonomy":"post_tag","embeddable":true,"href":"https:\/\/sindaopcpb.org.br\/index.php\/wp-json\/wp\/v2\/tags?post=57312"}],"curies":[{"name":"wp","href":"https:\/\/api.w.org\/{rel}","templated":true}]}}