{"id":57306,"date":"2025-05-19T13:07:39","date_gmt":"2025-05-19T16:07:39","guid":{"rendered":"https:\/\/www.pbagora.com.br\/?p=900412"},"modified":"2025-05-19T13:07:39","modified_gmt":"2025-05-19T16:07:39","slug":"jovem-e-encontrado-morto-em-bayeux-familia-suspeita-de-overdose","status":"publish","type":"post","link":"https:\/\/sindaopcpb.org.br\/index.php\/2025\/05\/19\/jovem-e-encontrado-morto-em-bayeux-familia-suspeita-de-overdose\/","title":{"rendered":"Jovem \u00e9 encontrado morto em Bayeux; fam\u00edlia suspeita de overdose"},"content":{"rendered":"<p><img width=\"687\" height=\"463\" src=\"https:\/\/www.pbagora.com.br\/storage\/2023\/11\/csm_csm_csm_numol_ipc_paraiba_pb_viatura_homicidio_235df1b1b6_f5403bcde5_1b010ebc90.jpg\" class=\"attachment-large size-large wp-post-image\" alt=\"\" style=\"margin-bottom: 20px;\" decoding=\"async\" srcset=\"https:\/\/www.pbagora.com.br\/storage\/2023\/11\/csm_csm_csm_numol_ipc_paraiba_pb_viatura_homicidio_235df1b1b6_f5403bcde5_1b010ebc90.jpg 687w, https:\/\/www.pbagora.com.br\/storage\/2023\/11\/csm_csm_csm_numol_ipc_paraiba_pb_viatura_homicidio_235df1b1b6_f5403bcde5_1b010ebc90-300x202.jpg 300w, https:\/\/www.pbagora.com.br\/storage\/2023\/11\/csm_csm_csm_numol_ipc_paraiba_pb_viatura_homicidio_235df1b1b6_f5403bcde5_1b010ebc90-150x101.jpg 150w, https:\/\/www.pbagora.com.br\/storage\/2023\/11\/csm_csm_csm_numol_ipc_paraiba_pb_viatura_homicidio_235df1b1b6_f5403bcde5_1b010ebc90-380x256.jpg 380w, https:\/\/www.pbagora.com.br\/storage\/2023\/11\/csm_csm_csm_numol_ipc_paraiba_pb_viatura_homicidio_235df1b1b6_f5403bcde5_1b010ebc90-80x54.jpg 80w, https:\/\/www.pbagora.com.br\/storage\/2023\/11\/csm_csm_csm_numol_ipc_paraiba_pb_viatura_homicidio_235df1b1b6_f5403bcde5_1b010ebc90-600x404.jpg 600w\" sizes=\"(max-width: 687px) 100vw, 687px\" \/><\/p>\n<p>Um jovem foi encontrado morto na manh\u00e3 desta segunda-feira (19), no bairro do Sesi, em Bayeux, na Regi\u00e3o Metropolitana de Jo\u00e3o Pessoa. A ocorr\u00eancia mobilizou equipes da Pol\u00edcia Militar, Pol\u00edcia Civil e per\u00edcia criminal.<\/p>\n\n\n\n<p>De acordo com informa\u00e7\u00f5es repassadas por familiares \u00e0 pol\u00edcia, a suspeita \u00e9 de que o jovem tenha sofrido uma overdose de coca\u00edna. N\u00e3o foram identificadas marcas de viol\u00eancia ou disparos de arma de fogo no corpo da v\u00edtima, o que refor\u00e7a a hip\u00f3tese levantada inicialmente.<\/p>\n\n\n\n<p>A per\u00edcia t\u00e9cnica realizou os primeiros levantamentos no local e o corpo foi encaminhado ao Instituto de Pol\u00edcia Cient\u00edfica (IPC), onde exames complementares dever\u00e3o confirmar a causa da morte.<\/p>\n\n\n\n<p>A Pol\u00edcia Civil vai continuar investigando o caso. <\/p>\n\n\n\n<p><strong><em>PB Agora<\/em><\/strong><\/p>\n","protected":false},"excerpt":{"rendered":"<p><img loading=\"lazy\" decoding=\"async\" width=\"687\" height=\"463\" src=\"https:\/\/www.pbagora.com.br\/storage\/2023\/11\/csm_csm_csm_numol_ipc_paraiba_pb_viatura_homicidio_235df1b1b6_f5403bcde5_1b010ebc90.jpg\" class=\"attachment-large size-large wp-post-image\" alt=\"\" srcset=\"https:\/\/www.pbagora.com.br\/storage\/2023\/11\/csm_csm_csm_numol_ipc_paraiba_pb_viatura_homicidio_235df1b1b6_f5403bcde5_1b010ebc90.jpg 687w, https:\/\/www.pbagora.com.br\/storage\/2023\/11\/csm_csm_csm_numol_ipc_paraiba_pb_viatura_homicidio_235df1b1b6_f5403bcde5_1b010ebc90-300x202.jpg 300w, https:\/\/www.pbagora.com.br\/storage\/2023\/11\/csm_csm_csm_numol_ipc_paraiba_pb_viatura_homicidio_235df1b1b6_f5403bcde5_1b010ebc90-150x101.jpg 150w, https:\/\/www.pbagora.com.br\/storage\/2023\/11\/csm_csm_csm_numol_ipc_paraiba_pb_viatura_homicidio_235df1b1b6_f5403bcde5_1b010ebc90-380x256.jpg 380w, https:\/\/www.pbagora.com.br\/storage\/2023\/11\/csm_csm_csm_numol_ipc_paraiba_pb_viatura_homicidio_235df1b1b6_f5403bcde5_1b010ebc90-80x54.jpg 80w, https:\/\/www.pbagora.com.br\/storage\/2023\/11\/csm_csm_csm_numol_ipc_paraiba_pb_viatura_homicidio_235df1b1b6_f5403bcde5_1b010ebc90-600x404.jpg 600w\" sizes=\"auto, (max-width: 687px) 100vw, 687px\"><\/p>\n<p>Um jovem foi encontrado morto na manh\u00e3 desta segunda-feira (19), no bairro do Sesi, em Bayeux, na Regi\u00e3o\u2026<\/p>\n","protected":false},"author":123457,"featured_media":0,"comment_status":"closed","ping_status":"closed","sticky":false,"template":"","format":"standard","meta":{"advgb_blocks_editor_width":"","advgb_blocks_columns_visual_guide":"","footnotes":""},"categories":[34],"tags":[10840,35,10839],"class_list":["post-57306","post","type-post","status-publish","format-standard","hentry","category-g1","tag-destaque-centro-03","tag-g1","tag-policial"],"author_meta":{"display_name":"Reda\u00e7\u00e3o","author_link":"https:\/\/sindaopcpb.org.br\/author\/redacao\/"},"featured_img":null,"coauthors":[],"tax_additional":{"categories":{"linked":["<a href=\"https:\/\/sindaopcpb.org.br\/g1\/\" class=\"advgb-post-tax-term\">G1<\/a>"],"unlinked":["<span class=\"advgb-post-tax-term\">G1<\/span>"]},"tags":{"linked":["<a href=\"https:\/\/sindaopcpb.org.br\/g1\/\" class=\"advgb-post-tax-term\">Destaque Centro 03<\/a>","<a href=\"https:\/\/sindaopcpb.org.br\/g1\/\" class=\"advgb-post-tax-term\">g1<\/a>","<a href=\"https:\/\/sindaopcpb.org.br\/g1\/\" class=\"advgb-post-tax-term\">Policial<\/a>"],"unlinked":["<span class=\"advgb-post-tax-term\">Destaque Centro 03<\/span>","<span class=\"advgb-post-tax-term\">g1<\/span>","<span class=\"advgb-post-tax-term\">Policial<\/span>"]}},"comment_count":"0","relative_dates":{"created":"Publicado 12 meses atr\u00e1s","modified":"Atualizado 12 meses atr\u00e1s"},"absolute_dates":{"created":"Publicado em 19 de maio de 2025","modified":"Atualizado em 19 de maio de 2025"},"absolute_dates_time":{"created":"Publicado em 19 de maio de 2025 13:07","modified":"Atualizado em 19 de maio de 2025 13:07"},"featured_img_caption":"","series_order":"","_links":{"self":[{"href":"https:\/\/sindaopcpb.org.br\/index.php\/wp-json\/wp\/v2\/posts\/57306","targetHints":{"allow":["GET"]}}],"collection":[{"href":"https:\/\/sindaopcpb.org.br\/index.php\/wp-json\/wp\/v2\/posts"}],"about":[{"href":"https:\/\/sindaopcpb.org.br\/index.php\/wp-json\/wp\/v2\/types\/post"}],"author":[{"embeddable":true,"href":"https:\/\/sindaopcpb.org.br\/index.php\/wp-json\/wp\/v2\/users\/123457"}],"replies":[{"embeddable":true,"href":"https:\/\/sindaopcpb.org.br\/index.php\/wp-json\/wp\/v2\/comments?post=57306"}],"version-history":[{"count":1,"href":"https:\/\/sindaopcpb.org.br\/index.php\/wp-json\/wp\/v2\/posts\/57306\/revisions"}],"predecessor-version":[{"id":57308,"href":"https:\/\/sindaopcpb.org.br\/index.php\/wp-json\/wp\/v2\/posts\/57306\/revisions\/57308"}],"wp:attachment":[{"href":"https:\/\/sindaopcpb.org.br\/index.php\/wp-json\/wp\/v2\/media?parent=57306"}],"wp:term":[{"taxonomy":"category","embeddable":true,"href":"https:\/\/sindaopcpb.org.br\/index.php\/wp-json\/wp\/v2\/categories?post=57306"},{"taxonomy":"post_tag","embeddable":true,"href":"https:\/\/sindaopcpb.org.br\/index.php\/wp-json\/wp\/v2\/tags?post=57306"}],"curies":[{"name":"wp","href":"https:\/\/api.w.org\/{rel}","templated":true}]}}