{"id":57283,"date":"2025-05-18T13:38:45","date_gmt":"2025-05-18T16:38:45","guid":{"rendered":"https:\/\/www.pbagora.com.br\/?p=900278"},"modified":"2025-05-18T17:38:45","modified_gmt":"2025-05-18T20:38:45","slug":"dois-ribeiros-na-chapa-na-pb-pp-descarta-mas-midia-nacional-forca-crise-ao-abordar-federacao-da-sigla-com-o-uniao-brasil","status":"publish","type":"post","link":"https:\/\/sindaopcpb.org.br\/index.php\/2025\/05\/18\/dois-ribeiros-na-chapa-na-pb-pp-descarta-mas-midia-nacional-forca-crise-ao-abordar-federacao-da-sigla-com-o-uniao-brasil\/","title":{"rendered":"Dois Ribeiros na chapa na PB? PP descarta, mas m\u00eddia nacional for\u00e7a crise ao abordar federa\u00e7\u00e3o da sigla com o Uni\u00e3o Brasil"},"content":{"rendered":"<p><img width=\"1024\" height=\"683\" src=\"https:\/\/www.pbagora.com.br\/storage\/2025\/05\/BFB1FBA9-3AE2-4274-BB3C-9043B7FDD950-1140x760-1-1024x683.webp\" class=\"attachment-large size-large wp-post-image\" alt=\"\" style=\"margin-bottom: 20px;\" decoding=\"async\" loading=\"lazy\" srcset=\"https:\/\/www.pbagora.com.br\/storage\/2025\/05\/BFB1FBA9-3AE2-4274-BB3C-9043B7FDD950-1140x760-1-1024x683.webp 1024w, https:\/\/www.pbagora.com.br\/storage\/2025\/05\/BFB1FBA9-3AE2-4274-BB3C-9043B7FDD950-1140x760-1-300x200.webp 300w, https:\/\/www.pbagora.com.br\/storage\/2025\/05\/BFB1FBA9-3AE2-4274-BB3C-9043B7FDD950-1140x760-1-150x100.webp 150w, https:\/\/www.pbagora.com.br\/storage\/2025\/05\/BFB1FBA9-3AE2-4274-BB3C-9043B7FDD950-1140x760-1-768x512.webp 768w, https:\/\/www.pbagora.com.br\/storage\/2025\/05\/BFB1FBA9-3AE2-4274-BB3C-9043B7FDD950-1140x760-1-380x253.webp 380w, https:\/\/www.pbagora.com.br\/storage\/2025\/05\/BFB1FBA9-3AE2-4274-BB3C-9043B7FDD950-1140x760-1-800x533.webp 800w, https:\/\/www.pbagora.com.br\/storage\/2025\/05\/BFB1FBA9-3AE2-4274-BB3C-9043B7FDD950-1140x760-1-80x53.webp 80w, https:\/\/www.pbagora.com.br\/storage\/2025\/05\/BFB1FBA9-3AE2-4274-BB3C-9043B7FDD950-1140x760-1-760x507.webp 760w, https:\/\/www.pbagora.com.br\/storage\/2025\/05\/BFB1FBA9-3AE2-4274-BB3C-9043B7FDD950-1140x760-1-600x400.webp 600w, https:\/\/www.pbagora.com.br\/storage\/2025\/05\/BFB1FBA9-3AE2-4274-BB3C-9043B7FDD950-1140x760-1.webp 1140w\" sizes=\"auto, (max-width: 1024px) 100vw, 1024px\" \/><\/p>\n<p>Em texto da coluna Painel, publicado neste fim de semana pela Folha de S. Paulo, a Para\u00edba foi apontada como um dos focos de turbul\u00eancia dentro da federa\u00e7\u00e3o que une o Uni\u00e3o Brasil e o Progressistas.<\/p>\n\n\n\n<p>A publica\u00e7\u00e3o nacional atribui ao deputado federal Aguinaldo Ribeiro (PP) a inten\u00e7\u00e3o de lan\u00e7ar uma \u201cchapa familiar\u201d na Para\u00edba, com a reelei\u00e7\u00e3o da senadora Daniella Ribeiro (PP) e a candidatura do vice-governador Lucas Ribeiro ao Governo do Estado. A nota sugere que tal movimenta\u00e7\u00e3o estaria gerando insatisfa\u00e7\u00e3o dentro da federa\u00e7\u00e3o Uni\u00e3o Brasil\/PP, ampliando diverg\u00eancias que tamb\u00e9m aparecem em outros estados como Bahia, Paran\u00e1 e Acre.<\/p>\n\n\n\n<p>A narrativa, no entanto, contrasta com as declara\u00e7\u00f5es p\u00fablicas dos pr\u00f3prios citados. Tanto Aguinaldo quanto Daniella e Lucas Ribeiro j\u00e1 deixaram claro que t\u00eam consci\u00eancia da impossibilidade de se formar uma chapa com dois membros da mesma fam\u00edlia. A express\u00e3o usada por todos eles \u2014 \u201cn\u00e3o cabem dois Ribeiros na chapa\u201d \u2014 tem sido uma constante em entrevistas e bastidores, sinalizando que o grupo est\u00e1 ciente da necessidade de se definir qual vaga o PP ocupar\u00e1 em 2026: o Senado ou o Governo.<\/p>\n\n\n\n<p>Mais do que isso, nenhum dos tr\u00eas teria falado em imposi\u00e7\u00e3o de nomes. N\u00e3o h\u00e1 at\u00e9 aqui uma defesa p\u00fablica por parte de Aguinaldo para manter os dois parentes na chapa majorit\u00e1ria. O que h\u00e1, at\u00e9 o momento, \u00e9 o reconhecimento de que uma das vagas caber\u00e1 ao PP e que essa defini\u00e7\u00e3o ocorrer\u00e1 no momento oportuno.<\/p>\n\n\n\n<p>O verdadeiro imbr\u00f3glio na Para\u00edba, portanto, n\u00e3o est\u00e1 na possibilidade \u2014 j\u00e1 descartada por Aguinaldo, Daniella e Lucas \u2014 de dois Ribeiro integrarem a mesma chapa, mas sim no fato de que, hoje, PP e Uni\u00e3o Brasil caminham em lados opostos no cen\u00e1rio estadual. Enquanto o PP comp\u00f5e a base do governador Jo\u00e3o Azev\u00eado, o Uni\u00e3o Brasil atua na oposi\u00e7\u00e3o, o que torna ainda incerta a constru\u00e7\u00e3o de um palanque unificado para 2026. Esse, sim, \u00e9 o desafio que a federa\u00e7\u00e3o precisar\u00e1 enfrentar para consolidar um projeto pol\u00edtico comum no estado.<\/p>\n\n\n\n<p><strong><em>PB Agora<\/em><\/strong><\/p>\n","protected":false},"excerpt":{"rendered":"<p><img decoding=\"async\" width=\"1024\" height=\"683\" src=\"https:\/\/www.pbagora.com.br\/storage\/2025\/05\/BFB1FBA9-3AE2-4274-BB3C-9043B7FDD950-1140x760-1-1024x683.webp\" class=\"attachment-large size-large wp-post-image\" alt=\"\" loading=\"lazy\" srcset=\"https:\/\/www.pbagora.com.br\/storage\/2025\/05\/BFB1FBA9-3AE2-4274-BB3C-9043B7FDD950-1140x760-1-1024x683.webp 1024w, https:\/\/www.pbagora.com.br\/storage\/2025\/05\/BFB1FBA9-3AE2-4274-BB3C-9043B7FDD950-1140x760-1-300x200.webp 300w, https:\/\/www.pbagora.com.br\/storage\/2025\/05\/BFB1FBA9-3AE2-4274-BB3C-9043B7FDD950-1140x760-1-150x100.webp 150w, https:\/\/www.pbagora.com.br\/storage\/2025\/05\/BFB1FBA9-3AE2-4274-BB3C-9043B7FDD950-1140x760-1-768x512.webp 768w, https:\/\/www.pbagora.com.br\/storage\/2025\/05\/BFB1FBA9-3AE2-4274-BB3C-9043B7FDD950-1140x760-1-380x253.webp 380w, https:\/\/www.pbagora.com.br\/storage\/2025\/05\/BFB1FBA9-3AE2-4274-BB3C-9043B7FDD950-1140x760-1-800x533.webp 800w, https:\/\/www.pbagora.com.br\/storage\/2025\/05\/BFB1FBA9-3AE2-4274-BB3C-9043B7FDD950-1140x760-1-80x53.webp 80w, https:\/\/www.pbagora.com.br\/storage\/2025\/05\/BFB1FBA9-3AE2-4274-BB3C-9043B7FDD950-1140x760-1-760x507.webp 760w, https:\/\/www.pbagora.com.br\/storage\/2025\/05\/BFB1FBA9-3AE2-4274-BB3C-9043B7FDD950-1140x760-1-600x400.webp 600w, https:\/\/www.pbagora.com.br\/storage\/2025\/05\/BFB1FBA9-3AE2-4274-BB3C-9043B7FDD950-1140x760-1.webp 1140w\" sizes=\"auto, (max-width: 1024px) 100vw, 1024px\"><\/p>\n<p>Em texto da coluna Painel, publicado neste fim de semana pela Folha de S. Paulo, a Para\u00edba foi\u2026<\/p>\n","protected":false},"author":123457,"featured_media":0,"comment_status":"closed","ping_status":"closed","sticky":false,"template":"","format":"standard","meta":{"advgb_blocks_editor_width":"","advgb_blocks_columns_visual_guide":"","footnotes":""},"categories":[34],"tags":[10852,35,10839],"class_list":["post-57283","post","type-post","status-publish","format-standard","hentry","category-g1","tag-destaque-final-01","tag-g1","tag-policial"],"author_meta":{"display_name":"Reda\u00e7\u00e3o","author_link":"https:\/\/sindaopcpb.org.br\/author\/redacao\/"},"featured_img":null,"coauthors":[],"tax_additional":{"categories":{"linked":["<a href=\"https:\/\/sindaopcpb.org.br\/g1\/\" class=\"advgb-post-tax-term\">G1<\/a>"],"unlinked":["<span class=\"advgb-post-tax-term\">G1<\/span>"]},"tags":{"linked":["<a href=\"https:\/\/sindaopcpb.org.br\/g1\/\" class=\"advgb-post-tax-term\">Destaque Final 01<\/a>","<a href=\"https:\/\/sindaopcpb.org.br\/g1\/\" class=\"advgb-post-tax-term\">g1<\/a>","<a href=\"https:\/\/sindaopcpb.org.br\/g1\/\" class=\"advgb-post-tax-term\">Policial<\/a>"],"unlinked":["<span class=\"advgb-post-tax-term\">Destaque Final 01<\/span>","<span class=\"advgb-post-tax-term\">g1<\/span>","<span class=\"advgb-post-tax-term\">Policial<\/span>"]}},"comment_count":"0","relative_dates":{"created":"Publicado 12 meses atr\u00e1s","modified":"Atualizado 12 meses atr\u00e1s"},"absolute_dates":{"created":"Publicado em 18 de maio de 2025","modified":"Atualizado em 18 de maio de 2025"},"absolute_dates_time":{"created":"Publicado em 18 de maio de 2025 13:38","modified":"Atualizado em 18 de maio de 2025 17:38"},"featured_img_caption":"","series_order":"","_links":{"self":[{"href":"https:\/\/sindaopcpb.org.br\/index.php\/wp-json\/wp\/v2\/posts\/57283","targetHints":{"allow":["GET"]}}],"collection":[{"href":"https:\/\/sindaopcpb.org.br\/index.php\/wp-json\/wp\/v2\/posts"}],"about":[{"href":"https:\/\/sindaopcpb.org.br\/index.php\/wp-json\/wp\/v2\/types\/post"}],"author":[{"embeddable":true,"href":"https:\/\/sindaopcpb.org.br\/index.php\/wp-json\/wp\/v2\/users\/123457"}],"replies":[{"embeddable":true,"href":"https:\/\/sindaopcpb.org.br\/index.php\/wp-json\/wp\/v2\/comments?post=57283"}],"version-history":[{"count":3,"href":"https:\/\/sindaopcpb.org.br\/index.php\/wp-json\/wp\/v2\/posts\/57283\/revisions"}],"predecessor-version":[{"id":57293,"href":"https:\/\/sindaopcpb.org.br\/index.php\/wp-json\/wp\/v2\/posts\/57283\/revisions\/57293"}],"wp:attachment":[{"href":"https:\/\/sindaopcpb.org.br\/index.php\/wp-json\/wp\/v2\/media?parent=57283"}],"wp:term":[{"taxonomy":"category","embeddable":true,"href":"https:\/\/sindaopcpb.org.br\/index.php\/wp-json\/wp\/v2\/categories?post=57283"},{"taxonomy":"post_tag","embeddable":true,"href":"https:\/\/sindaopcpb.org.br\/index.php\/wp-json\/wp\/v2\/tags?post=57283"}],"curies":[{"name":"wp","href":"https:\/\/api.w.org\/{rel}","templated":true}]}}