{"id":57278,"date":"2025-05-18T12:31:35","date_gmt":"2025-05-18T15:31:35","guid":{"rendered":"https:\/\/www.pbagora.com.br\/?p=900266"},"modified":"2025-05-18T12:31:35","modified_gmt":"2025-05-18T15:31:35","slug":"policia-militar-prende-suspeito-por-trafico-de-drogas-em-bayeux","status":"publish","type":"post","link":"https:\/\/sindaopcpb.org.br\/index.php\/2025\/05\/18\/policia-militar-prende-suspeito-por-trafico-de-drogas-em-bayeux\/","title":{"rendered":"Pol\u00edcia Militar prende suspeito por tr\u00e1fico de drogas em Bayeux"},"content":{"rendered":"<p><img width=\"1024\" height=\"768\" src=\"https:\/\/www.pbagora.com.br\/storage\/2025\/05\/trafico-de-drogas-1024x768.jpeg\" class=\"attachment-large size-large wp-post-image\" alt=\"\" style=\"margin-bottom: 20px;\" decoding=\"async\" loading=\"lazy\" srcset=\"https:\/\/www.pbagora.com.br\/storage\/2025\/05\/trafico-de-drogas-1024x768.jpeg 1024w, https:\/\/www.pbagora.com.br\/storage\/2025\/05\/trafico-de-drogas-300x225.jpeg 300w, https:\/\/www.pbagora.com.br\/storage\/2025\/05\/trafico-de-drogas-150x113.jpeg 150w, https:\/\/www.pbagora.com.br\/storage\/2025\/05\/trafico-de-drogas-768x576.jpeg 768w, https:\/\/www.pbagora.com.br\/storage\/2025\/05\/trafico-de-drogas-1536x1152.jpeg 1536w, https:\/\/www.pbagora.com.br\/storage\/2025\/05\/trafico-de-drogas-200x150.jpeg 200w, https:\/\/www.pbagora.com.br\/storage\/2025\/05\/trafico-de-drogas-260x195.jpeg 260w, https:\/\/www.pbagora.com.br\/storage\/2025\/05\/trafico-de-drogas-380x285.jpeg 380w, https:\/\/www.pbagora.com.br\/storage\/2025\/05\/trafico-de-drogas-800x600.jpeg 800w, https:\/\/www.pbagora.com.br\/storage\/2025\/05\/trafico-de-drogas-1160x870.jpeg 1160w, https:\/\/www.pbagora.com.br\/storage\/2025\/05\/trafico-de-drogas-80x60.jpeg 80w, https:\/\/www.pbagora.com.br\/storage\/2025\/05\/trafico-de-drogas-600x450.jpeg 600w, https:\/\/www.pbagora.com.br\/storage\/2025\/05\/trafico-de-drogas-520x390.jpeg 520w, https:\/\/www.pbagora.com.br\/storage\/2025\/05\/trafico-de-drogas-760x570.jpeg 760w, https:\/\/www.pbagora.com.br\/storage\/2025\/05\/trafico-de-drogas.jpeg 1600w\" sizes=\"auto, (max-width: 1024px) 100vw, 1024px\" \/><\/p>\n<p>Nesse s\u00e1bado (17), policiais da 4\u00aa CIPM prenderam em flagrante delito um suspeito por tr\u00e1fico de drogas na cidade de Bayeux-PB. Com o suspeito foram apreendidas diversas drogas, todas prontas para o com\u00e9rcio il\u00edcito.<\/p>\n\n\n\n<p>As equipes policiais realizavam rondas quando se depararam com um indiv\u00edduo em atitude suspeita na rua da subesta\u00e7\u00e3o, no bairro do Rio do Meio, localidade j\u00e1 conhecida pelo com\u00e9rcio ilegal de drogas. O suspeito, que estava com uma pochete e uma sacola na m\u00e3o, ao perceber a presen\u00e7a da equipe policial arremessou a sacola para dentro de uma resid\u00eancia e tentou fugir, mas rapidamente foi alcan\u00e7ado pelos policiais.<\/p>\n\n\n\n<p>Na abordagem, foi encontrado dentro da sua pochete, muni\u00e7\u00f5es de arma de fogo e maconha, j\u00e1 na sacola arremessada foi encontrado diversas drogas. Na resid\u00eancia que servia como apoio e ponto de tr\u00e1fico de drogas foram encontrados tabletes de maconha, coca\u00edna, crack, comprimidos de Artane, embalagens pl\u00e1sticas para acondicionar drogas e balan\u00e7as de precis\u00e3o.<\/p>\n\n\n\n<p>O suspeito e todo material apreendido foram conduzidos para a 6\u00aa Delegacia Distrital da cidade para os procedimentos cab\u00edveis.<\/p>\n\n\n\n<p><strong><em>PB Agora<\/em><\/strong><\/p>\n","protected":false},"excerpt":{"rendered":"<p><img loading=\"lazy\" decoding=\"async\" width=\"1024\" height=\"768\" src=\"https:\/\/www.pbagora.com.br\/storage\/2025\/05\/trafico-de-drogas-1024x768.jpeg\" class=\"attachment-large size-large wp-post-image\" alt=\"\" srcset=\"https:\/\/www.pbagora.com.br\/storage\/2025\/05\/trafico-de-drogas-1024x768.jpeg 1024w, https:\/\/www.pbagora.com.br\/storage\/2025\/05\/trafico-de-drogas-300x225.jpeg 300w, https:\/\/www.pbagora.com.br\/storage\/2025\/05\/trafico-de-drogas-150x113.jpeg 150w, https:\/\/www.pbagora.com.br\/storage\/2025\/05\/trafico-de-drogas-768x576.jpeg 768w, https:\/\/www.pbagora.com.br\/storage\/2025\/05\/trafico-de-drogas-1536x1152.jpeg 1536w, https:\/\/www.pbagora.com.br\/storage\/2025\/05\/trafico-de-drogas-200x150.jpeg 200w, https:\/\/www.pbagora.com.br\/storage\/2025\/05\/trafico-de-drogas-260x195.jpeg 260w, https:\/\/www.pbagora.com.br\/storage\/2025\/05\/trafico-de-drogas-380x285.jpeg 380w, https:\/\/www.pbagora.com.br\/storage\/2025\/05\/trafico-de-drogas-800x600.jpeg 800w, https:\/\/www.pbagora.com.br\/storage\/2025\/05\/trafico-de-drogas-1160x870.jpeg 1160w, https:\/\/www.pbagora.com.br\/storage\/2025\/05\/trafico-de-drogas-80x60.jpeg 80w, https:\/\/www.pbagora.com.br\/storage\/2025\/05\/trafico-de-drogas-600x450.jpeg 600w, https:\/\/www.pbagora.com.br\/storage\/2025\/05\/trafico-de-drogas-520x390.jpeg 520w, https:\/\/www.pbagora.com.br\/storage\/2025\/05\/trafico-de-drogas-760x570.jpeg 760w, https:\/\/www.pbagora.com.br\/storage\/2025\/05\/trafico-de-drogas.jpeg 1600w\" sizes=\"auto, (max-width: 1024px) 100vw, 1024px\"><\/p>\n<p>Nesse s\u00e1bado (17), policiais da 4\u00aa CIPM prenderam em flagrante delito um suspeito por tr\u00e1fico de drogas na\u2026<\/p>\n","protected":false},"author":123457,"featured_media":0,"comment_status":"closed","ping_status":"closed","sticky":false,"template":"","format":"standard","meta":{"advgb_blocks_editor_width":"","advgb_blocks_columns_visual_guide":"","footnotes":""},"categories":[34],"tags":[35,10839,10842],"class_list":["post-57278","post","type-post","status-publish","format-standard","hentry","category-g1","tag-g1","tag-policial","tag-principal3"],"author_meta":{"display_name":"Reda\u00e7\u00e3o","author_link":"https:\/\/sindaopcpb.org.br\/author\/redacao\/"},"featured_img":null,"coauthors":[],"tax_additional":{"categories":{"linked":["<a href=\"https:\/\/sindaopcpb.org.br\/g1\/\" class=\"advgb-post-tax-term\">G1<\/a>"],"unlinked":["<span class=\"advgb-post-tax-term\">G1<\/span>"]},"tags":{"linked":["<a href=\"https:\/\/sindaopcpb.org.br\/g1\/\" class=\"advgb-post-tax-term\">g1<\/a>","<a href=\"https:\/\/sindaopcpb.org.br\/g1\/\" class=\"advgb-post-tax-term\">Policial<\/a>","<a href=\"https:\/\/sindaopcpb.org.br\/g1\/\" class=\"advgb-post-tax-term\">Principal3<\/a>"],"unlinked":["<span class=\"advgb-post-tax-term\">g1<\/span>","<span class=\"advgb-post-tax-term\">Policial<\/span>","<span class=\"advgb-post-tax-term\">Principal3<\/span>"]}},"comment_count":"0","relative_dates":{"created":"Publicado 12 meses atr\u00e1s","modified":"Atualizado 12 meses atr\u00e1s"},"absolute_dates":{"created":"Publicado em 18 de maio de 2025","modified":"Atualizado em 18 de maio de 2025"},"absolute_dates_time":{"created":"Publicado em 18 de maio de 2025 12:31","modified":"Atualizado em 18 de maio de 2025 12:31"},"featured_img_caption":"","series_order":"","_links":{"self":[{"href":"https:\/\/sindaopcpb.org.br\/index.php\/wp-json\/wp\/v2\/posts\/57278","targetHints":{"allow":["GET"]}}],"collection":[{"href":"https:\/\/sindaopcpb.org.br\/index.php\/wp-json\/wp\/v2\/posts"}],"about":[{"href":"https:\/\/sindaopcpb.org.br\/index.php\/wp-json\/wp\/v2\/types\/post"}],"author":[{"embeddable":true,"href":"https:\/\/sindaopcpb.org.br\/index.php\/wp-json\/wp\/v2\/users\/123457"}],"replies":[{"embeddable":true,"href":"https:\/\/sindaopcpb.org.br\/index.php\/wp-json\/wp\/v2\/comments?post=57278"}],"version-history":[{"count":2,"href":"https:\/\/sindaopcpb.org.br\/index.php\/wp-json\/wp\/v2\/posts\/57278\/revisions"}],"predecessor-version":[{"id":57286,"href":"https:\/\/sindaopcpb.org.br\/index.php\/wp-json\/wp\/v2\/posts\/57278\/revisions\/57286"}],"wp:attachment":[{"href":"https:\/\/sindaopcpb.org.br\/index.php\/wp-json\/wp\/v2\/media?parent=57278"}],"wp:term":[{"taxonomy":"category","embeddable":true,"href":"https:\/\/sindaopcpb.org.br\/index.php\/wp-json\/wp\/v2\/categories?post=57278"},{"taxonomy":"post_tag","embeddable":true,"href":"https:\/\/sindaopcpb.org.br\/index.php\/wp-json\/wp\/v2\/tags?post=57278"}],"curies":[{"name":"wp","href":"https:\/\/api.w.org\/{rel}","templated":true}]}}