{"id":57277,"date":"2025-05-18T13:01:31","date_gmt":"2025-05-18T16:01:31","guid":{"rendered":"https:\/\/www.pbagora.com.br\/?p=900272"},"modified":"2025-05-18T18:01:31","modified_gmt":"2025-05-18T21:01:31","slug":"crianca-de-9-anos-morre-eletrocutada-enquanto-brincava-de-bola-em-quadra-esportiva-de-jp","status":"publish","type":"post","link":"https:\/\/sindaopcpb.org.br\/index.php\/2025\/05\/18\/crianca-de-9-anos-morre-eletrocutada-enquanto-brincava-de-bola-em-quadra-esportiva-de-jp\/","title":{"rendered":"Crian\u00e7a de 9 anos morre eletrocutada enquanto brincava de bola em quadra esportiva de JP"},"content":{"rendered":"<p><img width=\"900\" height=\"416\" src=\"https:\/\/www.pbagora.com.br\/storage\/2025\/05\/Menino-de-9-anos-morre-eletrocutado-ao-encostar-em0019045400202505181015-8.webp\" class=\"attachment-large size-large wp-post-image\" alt=\"\" style=\"margin-bottom: 20px;\" decoding=\"async\" srcset=\"https:\/\/www.pbagora.com.br\/storage\/2025\/05\/Menino-de-9-anos-morre-eletrocutado-ao-encostar-em0019045400202505181015-8.webp 900w, https:\/\/www.pbagora.com.br\/storage\/2025\/05\/Menino-de-9-anos-morre-eletrocutado-ao-encostar-em0019045400202505181015-8-300x139.webp 300w, https:\/\/www.pbagora.com.br\/storage\/2025\/05\/Menino-de-9-anos-morre-eletrocutado-ao-encostar-em0019045400202505181015-8-150x69.webp 150w, https:\/\/www.pbagora.com.br\/storage\/2025\/05\/Menino-de-9-anos-morre-eletrocutado-ao-encostar-em0019045400202505181015-8-768x355.webp 768w, https:\/\/www.pbagora.com.br\/storage\/2025\/05\/Menino-de-9-anos-morre-eletrocutado-ao-encostar-em0019045400202505181015-8-380x176.webp 380w, https:\/\/www.pbagora.com.br\/storage\/2025\/05\/Menino-de-9-anos-morre-eletrocutado-ao-encostar-em0019045400202505181015-8-800x370.webp 800w, https:\/\/www.pbagora.com.br\/storage\/2025\/05\/Menino-de-9-anos-morre-eletrocutado-ao-encostar-em0019045400202505181015-8-80x37.webp 80w, https:\/\/www.pbagora.com.br\/storage\/2025\/05\/Menino-de-9-anos-morre-eletrocutado-ao-encostar-em0019045400202505181015-8-760x351.webp 760w, https:\/\/www.pbagora.com.br\/storage\/2025\/05\/Menino-de-9-anos-morre-eletrocutado-ao-encostar-em0019045400202505181015-8-600x277.webp 600w\" sizes=\"(max-width: 900px) 100vw, 900px\" \/><\/p>\n<p>Uma trag\u00e9dia marcou a noite deste s\u00e1bado (18) na comunidade Tr\u00eas Lagoas, em Jo\u00e3o Pessoa. Um menino de apenas 9 anos morreu eletrocutado ap\u00f3s tocar em uma grade met\u00e1lica energizada enquanto brincava e tentava recuperar uma bola em uma quadra esportiva da regi\u00e3o.<\/p>\n\n\n\n<p>Segundo o Servi\u00e7o de Atendimento M\u00f3vel de Urg\u00eancia (SAMU), a equipe foi acionada por volta das 23h, mas ao chegar ao local, constatou que a crian\u00e7a j\u00e1 estava sem vida.<\/p>\n\n\n\n<p>A per\u00edcia realizada pelo Instituto de Pol\u00edcia Cient\u00edfica (IPC) identificou diversas liga\u00e7\u00f5es el\u00e9tricas clandestinas no entorno da quadra o que pode ter deixado a \u00e1rea eletrificada, agravada pelo fato de o piso da quadra estar molhado no momento do acidente.<\/p>\n\n\n\n<p>A crian\u00e7a estava brincando de bola e, ao tentar pegar o objeto que caiu perto da grade, encostou na tela de ferro, que estava energizada. Com a descarga el\u00e9trica, ele morreu no local.<\/p>\n\n\n\n<p>Moradores da comunidade relataram que a concession\u00e1ria de energia j\u00e1 havia sido alertada sobre os riscos na quadra, mas nenhuma a\u00e7\u00e3o teria sido tomada.<\/p>\n\n\n\n<p>O caso est\u00e1 sendo investigado pela pol\u00edcia que apura as circunst\u00e2ncias da morte e as responsabilidades pelas liga\u00e7\u00f5es clandestinas e pela suposta omiss\u00e3o na resolu\u00e7\u00e3o do problema. <\/p>\n\n\n\n<p><strong><em>PB Agora<\/em><\/strong><\/p>\n","protected":false},"excerpt":{"rendered":"<p><img loading=\"lazy\" decoding=\"async\" width=\"900\" height=\"416\" src=\"https:\/\/www.pbagora.com.br\/storage\/2025\/05\/Menino-de-9-anos-morre-eletrocutado-ao-encostar-em0019045400202505181015-8.webp\" class=\"attachment-large size-large wp-post-image\" alt=\"\" srcset=\"https:\/\/www.pbagora.com.br\/storage\/2025\/05\/Menino-de-9-anos-morre-eletrocutado-ao-encostar-em0019045400202505181015-8.webp 900w, https:\/\/www.pbagora.com.br\/storage\/2025\/05\/Menino-de-9-anos-morre-eletrocutado-ao-encostar-em0019045400202505181015-8-300x139.webp 300w, https:\/\/www.pbagora.com.br\/storage\/2025\/05\/Menino-de-9-anos-morre-eletrocutado-ao-encostar-em0019045400202505181015-8-150x69.webp 150w, https:\/\/www.pbagora.com.br\/storage\/2025\/05\/Menino-de-9-anos-morre-eletrocutado-ao-encostar-em0019045400202505181015-8-768x355.webp 768w, https:\/\/www.pbagora.com.br\/storage\/2025\/05\/Menino-de-9-anos-morre-eletrocutado-ao-encostar-em0019045400202505181015-8-380x176.webp 380w, https:\/\/www.pbagora.com.br\/storage\/2025\/05\/Menino-de-9-anos-morre-eletrocutado-ao-encostar-em0019045400202505181015-8-800x370.webp 800w, https:\/\/www.pbagora.com.br\/storage\/2025\/05\/Menino-de-9-anos-morre-eletrocutado-ao-encostar-em0019045400202505181015-8-80x37.webp 80w, https:\/\/www.pbagora.com.br\/storage\/2025\/05\/Menino-de-9-anos-morre-eletrocutado-ao-encostar-em0019045400202505181015-8-760x351.webp 760w, https:\/\/www.pbagora.com.br\/storage\/2025\/05\/Menino-de-9-anos-morre-eletrocutado-ao-encostar-em0019045400202505181015-8-600x277.webp 600w\" sizes=\"auto, (max-width: 900px) 100vw, 900px\"><\/p>\n<p>Uma trag\u00e9dia marcou a noite deste s\u00e1bado (18) na comunidade Tr\u00eas Lagoas, em Jo\u00e3o Pessoa. Um menino de\u2026<\/p>\n","protected":false},"author":123457,"featured_media":0,"comment_status":"closed","ping_status":"closed","sticky":false,"template":"","format":"standard","meta":{"advgb_blocks_editor_width":"","advgb_blocks_columns_visual_guide":"","footnotes":""},"categories":[34],"tags":[35,10839,10846],"class_list":["post-57277","post","type-post","status-publish","format-standard","hentry","category-g1","tag-g1","tag-policial","tag-rodape-02"],"author_meta":{"display_name":"Reda\u00e7\u00e3o","author_link":"https:\/\/sindaopcpb.org.br\/author\/redacao\/"},"featured_img":null,"coauthors":[],"tax_additional":{"categories":{"linked":["<a href=\"https:\/\/sindaopcpb.org.br\/g1\/\" class=\"advgb-post-tax-term\">G1<\/a>"],"unlinked":["<span class=\"advgb-post-tax-term\">G1<\/span>"]},"tags":{"linked":["<a href=\"https:\/\/sindaopcpb.org.br\/g1\/\" class=\"advgb-post-tax-term\">g1<\/a>","<a href=\"https:\/\/sindaopcpb.org.br\/g1\/\" class=\"advgb-post-tax-term\">Policial<\/a>","<a href=\"https:\/\/sindaopcpb.org.br\/g1\/\" class=\"advgb-post-tax-term\">Rodape 02<\/a>"],"unlinked":["<span class=\"advgb-post-tax-term\">g1<\/span>","<span class=\"advgb-post-tax-term\">Policial<\/span>","<span class=\"advgb-post-tax-term\">Rodape 02<\/span>"]}},"comment_count":"0","relative_dates":{"created":"Publicado 12 meses atr\u00e1s","modified":"Atualizado 12 meses atr\u00e1s"},"absolute_dates":{"created":"Publicado em 18 de maio de 2025","modified":"Atualizado em 18 de maio de 2025"},"absolute_dates_time":{"created":"Publicado em 18 de maio de 2025 13:01","modified":"Atualizado em 18 de maio de 2025 18:01"},"featured_img_caption":"","series_order":"","_links":{"self":[{"href":"https:\/\/sindaopcpb.org.br\/index.php\/wp-json\/wp\/v2\/posts\/57277","targetHints":{"allow":["GET"]}}],"collection":[{"href":"https:\/\/sindaopcpb.org.br\/index.php\/wp-json\/wp\/v2\/posts"}],"about":[{"href":"https:\/\/sindaopcpb.org.br\/index.php\/wp-json\/wp\/v2\/types\/post"}],"author":[{"embeddable":true,"href":"https:\/\/sindaopcpb.org.br\/index.php\/wp-json\/wp\/v2\/users\/123457"}],"replies":[{"embeddable":true,"href":"https:\/\/sindaopcpb.org.br\/index.php\/wp-json\/wp\/v2\/comments?post=57277"}],"version-history":[{"count":4,"href":"https:\/\/sindaopcpb.org.br\/index.php\/wp-json\/wp\/v2\/posts\/57277\/revisions"}],"predecessor-version":[{"id":57291,"href":"https:\/\/sindaopcpb.org.br\/index.php\/wp-json\/wp\/v2\/posts\/57277\/revisions\/57291"}],"wp:attachment":[{"href":"https:\/\/sindaopcpb.org.br\/index.php\/wp-json\/wp\/v2\/media?parent=57277"}],"wp:term":[{"taxonomy":"category","embeddable":true,"href":"https:\/\/sindaopcpb.org.br\/index.php\/wp-json\/wp\/v2\/categories?post=57277"},{"taxonomy":"post_tag","embeddable":true,"href":"https:\/\/sindaopcpb.org.br\/index.php\/wp-json\/wp\/v2\/tags?post=57277"}],"curies":[{"name":"wp","href":"https:\/\/api.w.org\/{rel}","templated":true}]}}