{"id":57273,"date":"2025-05-18T08:23:27","date_gmt":"2025-05-18T11:23:27","guid":{"rendered":"https:\/\/www.pbagora.com.br\/?p=900257"},"modified":"2025-05-18T17:23:27","modified_gmt":"2025-05-18T20:23:27","slug":"policial-militar-reage-a-assalto-em-loja-de-celulares-e-baleado-e-mata-suspeito-em-joao-pessoa","status":"publish","type":"post","link":"https:\/\/sindaopcpb.org.br\/index.php\/2025\/05\/18\/policial-militar-reage-a-assalto-em-loja-de-celulares-e-baleado-e-mata-suspeito-em-joao-pessoa\/","title":{"rendered":"Policial Militar reage a assalto em loja de celulares, \u00e9 baleado e mata suspeito em Jo\u00e3o Pessoa"},"content":{"rendered":"<p><img width=\"1000\" height=\"554\" src=\"https:\/\/www.pbagora.com.br\/storage\/2025\/05\/reproducaopoliciamilitar.avif\" class=\"attachment-large size-large wp-post-image\" alt=\"\" style=\"margin-bottom: 20px;\" decoding=\"async\" loading=\"lazy\" srcset=\"https:\/\/www.pbagora.com.br\/storage\/2025\/05\/reproducaopoliciamilitar.avif 1000w, https:\/\/www.pbagora.com.br\/storage\/2025\/05\/reproducaopoliciamilitar-300x166.avif 300w, https:\/\/www.pbagora.com.br\/storage\/2025\/05\/reproducaopoliciamilitar-150x83.avif 150w, https:\/\/www.pbagora.com.br\/storage\/2025\/05\/reproducaopoliciamilitar-768x425.avif 768w, https:\/\/www.pbagora.com.br\/storage\/2025\/05\/reproducaopoliciamilitar-380x211.avif 380w, https:\/\/www.pbagora.com.br\/storage\/2025\/05\/reproducaopoliciamilitar-800x443.avif 800w, https:\/\/www.pbagora.com.br\/storage\/2025\/05\/reproducaopoliciamilitar-80x44.avif 80w, https:\/\/www.pbagora.com.br\/storage\/2025\/05\/reproducaopoliciamilitar-760x421.avif 760w, https:\/\/www.pbagora.com.br\/storage\/2025\/05\/reproducaopoliciamilitar-600x332.avif 600w\" sizes=\"auto, (max-width: 1000px) 100vw, 1000px\" \/><\/p>\n<p>Um policial militar foi baleado ap\u00f3s reagir a uma tentativa de assalto a uma loja de celulares na noite desse s\u00e1bado (17), no bairro de Mangabeira, na Zona Sul de Jo\u00e3o Pessoa. O suspeito do crime morreu no local.<\/p>\n\n\n\n<p>De acordo com informa\u00e7\u00f5es da Pol\u00edcia Militar, o policial estava dentro do estabelecimento, que pertence a um amigo, quando o homem armado chegou ao local com a inten\u00e7\u00e3o de praticar o roubo. Ao perceber a a\u00e7\u00e3o criminosa, o militar reagiu, dando in\u00edcio a uma troca de tiros.<\/p>\n\n\n\n<p>O suspeito foi atingido e morreu ainda dentro da loja. O policial tamb\u00e9m foi ferido e socorrido para o Hospital de Emerg\u00eancia e Trauma Senador Humberto Lucena, onde permanece internado na ala vermelha. Segundo boletim divulgado pela unidade hospitalar, o estado de sa\u00fade dele \u00e9 considerado grave.<\/p>\n\n\n\n<p>A cena do crime foi isolada para a realiza\u00e7\u00e3o da per\u00edcia e a din\u00e2mica da ocorr\u00eancia ser\u00e1 investigada para esclarecer todos os detalhes do confronto.<\/p>\n\n\n\n<p><strong><em>PB Agora<\/em><\/strong><\/p>\n","protected":false},"excerpt":{"rendered":"<p><img decoding=\"async\" width=\"1000\" height=\"554\" src=\"https:\/\/www.pbagora.com.br\/storage\/2025\/05\/reproducaopoliciamilitar.avif\" class=\"attachment-large size-large wp-post-image\" alt=\"\" loading=\"lazy\" srcset=\"https:\/\/www.pbagora.com.br\/storage\/2025\/05\/reproducaopoliciamilitar.avif 1000w, https:\/\/www.pbagora.com.br\/storage\/2025\/05\/reproducaopoliciamilitar-300x166.avif 300w, https:\/\/www.pbagora.com.br\/storage\/2025\/05\/reproducaopoliciamilitar-150x83.avif 150w, https:\/\/www.pbagora.com.br\/storage\/2025\/05\/reproducaopoliciamilitar-768x425.avif 768w, https:\/\/www.pbagora.com.br\/storage\/2025\/05\/reproducaopoliciamilitar-380x211.avif 380w, https:\/\/www.pbagora.com.br\/storage\/2025\/05\/reproducaopoliciamilitar-800x443.avif 800w, https:\/\/www.pbagora.com.br\/storage\/2025\/05\/reproducaopoliciamilitar-80x44.avif 80w, https:\/\/www.pbagora.com.br\/storage\/2025\/05\/reproducaopoliciamilitar-760x421.avif 760w, https:\/\/www.pbagora.com.br\/storage\/2025\/05\/reproducaopoliciamilitar-600x332.avif 600w\" sizes=\"auto, (max-width: 1000px) 100vw, 1000px\"><\/p>\n<p>Um policial militar foi baleado ap\u00f3s reagir a uma tentativa de assalto a uma loja de celulares na\u2026<\/p>\n","protected":false},"author":123457,"featured_media":0,"comment_status":"closed","ping_status":"closed","sticky":false,"template":"","format":"standard","meta":{"advgb_blocks_editor_width":"","advgb_blocks_columns_visual_guide":"","footnotes":""},"categories":[34],"tags":[35,10839,10847],"class_list":["post-57273","post","type-post","status-publish","format-standard","hentry","category-g1","tag-g1","tag-policial","tag-rodape-03"],"author_meta":{"display_name":"Reda\u00e7\u00e3o","author_link":"https:\/\/sindaopcpb.org.br\/author\/redacao\/"},"featured_img":null,"coauthors":[],"tax_additional":{"categories":{"linked":["<a href=\"https:\/\/sindaopcpb.org.br\/g1\/\" class=\"advgb-post-tax-term\">G1<\/a>"],"unlinked":["<span class=\"advgb-post-tax-term\">G1<\/span>"]},"tags":{"linked":["<a href=\"https:\/\/sindaopcpb.org.br\/g1\/\" class=\"advgb-post-tax-term\">g1<\/a>","<a href=\"https:\/\/sindaopcpb.org.br\/g1\/\" class=\"advgb-post-tax-term\">Policial<\/a>","<a href=\"https:\/\/sindaopcpb.org.br\/g1\/\" class=\"advgb-post-tax-term\">Rodape 03<\/a>"],"unlinked":["<span class=\"advgb-post-tax-term\">g1<\/span>","<span class=\"advgb-post-tax-term\">Policial<\/span>","<span class=\"advgb-post-tax-term\">Rodape 03<\/span>"]}},"comment_count":"0","relative_dates":{"created":"Publicado 12 meses atr\u00e1s","modified":"Atualizado 12 meses atr\u00e1s"},"absolute_dates":{"created":"Publicado em 18 de maio de 2025","modified":"Atualizado em 18 de maio de 2025"},"absolute_dates_time":{"created":"Publicado em 18 de maio de 2025 08:23","modified":"Atualizado em 18 de maio de 2025 17:23"},"featured_img_caption":"","series_order":"","_links":{"self":[{"href":"https:\/\/sindaopcpb.org.br\/index.php\/wp-json\/wp\/v2\/posts\/57273","targetHints":{"allow":["GET"]}}],"collection":[{"href":"https:\/\/sindaopcpb.org.br\/index.php\/wp-json\/wp\/v2\/posts"}],"about":[{"href":"https:\/\/sindaopcpb.org.br\/index.php\/wp-json\/wp\/v2\/types\/post"}],"author":[{"embeddable":true,"href":"https:\/\/sindaopcpb.org.br\/index.php\/wp-json\/wp\/v2\/users\/123457"}],"replies":[{"embeddable":true,"href":"https:\/\/sindaopcpb.org.br\/index.php\/wp-json\/wp\/v2\/comments?post=57273"}],"version-history":[{"count":3,"href":"https:\/\/sindaopcpb.org.br\/index.php\/wp-json\/wp\/v2\/posts\/57273\/revisions"}],"predecessor-version":[{"id":57294,"href":"https:\/\/sindaopcpb.org.br\/index.php\/wp-json\/wp\/v2\/posts\/57273\/revisions\/57294"}],"wp:attachment":[{"href":"https:\/\/sindaopcpb.org.br\/index.php\/wp-json\/wp\/v2\/media?parent=57273"}],"wp:term":[{"taxonomy":"category","embeddable":true,"href":"https:\/\/sindaopcpb.org.br\/index.php\/wp-json\/wp\/v2\/categories?post=57273"},{"taxonomy":"post_tag","embeddable":true,"href":"https:\/\/sindaopcpb.org.br\/index.php\/wp-json\/wp\/v2\/tags?post=57273"}],"curies":[{"name":"wp","href":"https:\/\/api.w.org\/{rel}","templated":true}]}}