{"id":57269,"date":"2025-05-18T08:07:29","date_gmt":"2025-05-18T11:07:29","guid":{"rendered":"https:\/\/www.pbagora.com.br\/?p=900249"},"modified":"2025-05-18T08:07:29","modified_gmt":"2025-05-18T11:07:29","slug":"acao-conjunta-resulta-na-prisao-de-acusado-de-homicidio-e-apreende-varias-drogas-em-cabedelo","status":"publish","type":"post","link":"https:\/\/sindaopcpb.org.br\/index.php\/2025\/05\/18\/acao-conjunta-resulta-na-prisao-de-acusado-de-homicidio-e-apreende-varias-drogas-em-cabedelo\/","title":{"rendered":"A\u00e7\u00e3o conjunta resulta na pris\u00e3o de acusado de homic\u00eddio e apreende v\u00e1rias drogas em Cabedelo"},"content":{"rendered":"<p><img width=\"1024\" height=\"768\" src=\"https:\/\/www.pbagora.com.br\/storage\/2025\/05\/material-apreendido-em-cabedelo-1024x768.jpeg\" class=\"attachment-large size-large wp-post-image\" alt=\"\" style=\"margin-bottom: 20px;\" decoding=\"async\" srcset=\"https:\/\/www.pbagora.com.br\/storage\/2025\/05\/material-apreendido-em-cabedelo-1024x768.jpeg 1024w, https:\/\/www.pbagora.com.br\/storage\/2025\/05\/material-apreendido-em-cabedelo-300x225.jpeg 300w, https:\/\/www.pbagora.com.br\/storage\/2025\/05\/material-apreendido-em-cabedelo-150x113.jpeg 150w, https:\/\/www.pbagora.com.br\/storage\/2025\/05\/material-apreendido-em-cabedelo-768x576.jpeg 768w, https:\/\/www.pbagora.com.br\/storage\/2025\/05\/material-apreendido-em-cabedelo-1536x1152.jpeg 1536w, https:\/\/www.pbagora.com.br\/storage\/2025\/05\/material-apreendido-em-cabedelo-200x150.jpeg 200w, https:\/\/www.pbagora.com.br\/storage\/2025\/05\/material-apreendido-em-cabedelo-260x195.jpeg 260w, https:\/\/www.pbagora.com.br\/storage\/2025\/05\/material-apreendido-em-cabedelo-380x285.jpeg 380w, https:\/\/www.pbagora.com.br\/storage\/2025\/05\/material-apreendido-em-cabedelo-800x600.jpeg 800w, https:\/\/www.pbagora.com.br\/storage\/2025\/05\/material-apreendido-em-cabedelo-1160x870.jpeg 1160w, https:\/\/www.pbagora.com.br\/storage\/2025\/05\/material-apreendido-em-cabedelo-80x60.jpeg 80w, https:\/\/www.pbagora.com.br\/storage\/2025\/05\/material-apreendido-em-cabedelo-600x450.jpeg 600w, https:\/\/www.pbagora.com.br\/storage\/2025\/05\/material-apreendido-em-cabedelo-520x390.jpeg 520w, https:\/\/www.pbagora.com.br\/storage\/2025\/05\/material-apreendido-em-cabedelo-760x570.jpeg 760w, https:\/\/www.pbagora.com.br\/storage\/2025\/05\/material-apreendido-em-cabedelo.jpeg 1600w\" sizes=\"(max-width: 1024px) 100vw, 1024px\" \/><\/p>\n<p>Nesse s\u00e1bado (17), uma a\u00e7\u00e3o conjunta da Pol\u00edcia Militar e Pol\u00edcia Civil resultou na pris\u00e3o de um suspeito investigado pela pr\u00e1tica de homic\u00eddio, porte ilegal de arma de fogo e tr\u00e1fico de drogas na cidade de Cabedelo-PB.<\/p>\n\n\n\n<p>Na a\u00e7\u00e3o, policiais da 6\u00aa CIPM, For\u00e7a Regional, CPC\u00e3es e do N\u00facleo de Homic\u00eddios da PC realizaram um cerco policial no bairro do Renascer, com o intuito de dar cumprimento a um mandado de pris\u00e3o pelo crime de homic\u00eddio. O acusado foi interceptado e no local da abordagem foram encontrados uma pistola, calibre 9mm, com 50 muni\u00e7\u00f5es intactas, cerca de 14kg de drogas e balan\u00e7as de precis\u00e3o.<\/p>\n\n\n\n<p>As equipes conduziram o acusado e todo o material apreendido \u00e0 Delegacia de Pol\u00edcia Civil para os demais procedimentos cab\u00edveis.<\/p>\n\n\n\n<p><strong><em>PB Agora<\/em><\/strong><\/p>\n","protected":false},"excerpt":{"rendered":"<p><img loading=\"lazy\" decoding=\"async\" width=\"1024\" height=\"768\" src=\"https:\/\/www.pbagora.com.br\/storage\/2025\/05\/material-apreendido-em-cabedelo-1024x768.jpeg\" class=\"attachment-large size-large wp-post-image\" alt=\"\" srcset=\"https:\/\/www.pbagora.com.br\/storage\/2025\/05\/material-apreendido-em-cabedelo-1024x768.jpeg 1024w, https:\/\/www.pbagora.com.br\/storage\/2025\/05\/material-apreendido-em-cabedelo-300x225.jpeg 300w, https:\/\/www.pbagora.com.br\/storage\/2025\/05\/material-apreendido-em-cabedelo-150x113.jpeg 150w, https:\/\/www.pbagora.com.br\/storage\/2025\/05\/material-apreendido-em-cabedelo-768x576.jpeg 768w, https:\/\/www.pbagora.com.br\/storage\/2025\/05\/material-apreendido-em-cabedelo-1536x1152.jpeg 1536w, https:\/\/www.pbagora.com.br\/storage\/2025\/05\/material-apreendido-em-cabedelo-200x150.jpeg 200w, https:\/\/www.pbagora.com.br\/storage\/2025\/05\/material-apreendido-em-cabedelo-260x195.jpeg 260w, https:\/\/www.pbagora.com.br\/storage\/2025\/05\/material-apreendido-em-cabedelo-380x285.jpeg 380w, https:\/\/www.pbagora.com.br\/storage\/2025\/05\/material-apreendido-em-cabedelo-800x600.jpeg 800w, https:\/\/www.pbagora.com.br\/storage\/2025\/05\/material-apreendido-em-cabedelo-1160x870.jpeg 1160w, https:\/\/www.pbagora.com.br\/storage\/2025\/05\/material-apreendido-em-cabedelo-80x60.jpeg 80w, https:\/\/www.pbagora.com.br\/storage\/2025\/05\/material-apreendido-em-cabedelo-600x450.jpeg 600w, https:\/\/www.pbagora.com.br\/storage\/2025\/05\/material-apreendido-em-cabedelo-520x390.jpeg 520w, https:\/\/www.pbagora.com.br\/storage\/2025\/05\/material-apreendido-em-cabedelo-760x570.jpeg 760w, https:\/\/www.pbagora.com.br\/storage\/2025\/05\/material-apreendido-em-cabedelo.jpeg 1600w\" sizes=\"auto, (max-width: 1024px) 100vw, 1024px\"><\/p>\n<p>Nesse s\u00e1bado (17), uma a\u00e7\u00e3o conjunta da Pol\u00edcia Militar e Pol\u00edcia Civil resultou na pris\u00e3o de um suspeito\u2026<\/p>\n","protected":false},"author":123457,"featured_media":0,"comment_status":"closed","ping_status":"closed","sticky":false,"template":"","format":"standard","meta":{"advgb_blocks_editor_width":"","advgb_blocks_columns_visual_guide":"","footnotes":""},"categories":[34],"tags":[35,10839,10842],"class_list":["post-57269","post","type-post","status-publish","format-standard","hentry","category-g1","tag-g1","tag-policial","tag-principal3"],"author_meta":{"display_name":"Reda\u00e7\u00e3o","author_link":"https:\/\/sindaopcpb.org.br\/author\/redacao\/"},"featured_img":null,"coauthors":[],"tax_additional":{"categories":{"linked":["<a href=\"https:\/\/sindaopcpb.org.br\/g1\/\" class=\"advgb-post-tax-term\">G1<\/a>"],"unlinked":["<span class=\"advgb-post-tax-term\">G1<\/span>"]},"tags":{"linked":["<a href=\"https:\/\/sindaopcpb.org.br\/g1\/\" class=\"advgb-post-tax-term\">g1<\/a>","<a href=\"https:\/\/sindaopcpb.org.br\/g1\/\" class=\"advgb-post-tax-term\">Policial<\/a>","<a href=\"https:\/\/sindaopcpb.org.br\/g1\/\" class=\"advgb-post-tax-term\">Principal3<\/a>"],"unlinked":["<span class=\"advgb-post-tax-term\">g1<\/span>","<span class=\"advgb-post-tax-term\">Policial<\/span>","<span class=\"advgb-post-tax-term\">Principal3<\/span>"]}},"comment_count":"0","relative_dates":{"created":"Publicado 12 meses atr\u00e1s","modified":"Atualizado 12 meses atr\u00e1s"},"absolute_dates":{"created":"Publicado em 18 de maio de 2025","modified":"Atualizado em 18 de maio de 2025"},"absolute_dates_time":{"created":"Publicado em 18 de maio de 2025 08:07","modified":"Atualizado em 18 de maio de 2025 08:07"},"featured_img_caption":"","series_order":"","_links":{"self":[{"href":"https:\/\/sindaopcpb.org.br\/index.php\/wp-json\/wp\/v2\/posts\/57269","targetHints":{"allow":["GET"]}}],"collection":[{"href":"https:\/\/sindaopcpb.org.br\/index.php\/wp-json\/wp\/v2\/posts"}],"about":[{"href":"https:\/\/sindaopcpb.org.br\/index.php\/wp-json\/wp\/v2\/types\/post"}],"author":[{"embeddable":true,"href":"https:\/\/sindaopcpb.org.br\/index.php\/wp-json\/wp\/v2\/users\/123457"}],"replies":[{"embeddable":true,"href":"https:\/\/sindaopcpb.org.br\/index.php\/wp-json\/wp\/v2\/comments?post=57269"}],"version-history":[{"count":3,"href":"https:\/\/sindaopcpb.org.br\/index.php\/wp-json\/wp\/v2\/posts\/57269\/revisions"}],"predecessor-version":[{"id":57281,"href":"https:\/\/sindaopcpb.org.br\/index.php\/wp-json\/wp\/v2\/posts\/57269\/revisions\/57281"}],"wp:attachment":[{"href":"https:\/\/sindaopcpb.org.br\/index.php\/wp-json\/wp\/v2\/media?parent=57269"}],"wp:term":[{"taxonomy":"category","embeddable":true,"href":"https:\/\/sindaopcpb.org.br\/index.php\/wp-json\/wp\/v2\/categories?post=57269"},{"taxonomy":"post_tag","embeddable":true,"href":"https:\/\/sindaopcpb.org.br\/index.php\/wp-json\/wp\/v2\/tags?post=57269"}],"curies":[{"name":"wp","href":"https:\/\/api.w.org\/{rel}","templated":true}]}}