{"id":57194,"date":"2025-05-14T14:54:37","date_gmt":"2025-05-14T17:54:37","guid":{"rendered":"https:\/\/www.pbagora.com.br\/?p=899692"},"modified":"2025-05-14T14:54:37","modified_gmt":"2025-05-14T17:54:37","slug":"mulher-e-esfaqueada-pelo-companheiro-apos-discussao-na-paraiba","status":"publish","type":"post","link":"https:\/\/sindaopcpb.org.br\/index.php\/2025\/05\/14\/mulher-e-esfaqueada-pelo-companheiro-apos-discussao-na-paraiba\/","title":{"rendered":"Mulher \u00e9 esfaqueada pelo companheiro ap\u00f3s discuss\u00e3o na Para\u00edba"},"content":{"rendered":"<p><img width=\"1024\" height=\"679\" src=\"https:\/\/www.pbagora.com.br\/storage\/2024\/07\/SAMU-JP-01-1024x679.jpg\" class=\"attachment-large size-large wp-post-image\" alt=\"\" style=\"margin-bottom: 20px;\" decoding=\"async\" loading=\"lazy\" srcset=\"https:\/\/www.pbagora.com.br\/storage\/2024\/07\/SAMU-JP-01-1024x679.jpg 1024w, https:\/\/www.pbagora.com.br\/storage\/2024\/07\/SAMU-JP-01-300x199.jpg 300w, https:\/\/www.pbagora.com.br\/storage\/2024\/07\/SAMU-JP-01-150x99.jpg 150w, https:\/\/www.pbagora.com.br\/storage\/2024\/07\/SAMU-JP-01-768x509.jpg 768w, https:\/\/www.pbagora.com.br\/storage\/2024\/07\/SAMU-JP-01-380x252.jpg 380w, https:\/\/www.pbagora.com.br\/storage\/2024\/07\/SAMU-JP-01-800x530.jpg 800w, https:\/\/www.pbagora.com.br\/storage\/2024\/07\/SAMU-JP-01-1160x769.jpg 1160w, https:\/\/www.pbagora.com.br\/storage\/2024\/07\/SAMU-JP-01-80x53.jpg 80w, https:\/\/www.pbagora.com.br\/storage\/2024\/07\/SAMU-JP-01-760x504.jpg 760w, https:\/\/www.pbagora.com.br\/storage\/2024\/07\/SAMU-JP-01-600x398.jpg 600w, https:\/\/www.pbagora.com.br\/storage\/2024\/07\/SAMU-JP-01.jpg 1500w\" sizes=\"auto, (max-width: 1024px) 100vw, 1024px\" \/><\/p>\n<p>Uma mulher de 37 anos foi v\u00edtima de uma tentativa de feminic\u00eddio na noite dessa ter\u00e7a-feira (13), no munic\u00edpio de Teixeira, Sert\u00e3o da Para\u00edba. Segundo informa\u00e7\u00f5es da Pol\u00edcia Civil, a v\u00edtima foi esfaqueada pelo companheiro durante uma discuss\u00e3o. O casal mantinha um relacionamento h\u00e1 cerca de 12 anos.<\/p>\n\n\n\n<p>De acordo com o boletim de ocorr\u00eancia, a mulher relatou que ambos estavam consumindo bebidas alco\u00f3licas desde o in\u00edcio do dia e que o agressor tamb\u00e9m fazia uso de drogas. Durante uma discuss\u00e3o, ele a atacou com duas facadas. A agress\u00e3o s\u00f3 n\u00e3o foi mais grave porque uma pessoa que estava pr\u00f3xima conseguiu intervir e impedir o homem de continuar o ataque.<\/p>\n\n\n\n<p>O suspeito fugiu logo ap\u00f3s o crime, em dire\u00e7\u00e3o \u00e0 zona rural do munic\u00edpio, e at\u00e9 o momento n\u00e3o foi localizado. A Pol\u00edcia Civil informou que o homem \u00e9 ex-presidi\u00e1rio e usava tornozeleira eletr\u00f4nica, mas o equipamento encontra-se inativo, sem sinal de funcionamento.<\/p>\n\n\n\n<p>A v\u00edtima foi socorrida pelo Servi\u00e7o de Atendimento M\u00f3vel de Urg\u00eancia (Samu) e levada ao hospital de Teixeira, onde recebeu atendimento m\u00e9dico e foi liberada com ferimentos considerados leves.<\/p>\n\n\n\n<p>Ap\u00f3s a alta, a mulher se recusou a comparecer \u00e0 delegacia de Patos para registrar o depoimento formal, alegando estar sob efeito de \u00e1lcool, mas afirmou que compareceria \u00e0 delegacia de Teixeira nesta quarta-feira (14).<\/p>\n\n\n\n<p>A Pol\u00edcia Civil informou que j\u00e1 foi solicitada uma medida protetiva para a v\u00edtima e que dilig\u00eancias est\u00e3o em andamento para localiz\u00e1-la e colher seu depoimento oficial, bem como capturar o agressor.<\/p>\n\n\n\n<p><strong><em>PB Agora<\/em><\/strong><\/p>\n\n\n\n<p><\/p>\n","protected":false},"excerpt":{"rendered":"<p><img decoding=\"async\" width=\"1024\" height=\"679\" src=\"https:\/\/www.pbagora.com.br\/storage\/2024\/07\/SAMU-JP-01-1024x679.jpg\" class=\"attachment-large size-large wp-post-image\" alt=\"\" loading=\"lazy\" srcset=\"https:\/\/www.pbagora.com.br\/storage\/2024\/07\/SAMU-JP-01-1024x679.jpg 1024w, https:\/\/www.pbagora.com.br\/storage\/2024\/07\/SAMU-JP-01-300x199.jpg 300w, https:\/\/www.pbagora.com.br\/storage\/2024\/07\/SAMU-JP-01-150x99.jpg 150w, https:\/\/www.pbagora.com.br\/storage\/2024\/07\/SAMU-JP-01-768x509.jpg 768w, https:\/\/www.pbagora.com.br\/storage\/2024\/07\/SAMU-JP-01-380x252.jpg 380w, https:\/\/www.pbagora.com.br\/storage\/2024\/07\/SAMU-JP-01-800x530.jpg 800w, https:\/\/www.pbagora.com.br\/storage\/2024\/07\/SAMU-JP-01-1160x769.jpg 1160w, https:\/\/www.pbagora.com.br\/storage\/2024\/07\/SAMU-JP-01-80x53.jpg 80w, https:\/\/www.pbagora.com.br\/storage\/2024\/07\/SAMU-JP-01-760x504.jpg 760w, https:\/\/www.pbagora.com.br\/storage\/2024\/07\/SAMU-JP-01-600x398.jpg 600w, https:\/\/www.pbagora.com.br\/storage\/2024\/07\/SAMU-JP-01.jpg 1500w\" sizes=\"auto, (max-width: 1024px) 100vw, 1024px\"><\/p>\n<p>Uma mulher de 37 anos foi v\u00edtima de uma tentativa de feminic\u00eddio na noite dessa ter\u00e7a-feira (13), no\u2026<\/p>\n","protected":false},"author":123457,"featured_media":0,"comment_status":"closed","ping_status":"closed","sticky":false,"template":"","format":"standard","meta":{"advgb_blocks_editor_width":"","advgb_blocks_columns_visual_guide":"","footnotes":""},"categories":[34],"tags":[10841,35,10839],"class_list":["post-57194","post","type-post","status-publish","format-standard","hentry","category-g1","tag-destaque-centro-02","tag-g1","tag-policial"],"author_meta":{"display_name":"Reda\u00e7\u00e3o","author_link":"https:\/\/sindaopcpb.org.br\/author\/redacao\/"},"featured_img":null,"coauthors":[],"tax_additional":{"categories":{"linked":["<a href=\"https:\/\/sindaopcpb.org.br\/g1\/\" class=\"advgb-post-tax-term\">G1<\/a>"],"unlinked":["<span class=\"advgb-post-tax-term\">G1<\/span>"]},"tags":{"linked":["<a href=\"https:\/\/sindaopcpb.org.br\/g1\/\" class=\"advgb-post-tax-term\">Destaque Centro 02<\/a>","<a href=\"https:\/\/sindaopcpb.org.br\/g1\/\" class=\"advgb-post-tax-term\">g1<\/a>","<a href=\"https:\/\/sindaopcpb.org.br\/g1\/\" class=\"advgb-post-tax-term\">Policial<\/a>"],"unlinked":["<span class=\"advgb-post-tax-term\">Destaque Centro 02<\/span>","<span class=\"advgb-post-tax-term\">g1<\/span>","<span class=\"advgb-post-tax-term\">Policial<\/span>"]}},"comment_count":"0","relative_dates":{"created":"Publicado 12 meses atr\u00e1s","modified":"Atualizado 12 meses atr\u00e1s"},"absolute_dates":{"created":"Publicado em 14 de maio de 2025","modified":"Atualizado em 14 de maio de 2025"},"absolute_dates_time":{"created":"Publicado em 14 de maio de 2025 14:54","modified":"Atualizado em 14 de maio de 2025 14:54"},"featured_img_caption":"","series_order":"","_links":{"self":[{"href":"https:\/\/sindaopcpb.org.br\/index.php\/wp-json\/wp\/v2\/posts\/57194","targetHints":{"allow":["GET"]}}],"collection":[{"href":"https:\/\/sindaopcpb.org.br\/index.php\/wp-json\/wp\/v2\/posts"}],"about":[{"href":"https:\/\/sindaopcpb.org.br\/index.php\/wp-json\/wp\/v2\/types\/post"}],"author":[{"embeddable":true,"href":"https:\/\/sindaopcpb.org.br\/index.php\/wp-json\/wp\/v2\/users\/123457"}],"replies":[{"embeddable":true,"href":"https:\/\/sindaopcpb.org.br\/index.php\/wp-json\/wp\/v2\/comments?post=57194"}],"version-history":[{"count":1,"href":"https:\/\/sindaopcpb.org.br\/index.php\/wp-json\/wp\/v2\/posts\/57194\/revisions"}],"predecessor-version":[{"id":57195,"href":"https:\/\/sindaopcpb.org.br\/index.php\/wp-json\/wp\/v2\/posts\/57194\/revisions\/57195"}],"wp:attachment":[{"href":"https:\/\/sindaopcpb.org.br\/index.php\/wp-json\/wp\/v2\/media?parent=57194"}],"wp:term":[{"taxonomy":"category","embeddable":true,"href":"https:\/\/sindaopcpb.org.br\/index.php\/wp-json\/wp\/v2\/categories?post=57194"},{"taxonomy":"post_tag","embeddable":true,"href":"https:\/\/sindaopcpb.org.br\/index.php\/wp-json\/wp\/v2\/tags?post=57194"}],"curies":[{"name":"wp","href":"https:\/\/api.w.org\/{rel}","templated":true}]}}