{"id":57178,"date":"2025-05-14T08:57:51","date_gmt":"2025-05-14T11:57:51","guid":{"rendered":"https:\/\/www.pbagora.com.br\/?p=899626"},"modified":"2025-05-14T10:57:51","modified_gmt":"2025-05-14T13:57:51","slug":"policia-civil-da-pb-participa-de-operacao-nacional-contra-abuso-sexual-infantil-e-cumpre-mandado-em-jp","status":"publish","type":"post","link":"https:\/\/sindaopcpb.org.br\/index.php\/2025\/05\/14\/policia-civil-da-pb-participa-de-operacao-nacional-contra-abuso-sexual-infantil-e-cumpre-mandado-em-jp\/","title":{"rendered":"Pol\u00edcia Civil da PB participa de opera\u00e7\u00e3o nacional contra abuso sexual infantil e cumpre mandado em JP"},"content":{"rendered":"<p><img width=\"768\" height=\"576\" src=\"https:\/\/www.pbagora.com.br\/storage\/2025\/05\/087e0861-6b56-4aeb-be01-3d9c5b45aa65.jpeg\" class=\"attachment-large size-large wp-post-image\" alt=\"\" style=\"margin-bottom: 20px;\" decoding=\"async\" srcset=\"https:\/\/www.pbagora.com.br\/storage\/2025\/05\/087e0861-6b56-4aeb-be01-3d9c5b45aa65.jpeg 768w, https:\/\/www.pbagora.com.br\/storage\/2025\/05\/087e0861-6b56-4aeb-be01-3d9c5b45aa65-300x225.jpeg 300w, https:\/\/www.pbagora.com.br\/storage\/2025\/05\/087e0861-6b56-4aeb-be01-3d9c5b45aa65-150x113.jpeg 150w, https:\/\/www.pbagora.com.br\/storage\/2025\/05\/087e0861-6b56-4aeb-be01-3d9c5b45aa65-200x150.jpeg 200w, https:\/\/www.pbagora.com.br\/storage\/2025\/05\/087e0861-6b56-4aeb-be01-3d9c5b45aa65-260x195.jpeg 260w, https:\/\/www.pbagora.com.br\/storage\/2025\/05\/087e0861-6b56-4aeb-be01-3d9c5b45aa65-380x285.jpeg 380w, https:\/\/www.pbagora.com.br\/storage\/2025\/05\/087e0861-6b56-4aeb-be01-3d9c5b45aa65-80x60.jpeg 80w, https:\/\/www.pbagora.com.br\/storage\/2025\/05\/087e0861-6b56-4aeb-be01-3d9c5b45aa65-600x450.jpeg 600w, https:\/\/www.pbagora.com.br\/storage\/2025\/05\/087e0861-6b56-4aeb-be01-3d9c5b45aa65-520x390.jpeg 520w, https:\/\/www.pbagora.com.br\/storage\/2025\/05\/087e0861-6b56-4aeb-be01-3d9c5b45aa65-760x570.jpeg 760w\" sizes=\"(max-width: 768px) 100vw, 768px\" \/><\/p>\n<p>A Pol\u00edcia Civil da Para\u00edba, por meio da Delegacia de Crimes Cibern\u00e9ticos (DECC), participou, nesta quarta-feira (14), da Opera\u00e7\u00e3o Nacional Prote\u00e7\u00e3o Integral II, voltada ao combate \u00e0 explora\u00e7\u00e3o sexual infantojuvenil. A a\u00e7\u00e3o foi realizada em parceria com a Pol\u00edcia Federal e com as Pol\u00edcias Civis de diversos estados do pa\u00eds. Na Para\u00edba, foi cumprido um mandado de busca e apreens\u00e3o na cidade de Jo\u00e3o Pessoa.<\/p>\n\n\n\n<p>A investiga\u00e7\u00e3o na Capital teve como alvo um homem de 25 anos, suspeito de aliciar uma adolescente por meio de rede social, com o objetivo de obter imagens \u00edntimas da v\u00edtima.<\/p>\n\n\n\n<p>A opera\u00e7\u00e3o, de alcance nacional, apresentou os seguintes dados parciais:<br>27 Estados participantes;<\/p>\n\n\n\n<p>Pol\u00edcia Federal com mandados em 26 estados;<\/p>\n\n\n\n<p>Pol\u00edcias Civis com mandados em 13 estados (AM, AP, BA, CE, GO, MS, PA, PB, PE, PI, RN, SC e SP);<\/p>\n\n\n\n<p>127 mandados de busca e apreens\u00e3o (102 cumpridos pela PF e 25 pelas Pol\u00edcias Civis);<\/p>\n\n\n\n<p>08 mandados de pris\u00e3o preventiva;<\/p>\n\n\n\n<p>102 inqu\u00e9ritos policiais instaurados;<\/p>\n\n\n\n<p>601 policiais mobilizados (451 federais e 150 civis);<\/p>\n\n\n\n<p>26 pris\u00f5es em flagrante (dado parcial).<\/p>\n\n\n\n<p>A atua\u00e7\u00e3o integrada refor\u00e7a o compromisso das for\u00e7as de seguran\u00e7a p\u00fablica com a prote\u00e7\u00e3o integral de crian\u00e7as e adolescentes, al\u00e9m da responsabiliza\u00e7\u00e3o de autores de crimes dessa natureza.<\/p>\n\n\n\n<p><strong><em>PB Agora<\/em><\/strong><\/p>\n","protected":false},"excerpt":{"rendered":"<p><img loading=\"lazy\" decoding=\"async\" width=\"768\" height=\"576\" src=\"https:\/\/www.pbagora.com.br\/storage\/2025\/05\/087e0861-6b56-4aeb-be01-3d9c5b45aa65.jpeg\" class=\"attachment-large size-large wp-post-image\" alt=\"\" srcset=\"https:\/\/www.pbagora.com.br\/storage\/2025\/05\/087e0861-6b56-4aeb-be01-3d9c5b45aa65.jpeg 768w, https:\/\/www.pbagora.com.br\/storage\/2025\/05\/087e0861-6b56-4aeb-be01-3d9c5b45aa65-300x225.jpeg 300w, https:\/\/www.pbagora.com.br\/storage\/2025\/05\/087e0861-6b56-4aeb-be01-3d9c5b45aa65-150x113.jpeg 150w, https:\/\/www.pbagora.com.br\/storage\/2025\/05\/087e0861-6b56-4aeb-be01-3d9c5b45aa65-200x150.jpeg 200w, https:\/\/www.pbagora.com.br\/storage\/2025\/05\/087e0861-6b56-4aeb-be01-3d9c5b45aa65-260x195.jpeg 260w, https:\/\/www.pbagora.com.br\/storage\/2025\/05\/087e0861-6b56-4aeb-be01-3d9c5b45aa65-380x285.jpeg 380w, https:\/\/www.pbagora.com.br\/storage\/2025\/05\/087e0861-6b56-4aeb-be01-3d9c5b45aa65-80x60.jpeg 80w, https:\/\/www.pbagora.com.br\/storage\/2025\/05\/087e0861-6b56-4aeb-be01-3d9c5b45aa65-600x450.jpeg 600w, https:\/\/www.pbagora.com.br\/storage\/2025\/05\/087e0861-6b56-4aeb-be01-3d9c5b45aa65-520x390.jpeg 520w, https:\/\/www.pbagora.com.br\/storage\/2025\/05\/087e0861-6b56-4aeb-be01-3d9c5b45aa65-760x570.jpeg 760w\" sizes=\"auto, (max-width: 768px) 100vw, 768px\"><\/p>\n<p>A Pol\u00edcia Civil da Para\u00edba, por meio da Delegacia de Crimes Cibern\u00e9ticos (DECC), participou, nesta quarta-feira (14), da\u2026<\/p>\n","protected":false},"author":123457,"featured_media":0,"comment_status":"closed","ping_status":"closed","sticky":false,"template":"","format":"standard","meta":{"advgb_blocks_editor_width":"","advgb_blocks_columns_visual_guide":"","footnotes":""},"categories":[34],"tags":[35,10839,10846],"class_list":["post-57178","post","type-post","status-publish","format-standard","hentry","category-g1","tag-g1","tag-policial","tag-rodape-02"],"author_meta":{"display_name":"Reda\u00e7\u00e3o","author_link":"https:\/\/sindaopcpb.org.br\/author\/redacao\/"},"featured_img":null,"coauthors":[],"tax_additional":{"categories":{"linked":["<a href=\"https:\/\/sindaopcpb.org.br\/g1\/\" class=\"advgb-post-tax-term\">G1<\/a>"],"unlinked":["<span class=\"advgb-post-tax-term\">G1<\/span>"]},"tags":{"linked":["<a href=\"https:\/\/sindaopcpb.org.br\/g1\/\" class=\"advgb-post-tax-term\">g1<\/a>","<a href=\"https:\/\/sindaopcpb.org.br\/g1\/\" class=\"advgb-post-tax-term\">Policial<\/a>","<a href=\"https:\/\/sindaopcpb.org.br\/g1\/\" class=\"advgb-post-tax-term\">Rodape 02<\/a>"],"unlinked":["<span class=\"advgb-post-tax-term\">g1<\/span>","<span class=\"advgb-post-tax-term\">Policial<\/span>","<span class=\"advgb-post-tax-term\">Rodape 02<\/span>"]}},"comment_count":"0","relative_dates":{"created":"Publicado 12 meses atr\u00e1s","modified":"Atualizado 12 meses atr\u00e1s"},"absolute_dates":{"created":"Publicado em 14 de maio de 2025","modified":"Atualizado em 14 de maio de 2025"},"absolute_dates_time":{"created":"Publicado em 14 de maio de 2025 08:57","modified":"Atualizado em 14 de maio de 2025 10:57"},"featured_img_caption":"","series_order":"","_links":{"self":[{"href":"https:\/\/sindaopcpb.org.br\/index.php\/wp-json\/wp\/v2\/posts\/57178","targetHints":{"allow":["GET"]}}],"collection":[{"href":"https:\/\/sindaopcpb.org.br\/index.php\/wp-json\/wp\/v2\/posts"}],"about":[{"href":"https:\/\/sindaopcpb.org.br\/index.php\/wp-json\/wp\/v2\/types\/post"}],"author":[{"embeddable":true,"href":"https:\/\/sindaopcpb.org.br\/index.php\/wp-json\/wp\/v2\/users\/123457"}],"replies":[{"embeddable":true,"href":"https:\/\/sindaopcpb.org.br\/index.php\/wp-json\/wp\/v2\/comments?post=57178"}],"version-history":[{"count":4,"href":"https:\/\/sindaopcpb.org.br\/index.php\/wp-json\/wp\/v2\/posts\/57178\/revisions"}],"predecessor-version":[{"id":57196,"href":"https:\/\/sindaopcpb.org.br\/index.php\/wp-json\/wp\/v2\/posts\/57178\/revisions\/57196"}],"wp:attachment":[{"href":"https:\/\/sindaopcpb.org.br\/index.php\/wp-json\/wp\/v2\/media?parent=57178"}],"wp:term":[{"taxonomy":"category","embeddable":true,"href":"https:\/\/sindaopcpb.org.br\/index.php\/wp-json\/wp\/v2\/categories?post=57178"},{"taxonomy":"post_tag","embeddable":true,"href":"https:\/\/sindaopcpb.org.br\/index.php\/wp-json\/wp\/v2\/tags?post=57178"}],"curies":[{"name":"wp","href":"https:\/\/api.w.org\/{rel}","templated":true}]}}