{"id":57118,"date":"2025-05-11T11:50:51","date_gmt":"2025-05-11T14:50:51","guid":{"rendered":"https:\/\/www.pbagora.com.br\/?p=899259"},"modified":"2025-05-11T13:50:51","modified_gmt":"2025-05-11T16:50:51","slug":"jovem-e-morto-a-tiros-no-momento-em-que-lavava-carro-no-municipio-de-pedras-de-fogo","status":"publish","type":"post","link":"https:\/\/sindaopcpb.org.br\/index.php\/2025\/05\/11\/jovem-e-morto-a-tiros-no-momento-em-que-lavava-carro-no-municipio-de-pedras-de-fogo\/","title":{"rendered":"Jovem \u00e9 morto a tiros no momento em que lavava carro no munic\u00edpio de Pedras de Fogo"},"content":{"rendered":"<p><img width=\"876\" height=\"585\" src=\"https:\/\/www.pbagora.com.br\/storage\/2022\/06\/viatura_de_pc_walla_santos_7.jpg\" class=\"attachment-large size-large wp-post-image\" alt=\"\" style=\"margin-bottom: 20px;\" decoding=\"async\" srcset=\"https:\/\/www.pbagora.com.br\/storage\/2022\/06\/viatura_de_pc_walla_santos_7.jpg 876w, https:\/\/www.pbagora.com.br\/storage\/2022\/06\/viatura_de_pc_walla_santos_7-300x200.jpg 300w, https:\/\/www.pbagora.com.br\/storage\/2022\/06\/viatura_de_pc_walla_santos_7-150x100.jpg 150w, https:\/\/www.pbagora.com.br\/storage\/2022\/06\/viatura_de_pc_walla_santos_7-768x513.jpg 768w, https:\/\/www.pbagora.com.br\/storage\/2022\/06\/viatura_de_pc_walla_santos_7-380x254.jpg 380w, https:\/\/www.pbagora.com.br\/storage\/2022\/06\/viatura_de_pc_walla_santos_7-800x534.jpg 800w, https:\/\/www.pbagora.com.br\/storage\/2022\/06\/viatura_de_pc_walla_santos_7-80x53.jpg 80w, https:\/\/www.pbagora.com.br\/storage\/2022\/06\/viatura_de_pc_walla_santos_7-760x508.jpg 760w, https:\/\/www.pbagora.com.br\/storage\/2022\/06\/viatura_de_pc_walla_santos_7-600x401.jpg 600w\" sizes=\"(max-width: 876px) 100vw, 876px\" \/><\/p>\n<p>Na tarde deste s\u00e1bado (11), um jovem, de 25 anos, foi morto assassinado a tiros no munic\u00edpio de Pedras de Fogo, na localidade pr\u00f3xima a divisa com a cidade de Itamb\u00e9, no estado de Pernambuco.<\/p>\n\n\n\n<p>De acordo com testemunhas, no momento do crime, o jovem estava lavando carros, quando dois homens em uma moto se aproximaram e efetuaram v\u00e1rios disparos contra ele, que morreu no local.<\/p>\n\n\n\n<p>De acordo com os peritos da Pol\u00edcia Civil que atenderam a ocorr\u00eancia, cerca de oito disparos na regi\u00e3o da cabe\u00e7a atingiram o jovem.<\/p>\n\n\n\n<p>A autoria do crime ainda \u00e9 desconhecida, assim como, a motiva\u00e7\u00e3o. No local, al\u00e9m das testemunhas, existem c\u00e2meras de monitoramento, entretanto, os homens que atiraram contra o jovem usavam capacete.<\/p>\n\n\n\n<p>A pol\u00edcia n\u00e3o descarta que a a\u00e7\u00e3o criminosa tenha sido motivada por guerra entre fac\u00e7\u00f5es dos dois estado, Pernambuco e Para\u00edba.<\/p>\n\n\n\n<p><\/p>\n\n\n\n<p><strong><em>PB Agora<\/em><\/strong><\/p>\n","protected":false},"excerpt":{"rendered":"<p><img loading=\"lazy\" decoding=\"async\" width=\"876\" height=\"585\" src=\"https:\/\/www.pbagora.com.br\/storage\/2022\/06\/viatura_de_pc_walla_santos_7.jpg\" class=\"attachment-large size-large wp-post-image\" alt=\"\" srcset=\"https:\/\/www.pbagora.com.br\/storage\/2022\/06\/viatura_de_pc_walla_santos_7.jpg 876w, https:\/\/www.pbagora.com.br\/storage\/2022\/06\/viatura_de_pc_walla_santos_7-300x200.jpg 300w, https:\/\/www.pbagora.com.br\/storage\/2022\/06\/viatura_de_pc_walla_santos_7-150x100.jpg 150w, https:\/\/www.pbagora.com.br\/storage\/2022\/06\/viatura_de_pc_walla_santos_7-768x513.jpg 768w, https:\/\/www.pbagora.com.br\/storage\/2022\/06\/viatura_de_pc_walla_santos_7-380x254.jpg 380w, https:\/\/www.pbagora.com.br\/storage\/2022\/06\/viatura_de_pc_walla_santos_7-800x534.jpg 800w, https:\/\/www.pbagora.com.br\/storage\/2022\/06\/viatura_de_pc_walla_santos_7-80x53.jpg 80w, https:\/\/www.pbagora.com.br\/storage\/2022\/06\/viatura_de_pc_walla_santos_7-760x508.jpg 760w, https:\/\/www.pbagora.com.br\/storage\/2022\/06\/viatura_de_pc_walla_santos_7-600x401.jpg 600w\" sizes=\"auto, (max-width: 876px) 100vw, 876px\"><\/p>\n<p>Na tarde deste s\u00e1bado (11), um jovem, de 25 anos, foi morto assassinado a tiros no munic\u00edpio de\u2026<\/p>\n","protected":false},"author":123457,"featured_media":0,"comment_status":"closed","ping_status":"closed","sticky":false,"template":"","format":"standard","meta":{"advgb_blocks_editor_width":"","advgb_blocks_columns_visual_guide":"","footnotes":""},"categories":[34],"tags":[10841,35,10839],"class_list":["post-57118","post","type-post","status-publish","format-standard","hentry","category-g1","tag-destaque-centro-02","tag-g1","tag-policial"],"author_meta":{"display_name":"Reda\u00e7\u00e3o","author_link":"https:\/\/sindaopcpb.org.br\/author\/redacao\/"},"featured_img":null,"coauthors":[],"tax_additional":{"categories":{"linked":["<a href=\"https:\/\/sindaopcpb.org.br\/g1\/\" class=\"advgb-post-tax-term\">G1<\/a>"],"unlinked":["<span class=\"advgb-post-tax-term\">G1<\/span>"]},"tags":{"linked":["<a href=\"https:\/\/sindaopcpb.org.br\/g1\/\" class=\"advgb-post-tax-term\">Destaque Centro 02<\/a>","<a href=\"https:\/\/sindaopcpb.org.br\/g1\/\" class=\"advgb-post-tax-term\">g1<\/a>","<a href=\"https:\/\/sindaopcpb.org.br\/g1\/\" class=\"advgb-post-tax-term\">Policial<\/a>"],"unlinked":["<span class=\"advgb-post-tax-term\">Destaque Centro 02<\/span>","<span class=\"advgb-post-tax-term\">g1<\/span>","<span class=\"advgb-post-tax-term\">Policial<\/span>"]}},"comment_count":"0","relative_dates":{"created":"Publicado 12 meses atr\u00e1s","modified":"Atualizado 12 meses atr\u00e1s"},"absolute_dates":{"created":"Publicado em 11 de maio de 2025","modified":"Atualizado em 11 de maio de 2025"},"absolute_dates_time":{"created":"Publicado em 11 de maio de 2025 11:50","modified":"Atualizado em 11 de maio de 2025 13:50"},"featured_img_caption":"","series_order":"","_links":{"self":[{"href":"https:\/\/sindaopcpb.org.br\/index.php\/wp-json\/wp\/v2\/posts\/57118","targetHints":{"allow":["GET"]}}],"collection":[{"href":"https:\/\/sindaopcpb.org.br\/index.php\/wp-json\/wp\/v2\/posts"}],"about":[{"href":"https:\/\/sindaopcpb.org.br\/index.php\/wp-json\/wp\/v2\/types\/post"}],"author":[{"embeddable":true,"href":"https:\/\/sindaopcpb.org.br\/index.php\/wp-json\/wp\/v2\/users\/123457"}],"replies":[{"embeddable":true,"href":"https:\/\/sindaopcpb.org.br\/index.php\/wp-json\/wp\/v2\/comments?post=57118"}],"version-history":[{"count":3,"href":"https:\/\/sindaopcpb.org.br\/index.php\/wp-json\/wp\/v2\/posts\/57118\/revisions"}],"predecessor-version":[{"id":57125,"href":"https:\/\/sindaopcpb.org.br\/index.php\/wp-json\/wp\/v2\/posts\/57118\/revisions\/57125"}],"wp:attachment":[{"href":"https:\/\/sindaopcpb.org.br\/index.php\/wp-json\/wp\/v2\/media?parent=57118"}],"wp:term":[{"taxonomy":"category","embeddable":true,"href":"https:\/\/sindaopcpb.org.br\/index.php\/wp-json\/wp\/v2\/categories?post=57118"},{"taxonomy":"post_tag","embeddable":true,"href":"https:\/\/sindaopcpb.org.br\/index.php\/wp-json\/wp\/v2\/tags?post=57118"}],"curies":[{"name":"wp","href":"https:\/\/api.w.org\/{rel}","templated":true}]}}