{"id":57100,"date":"2025-05-10T15:02:21","date_gmt":"2025-05-10T18:02:21","guid":{"rendered":"https:\/\/www.pbagora.com.br\/?p=899222"},"modified":"2025-05-10T16:45:21","modified_gmt":"2025-05-10T19:45:21","slug":"policia-prende-acusados-de-ataque-a-comunidade-na-zona-sul-de-joao-pessoa","status":"publish","type":"post","link":"https:\/\/sindaopcpb.org.br\/index.php\/2025\/05\/10\/policia-prende-acusados-de-ataque-a-comunidade-na-zona-sul-de-joao-pessoa\/","title":{"rendered":"Pol\u00edcia prende acusados de ataque \u00e0 comunidade na Zona Sul de Jo\u00e3o Pessoa"},"content":{"rendered":"<p><img width=\"1024\" height=\"713\" src=\"https:\/\/www.pbagora.com.br\/storage\/2025\/05\/apreensao-1024x713.jpeg\" class=\"attachment-large size-large wp-post-image\" alt=\"\" style=\"margin-bottom: 20px;\" decoding=\"async\" loading=\"lazy\" srcset=\"https:\/\/www.pbagora.com.br\/storage\/2025\/05\/apreensao-1024x713.jpeg 1024w, https:\/\/www.pbagora.com.br\/storage\/2025\/05\/apreensao-300x209.jpeg 300w, https:\/\/www.pbagora.com.br\/storage\/2025\/05\/apreensao-150x104.jpeg 150w, https:\/\/www.pbagora.com.br\/storage\/2025\/05\/apreensao-768x534.jpeg 768w, https:\/\/www.pbagora.com.br\/storage\/2025\/05\/apreensao-380x264.jpeg 380w, https:\/\/www.pbagora.com.br\/storage\/2025\/05\/apreensao-800x557.jpeg 800w, https:\/\/www.pbagora.com.br\/storage\/2025\/05\/apreensao-1160x807.jpeg 1160w, https:\/\/www.pbagora.com.br\/storage\/2025\/05\/apreensao-80x56.jpeg 80w, https:\/\/www.pbagora.com.br\/storage\/2025\/05\/apreensao-760x529.jpeg 760w, https:\/\/www.pbagora.com.br\/storage\/2025\/05\/apreensao-600x418.jpeg 600w, https:\/\/www.pbagora.com.br\/storage\/2025\/05\/apreensao.jpeg 1200w\" sizes=\"auto, (max-width: 1024px) 100vw, 1024px\" \/><\/p>\n<p>A Pol\u00edcia Militar prendeu dois homens acusados de cometerem um ataque no Colinas do Sul, em Jo\u00e3o Pessoa, na noite da \u00faltima sexta-feira (9). A a\u00e7\u00e3o da PM frustrou a fuga dos suspeitos e ainda conseguiu apreender a arma de fogo usada pelos acusados.<\/p>\n\n\n\n<p>De acordo com a For\u00e7a Regional, a dupla estava em uma motocicleta e chegou a atirar mais de 10 vezes contra um suposto grupo criminoso rival. Entre os acusados presos, um deles j\u00e1 tinha passagem pela pol\u00edcia pelo crime de porte ilegal de arma de fogo.<\/p>\n\n\n\n<p>Os suspeitos estavam com uma pistola de calibre 9 mil\u00edmetros, muni\u00e7\u00f5es e carregadores. A ocorr\u00eancia foi encaminhada para a delegacia para devida autua\u00e7\u00e3o, e onde a participa\u00e7\u00e3o dos acusados em outros crimes na regi\u00e3o ser\u00e1 investigada.<\/p>\n\n\n\n<p><\/p>\n\n\n\n<p><strong><em>Ascom \/ PMPB<\/em><\/strong><\/p>\n","protected":false},"excerpt":{"rendered":"<p><img decoding=\"async\" width=\"1024\" height=\"713\" src=\"https:\/\/www.pbagora.com.br\/storage\/2025\/05\/apreensao-1024x713.jpeg\" class=\"attachment-large size-large wp-post-image\" alt=\"\" loading=\"lazy\" srcset=\"https:\/\/www.pbagora.com.br\/storage\/2025\/05\/apreensao-1024x713.jpeg 1024w, https:\/\/www.pbagora.com.br\/storage\/2025\/05\/apreensao-300x209.jpeg 300w, https:\/\/www.pbagora.com.br\/storage\/2025\/05\/apreensao-150x104.jpeg 150w, https:\/\/www.pbagora.com.br\/storage\/2025\/05\/apreensao-768x534.jpeg 768w, https:\/\/www.pbagora.com.br\/storage\/2025\/05\/apreensao-380x264.jpeg 380w, https:\/\/www.pbagora.com.br\/storage\/2025\/05\/apreensao-800x557.jpeg 800w, https:\/\/www.pbagora.com.br\/storage\/2025\/05\/apreensao-1160x807.jpeg 1160w, https:\/\/www.pbagora.com.br\/storage\/2025\/05\/apreensao-80x56.jpeg 80w, https:\/\/www.pbagora.com.br\/storage\/2025\/05\/apreensao-760x529.jpeg 760w, https:\/\/www.pbagora.com.br\/storage\/2025\/05\/apreensao-600x418.jpeg 600w, https:\/\/www.pbagora.com.br\/storage\/2025\/05\/apreensao.jpeg 1200w\" sizes=\"auto, (max-width: 1024px) 100vw, 1024px\"><\/p>\n<p>A Pol\u00edcia Militar prendeu dois homens acusados de cometerem um ataque no Colinas do Sul, em Jo\u00e3o Pessoa,\u2026<\/p>\n","protected":false},"author":123457,"featured_media":0,"comment_status":"closed","ping_status":"closed","sticky":false,"template":"","format":"standard","meta":{"advgb_blocks_editor_width":"","advgb_blocks_columns_visual_guide":"","footnotes":""},"categories":[34],"tags":[10840,35,10839],"class_list":["post-57100","post","type-post","status-publish","format-standard","hentry","category-g1","tag-destaque-centro-03","tag-g1","tag-policial"],"author_meta":{"display_name":"Reda\u00e7\u00e3o","author_link":"https:\/\/sindaopcpb.org.br\/author\/redacao\/"},"featured_img":null,"coauthors":[],"tax_additional":{"categories":{"linked":["<a href=\"https:\/\/sindaopcpb.org.br\/g1\/\" class=\"advgb-post-tax-term\">G1<\/a>"],"unlinked":["<span class=\"advgb-post-tax-term\">G1<\/span>"]},"tags":{"linked":["<a href=\"https:\/\/sindaopcpb.org.br\/g1\/\" class=\"advgb-post-tax-term\">Destaque Centro 03<\/a>","<a href=\"https:\/\/sindaopcpb.org.br\/g1\/\" class=\"advgb-post-tax-term\">g1<\/a>","<a href=\"https:\/\/sindaopcpb.org.br\/g1\/\" class=\"advgb-post-tax-term\">Policial<\/a>"],"unlinked":["<span class=\"advgb-post-tax-term\">Destaque Centro 03<\/span>","<span class=\"advgb-post-tax-term\">g1<\/span>","<span class=\"advgb-post-tax-term\">Policial<\/span>"]}},"comment_count":"0","relative_dates":{"created":"Publicado 12 meses atr\u00e1s","modified":"Atualizado 12 meses atr\u00e1s"},"absolute_dates":{"created":"Publicado em 10 de maio de 2025","modified":"Atualizado em 10 de maio de 2025"},"absolute_dates_time":{"created":"Publicado em 10 de maio de 2025 15:02","modified":"Atualizado em 10 de maio de 2025 16:45"},"featured_img_caption":"","series_order":"","_links":{"self":[{"href":"https:\/\/sindaopcpb.org.br\/index.php\/wp-json\/wp\/v2\/posts\/57100","targetHints":{"allow":["GET"]}}],"collection":[{"href":"https:\/\/sindaopcpb.org.br\/index.php\/wp-json\/wp\/v2\/posts"}],"about":[{"href":"https:\/\/sindaopcpb.org.br\/index.php\/wp-json\/wp\/v2\/types\/post"}],"author":[{"embeddable":true,"href":"https:\/\/sindaopcpb.org.br\/index.php\/wp-json\/wp\/v2\/users\/123457"}],"replies":[{"embeddable":true,"href":"https:\/\/sindaopcpb.org.br\/index.php\/wp-json\/wp\/v2\/comments?post=57100"}],"version-history":[{"count":2,"href":"https:\/\/sindaopcpb.org.br\/index.php\/wp-json\/wp\/v2\/posts\/57100\/revisions"}],"predecessor-version":[{"id":57109,"href":"https:\/\/sindaopcpb.org.br\/index.php\/wp-json\/wp\/v2\/posts\/57100\/revisions\/57109"}],"wp:attachment":[{"href":"https:\/\/sindaopcpb.org.br\/index.php\/wp-json\/wp\/v2\/media?parent=57100"}],"wp:term":[{"taxonomy":"category","embeddable":true,"href":"https:\/\/sindaopcpb.org.br\/index.php\/wp-json\/wp\/v2\/categories?post=57100"},{"taxonomy":"post_tag","embeddable":true,"href":"https:\/\/sindaopcpb.org.br\/index.php\/wp-json\/wp\/v2\/tags?post=57100"}],"curies":[{"name":"wp","href":"https:\/\/api.w.org\/{rel}","templated":true}]}}