{"id":57094,"date":"2025-05-09T17:30:05","date_gmt":"2025-05-09T20:30:05","guid":{"rendered":"https:\/\/www.pbagora.com.br\/?p=899123"},"modified":"2025-05-09T17:30:05","modified_gmt":"2025-05-09T20:30:05","slug":"prf-na-paraiba-localiza-moto-furtada-e-detem-homem-com-mandado-de-prisao-preventiva-por-roubo","status":"publish","type":"post","link":"https:\/\/sindaopcpb.org.br\/index.php\/2025\/05\/09\/prf-na-paraiba-localiza-moto-furtada-e-detem-homem-com-mandado-de-prisao-preventiva-por-roubo\/","title":{"rendered":"PRF na Para\u00edba localiza moto furtada e det\u00e9m homem com mandado de pris\u00e3o preventiva por roubo"},"content":{"rendered":"<p><img width=\"743\" height=\"413\" src=\"https:\/\/www.pbagora.com.br\/storage\/2025\/05\/algema-prf.jpg\" class=\"attachment-large size-large wp-post-image\" alt=\"\" style=\"margin-bottom: 20px;\" decoding=\"async\" loading=\"lazy\" srcset=\"https:\/\/www.pbagora.com.br\/storage\/2025\/05\/algema-prf.jpg 743w, https:\/\/www.pbagora.com.br\/storage\/2025\/05\/algema-prf-300x167.jpg 300w, https:\/\/www.pbagora.com.br\/storage\/2025\/05\/algema-prf-150x83.jpg 150w, https:\/\/www.pbagora.com.br\/storage\/2025\/05\/algema-prf-380x211.jpg 380w, https:\/\/www.pbagora.com.br\/storage\/2025\/05\/algema-prf-80x44.jpg 80w, https:\/\/www.pbagora.com.br\/storage\/2025\/05\/algema-prf-600x334.jpg 600w\" sizes=\"auto, (max-width: 743px) 100vw, 743px\" \/><\/p>\n<p>A Pol\u00edcia Rodovi\u00e1ria Federal (PRF) na Para\u00edba realizou duas a\u00e7\u00f5es distintas na \u00faltima quinta-feira, 8 de maio de 2025, nos munic\u00edpios de Jo\u00e3o Pessoa e Alhandra, resultando na recupera\u00e7\u00e3o de uma motocicleta furtada e na pris\u00e3o de um homem de 36 anos com mandado de pris\u00e3o preventiva por roubo, em uma a\u00e7\u00e3o que contou com a troca de informa\u00e7\u00f5es com a Pol\u00edcia Civil.<\/p>\n\n\n\n<p>Em Jo\u00e3o Pessoa, capital paraibana, por volta das 09h02, no km 26 da BR-230, a Pol\u00edcia Rodovi\u00e1ria Federal localizou uma motocicleta Honda CG 150 Fan com registro de furto. A a\u00e7\u00e3o ocorreu durante levantamento dos ve\u00edculos retidos no p\u00e1tio conveniado da PRF. A moto havia sido recolhida no dia 1\/5\/2025 ap\u00f3s se envolver em um sinistro de tr\u00e2nsito. No momento do procedimento, n\u00e3o havia registro de furto em seu desfavor. Diante dos fatos observados, a motocicleta recuperada passar\u00e1 pelos tr\u00e2mites cab\u00edveis para ser devolvida ao seu leg\u00edtimo dono.<\/p>\n\n\n\n<p>Em Alhandra, litoral sul paraibano, por volta das 20h09, no km 107 da BR-101, equipe da PRF abordou um ve\u00edculo Fiat Toro Freed Turb, conduzido por um homem de 36 anos, que tinha um mandado de pris\u00e3o preventiva pelo crime de roubo em seu desfavor. A a\u00e7\u00e3o se desenvolveu por meio de troca de informa\u00e7\u00f5es com a Pol\u00edcia Civil, que investigava o indiv\u00edduo atrav\u00e9s da Opera\u00e7\u00e3o Callidus. O homem \u00e9 suspeito de integrar grupo interestadual que vinha praticando crimes de roubo, onde atuaram em Campina Grande-PB, no dia 21\/3, no Bairro Santo Ant\u00f4nio, quando moradores foram rendidos por grupo vestindo camisas da Pol\u00edcia Federal, sendo roubados e extorquidos. A intercepta\u00e7\u00e3o do ve\u00edculo, onde o indiv\u00edduo se encontrava, foi poss\u00edvel gra\u00e7as ao compartilhamento de informa\u00e7\u00f5es com a Pol\u00edcia Civil, que indicavam a exist\u00eancia de um mandado de pris\u00e3o preventiva em aberto por roubo contra o suspeito que conduzia o ve\u00edculo. Ap\u00f3s a abordagem e confirma\u00e7\u00e3o do mandado, o indiv\u00edduo foi detido e conduzido \u00e0s autoridades cab\u00edveis para dar prosseguimento aos procedimentos cab\u00edveis. O ve\u00edculo do suspeito foi entregue ao acompanhante, que p\u00f4de seguir viagem.<\/p>\n\n\n\n<p><strong><em>PB Agora<\/em><\/strong><\/p>\n","protected":false},"excerpt":{"rendered":"<p><img loading=\"lazy\" decoding=\"async\" width=\"743\" height=\"413\" src=\"https:\/\/www.pbagora.com.br\/storage\/2025\/05\/algema-prf.jpg\" class=\"attachment-large size-large wp-post-image\" alt=\"\" srcset=\"https:\/\/www.pbagora.com.br\/storage\/2025\/05\/algema-prf.jpg 743w, https:\/\/www.pbagora.com.br\/storage\/2025\/05\/algema-prf-300x167.jpg 300w, https:\/\/www.pbagora.com.br\/storage\/2025\/05\/algema-prf-150x83.jpg 150w, https:\/\/www.pbagora.com.br\/storage\/2025\/05\/algema-prf-380x211.jpg 380w, https:\/\/www.pbagora.com.br\/storage\/2025\/05\/algema-prf-80x44.jpg 80w, https:\/\/www.pbagora.com.br\/storage\/2025\/05\/algema-prf-600x334.jpg 600w\" sizes=\"auto, (max-width: 743px) 100vw, 743px\"><\/p>\n<p>A Pol\u00edcia Rodovi\u00e1ria Federal (PRF) na Para\u00edba realizou duas a\u00e7\u00f5es distintas na \u00faltima quinta-feira, 8 de maio de\u2026<\/p>\n","protected":false},"author":123457,"featured_media":0,"comment_status":"closed","ping_status":"closed","sticky":false,"template":"","format":"standard","meta":{"advgb_blocks_editor_width":"","advgb_blocks_columns_visual_guide":"","footnotes":""},"categories":[34],"tags":[10845,35,10839],"class_list":["post-57094","post","type-post","status-publish","format-standard","hentry","category-g1","tag-destaque-centro-01","tag-g1","tag-policial"],"author_meta":{"display_name":"Reda\u00e7\u00e3o","author_link":"https:\/\/sindaopcpb.org.br\/author\/redacao\/"},"featured_img":null,"coauthors":[],"tax_additional":{"categories":{"linked":["<a href=\"https:\/\/sindaopcpb.org.br\/g1\/\" class=\"advgb-post-tax-term\">G1<\/a>"],"unlinked":["<span class=\"advgb-post-tax-term\">G1<\/span>"]},"tags":{"linked":["<a href=\"https:\/\/sindaopcpb.org.br\/g1\/\" class=\"advgb-post-tax-term\">Destaque Centro 01<\/a>","<a href=\"https:\/\/sindaopcpb.org.br\/g1\/\" class=\"advgb-post-tax-term\">g1<\/a>","<a href=\"https:\/\/sindaopcpb.org.br\/g1\/\" class=\"advgb-post-tax-term\">Policial<\/a>"],"unlinked":["<span class=\"advgb-post-tax-term\">Destaque Centro 01<\/span>","<span class=\"advgb-post-tax-term\">g1<\/span>","<span class=\"advgb-post-tax-term\">Policial<\/span>"]}},"comment_count":"0","relative_dates":{"created":"Publicado 12 meses atr\u00e1s","modified":"Atualizado 12 meses atr\u00e1s"},"absolute_dates":{"created":"Publicado em 9 de maio de 2025","modified":"Atualizado em 9 de maio de 2025"},"absolute_dates_time":{"created":"Publicado em 9 de maio de 2025 17:30","modified":"Atualizado em 9 de maio de 2025 17:30"},"featured_img_caption":"","series_order":"","_links":{"self":[{"href":"https:\/\/sindaopcpb.org.br\/index.php\/wp-json\/wp\/v2\/posts\/57094","targetHints":{"allow":["GET"]}}],"collection":[{"href":"https:\/\/sindaopcpb.org.br\/index.php\/wp-json\/wp\/v2\/posts"}],"about":[{"href":"https:\/\/sindaopcpb.org.br\/index.php\/wp-json\/wp\/v2\/types\/post"}],"author":[{"embeddable":true,"href":"https:\/\/sindaopcpb.org.br\/index.php\/wp-json\/wp\/v2\/users\/123457"}],"replies":[{"embeddable":true,"href":"https:\/\/sindaopcpb.org.br\/index.php\/wp-json\/wp\/v2\/comments?post=57094"}],"version-history":[{"count":2,"href":"https:\/\/sindaopcpb.org.br\/index.php\/wp-json\/wp\/v2\/posts\/57094\/revisions"}],"predecessor-version":[{"id":57099,"href":"https:\/\/sindaopcpb.org.br\/index.php\/wp-json\/wp\/v2\/posts\/57094\/revisions\/57099"}],"wp:attachment":[{"href":"https:\/\/sindaopcpb.org.br\/index.php\/wp-json\/wp\/v2\/media?parent=57094"}],"wp:term":[{"taxonomy":"category","embeddable":true,"href":"https:\/\/sindaopcpb.org.br\/index.php\/wp-json\/wp\/v2\/categories?post=57094"},{"taxonomy":"post_tag","embeddable":true,"href":"https:\/\/sindaopcpb.org.br\/index.php\/wp-json\/wp\/v2\/tags?post=57094"}],"curies":[{"name":"wp","href":"https:\/\/api.w.org\/{rel}","templated":true}]}}