{"id":57086,"date":"2025-05-09T13:00:25","date_gmt":"2025-05-09T16:00:25","guid":{"rendered":"https:\/\/www.pbagora.com.br\/?p=899103"},"modified":"2025-05-09T13:00:25","modified_gmt":"2025-05-09T16:00:25","slug":"com-826-de-ocupacao-rede-hoteleira-da-paraiba-tem-melhor-desempenho-do-ano","status":"publish","type":"post","link":"https:\/\/sindaopcpb.org.br\/index.php\/2025\/05\/09\/com-826-de-ocupacao-rede-hoteleira-da-paraiba-tem-melhor-desempenho-do-ano\/","title":{"rendered":"Com 82,6% de ocupa\u00e7\u00e3o, rede hoteleira da Para\u00edba tem melhor desempenho do ano"},"content":{"rendered":"<p><img width=\"1024\" height=\"611\" src=\"https:\/\/www.pbagora.com.br\/storage\/2024\/12\/letreiro_joao_pessoa-1024x611.jpeg\" class=\"attachment-large size-large wp-post-image\" alt=\"\" style=\"margin-bottom: 20px;\" decoding=\"async\" srcset=\"https:\/\/www.pbagora.com.br\/storage\/2024\/12\/letreiro_joao_pessoa-1024x611.jpeg 1024w, https:\/\/www.pbagora.com.br\/storage\/2024\/12\/letreiro_joao_pessoa-300x179.jpeg 300w, https:\/\/www.pbagora.com.br\/storage\/2024\/12\/letreiro_joao_pessoa-150x90.jpeg 150w, https:\/\/www.pbagora.com.br\/storage\/2024\/12\/letreiro_joao_pessoa-768x459.jpeg 768w, https:\/\/www.pbagora.com.br\/storage\/2024\/12\/letreiro_joao_pessoa-380x227.jpeg 380w, https:\/\/www.pbagora.com.br\/storage\/2024\/12\/letreiro_joao_pessoa-800x478.jpeg 800w, https:\/\/www.pbagora.com.br\/storage\/2024\/12\/letreiro_joao_pessoa-1160x693.jpeg 1160w, https:\/\/www.pbagora.com.br\/storage\/2024\/12\/letreiro_joao_pessoa-80x48.jpeg 80w, https:\/\/www.pbagora.com.br\/storage\/2024\/12\/letreiro_joao_pessoa-760x454.jpeg 760w, https:\/\/www.pbagora.com.br\/storage\/2024\/12\/letreiro_joao_pessoa-600x358.jpeg 600w, https:\/\/www.pbagora.com.br\/storage\/2024\/12\/letreiro_joao_pessoa.jpeg 1206w\" sizes=\"(max-width: 1024px) 100vw, 1024px\" \/><\/p>\n<p>A taxa de ocupa\u00e7\u00e3o da rede hoteleira da Para\u00edba alcan\u00e7ou 82,6% em mar\u00e7o deste ano, representando um crescimento de 21,29% em compara\u00e7\u00e3o com o mesmo per\u00edodo de 2024. Os dados foram divulgados nesta sexta-feira (9) pela Empresa Paraibana de Turismo (PBTur) e constam no Boletim Mensal de Monitoramento de Indicadores do Turismo.<\/p>\n\n\n\n<p>O levantamento \u00e9 produzido pela Coordena\u00e7\u00e3o de Intelig\u00eancia de Dados da PBTur em parceria com a Secretaria de Turismo e Desenvolvimento Econ\u00f4mico da Para\u00edba (Setde), com base na plataforma de Dados Genius. O objetivo \u00e9 fornecer subs\u00eddios para o aprimoramento de pol\u00edticas p\u00fablicas e atra\u00e7\u00e3o de novos investimentos no setor tur\u00edstico estadual.<\/p>\n\n\n\n<p>Segundo Ferdinando Lucena, presidente da PBTur, os n\u00fameros refletem a consolida\u00e7\u00e3o do estado como destino competitivo e em expans\u00e3o. \u201cEsse desempenho refor\u00e7a o potencial da Para\u00edba para atrair visitantes de todas as regi\u00f5es do pa\u00eds e do exterior. Continuaremos investindo em intelig\u00eancia de dados, infraestrutura e a\u00e7\u00f5es promocionais para manter essa trajet\u00f3ria de crescimento\u201d, afirmou.<\/p>\n\n\n\n<p>A secret\u00e1ria de Turismo e Desenvolvimento Econ\u00f4mico, Ros\u00e1lia Lucas, destacou que o resultado positivo est\u00e1 diretamente ligado \u00e0 promo\u00e7\u00e3o cont\u00ednua do destino e \u00e0 qualifica\u00e7\u00e3o dos servi\u00e7os tur\u00edsticos. \u201cA Para\u00edba tem se consolidado como uma escolha cada vez mais atrativa para quem busca experi\u00eancias aut\u00eanticas, com qualidade e hospitalidade\u201d, destacou.<\/p>\n\n\n\n<p>O boletim completo pode ser acessado no site da PBTur: pbtur.pb.gov.br.<\/p>\n\n\n\n<p><strong><em>Reda\u00e7\u00e3o<\/em><\/strong><\/p>\n","protected":false},"excerpt":{"rendered":"<p><img loading=\"lazy\" decoding=\"async\" width=\"1024\" height=\"611\" src=\"https:\/\/www.pbagora.com.br\/storage\/2024\/12\/letreiro_joao_pessoa-1024x611.jpeg\" class=\"attachment-large size-large wp-post-image\" alt=\"\" srcset=\"https:\/\/www.pbagora.com.br\/storage\/2024\/12\/letreiro_joao_pessoa-1024x611.jpeg 1024w, https:\/\/www.pbagora.com.br\/storage\/2024\/12\/letreiro_joao_pessoa-300x179.jpeg 300w, https:\/\/www.pbagora.com.br\/storage\/2024\/12\/letreiro_joao_pessoa-150x90.jpeg 150w, https:\/\/www.pbagora.com.br\/storage\/2024\/12\/letreiro_joao_pessoa-768x459.jpeg 768w, https:\/\/www.pbagora.com.br\/storage\/2024\/12\/letreiro_joao_pessoa-380x227.jpeg 380w, https:\/\/www.pbagora.com.br\/storage\/2024\/12\/letreiro_joao_pessoa-800x478.jpeg 800w, https:\/\/www.pbagora.com.br\/storage\/2024\/12\/letreiro_joao_pessoa-1160x693.jpeg 1160w, https:\/\/www.pbagora.com.br\/storage\/2024\/12\/letreiro_joao_pessoa-80x48.jpeg 80w, https:\/\/www.pbagora.com.br\/storage\/2024\/12\/letreiro_joao_pessoa-760x454.jpeg 760w, https:\/\/www.pbagora.com.br\/storage\/2024\/12\/letreiro_joao_pessoa-600x358.jpeg 600w, https:\/\/www.pbagora.com.br\/storage\/2024\/12\/letreiro_joao_pessoa.jpeg 1206w\" sizes=\"auto, (max-width: 1024px) 100vw, 1024px\"><\/p>\n<p>A taxa de ocupa\u00e7\u00e3o da rede hoteleira da Para\u00edba alcan\u00e7ou 82,6% em mar\u00e7o deste ano, representando um crescimento\u2026<\/p>\n","protected":false},"author":123457,"featured_media":0,"comment_status":"closed","ping_status":"closed","sticky":false,"template":"","format":"standard","meta":{"advgb_blocks_editor_width":"","advgb_blocks_columns_visual_guide":"","footnotes":""},"categories":[34],"tags":[10841,35,10839],"class_list":["post-57086","post","type-post","status-publish","format-standard","hentry","category-g1","tag-destaque-centro-02","tag-g1","tag-policial"],"author_meta":{"display_name":"Reda\u00e7\u00e3o","author_link":"https:\/\/sindaopcpb.org.br\/author\/redacao\/"},"featured_img":null,"coauthors":[],"tax_additional":{"categories":{"linked":["<a href=\"https:\/\/sindaopcpb.org.br\/g1\/\" class=\"advgb-post-tax-term\">G1<\/a>"],"unlinked":["<span class=\"advgb-post-tax-term\">G1<\/span>"]},"tags":{"linked":["<a href=\"https:\/\/sindaopcpb.org.br\/g1\/\" class=\"advgb-post-tax-term\">Destaque Centro 02<\/a>","<a href=\"https:\/\/sindaopcpb.org.br\/g1\/\" class=\"advgb-post-tax-term\">g1<\/a>","<a href=\"https:\/\/sindaopcpb.org.br\/g1\/\" class=\"advgb-post-tax-term\">Policial<\/a>"],"unlinked":["<span class=\"advgb-post-tax-term\">Destaque Centro 02<\/span>","<span class=\"advgb-post-tax-term\">g1<\/span>","<span class=\"advgb-post-tax-term\">Policial<\/span>"]}},"comment_count":"0","relative_dates":{"created":"Publicado 12 meses atr\u00e1s","modified":"Atualizado 12 meses atr\u00e1s"},"absolute_dates":{"created":"Publicado em 9 de maio de 2025","modified":"Atualizado em 9 de maio de 2025"},"absolute_dates_time":{"created":"Publicado em 9 de maio de 2025 13:00","modified":"Atualizado em 9 de maio de 2025 13:00"},"featured_img_caption":"","series_order":"","_links":{"self":[{"href":"https:\/\/sindaopcpb.org.br\/index.php\/wp-json\/wp\/v2\/posts\/57086","targetHints":{"allow":["GET"]}}],"collection":[{"href":"https:\/\/sindaopcpb.org.br\/index.php\/wp-json\/wp\/v2\/posts"}],"about":[{"href":"https:\/\/sindaopcpb.org.br\/index.php\/wp-json\/wp\/v2\/types\/post"}],"author":[{"embeddable":true,"href":"https:\/\/sindaopcpb.org.br\/index.php\/wp-json\/wp\/v2\/users\/123457"}],"replies":[{"embeddable":true,"href":"https:\/\/sindaopcpb.org.br\/index.php\/wp-json\/wp\/v2\/comments?post=57086"}],"version-history":[{"count":1,"href":"https:\/\/sindaopcpb.org.br\/index.php\/wp-json\/wp\/v2\/posts\/57086\/revisions"}],"predecessor-version":[{"id":57087,"href":"https:\/\/sindaopcpb.org.br\/index.php\/wp-json\/wp\/v2\/posts\/57086\/revisions\/57087"}],"wp:attachment":[{"href":"https:\/\/sindaopcpb.org.br\/index.php\/wp-json\/wp\/v2\/media?parent=57086"}],"wp:term":[{"taxonomy":"category","embeddable":true,"href":"https:\/\/sindaopcpb.org.br\/index.php\/wp-json\/wp\/v2\/categories?post=57086"},{"taxonomy":"post_tag","embeddable":true,"href":"https:\/\/sindaopcpb.org.br\/index.php\/wp-json\/wp\/v2\/tags?post=57086"}],"curies":[{"name":"wp","href":"https:\/\/api.w.org\/{rel}","templated":true}]}}