{"id":57083,"date":"2025-05-09T11:29:20","date_gmt":"2025-05-09T14:29:20","guid":{"rendered":"https:\/\/www.pbagora.com.br\/?p=899089"},"modified":"2025-05-09T12:50:20","modified_gmt":"2025-05-09T15:50:20","slug":"inusitado-motorista-bate-em-poste-e-sobe-em-telhado-para-fugir-da-policia-em-campina-grande","status":"publish","type":"post","link":"https:\/\/sindaopcpb.org.br\/index.php\/2025\/05\/09\/inusitado-motorista-bate-em-poste-e-sobe-em-telhado-para-fugir-da-policia-em-campina-grande\/","title":{"rendered":"INUSITADO: motorista bate em poste e sobe em telhado para fugir da pol\u00edcia, em Campina Grande"},"content":{"rendered":"<p><img width=\"1000\" height=\"626\" src=\"https:\/\/www.pbagora.com.br\/storage\/2025\/05\/carro-danificado-poste.avif\" class=\"attachment-large size-large wp-post-image\" alt=\"\" style=\"margin-bottom: 20px;\" decoding=\"async\" loading=\"lazy\" srcset=\"https:\/\/www.pbagora.com.br\/storage\/2025\/05\/carro-danificado-poste.avif 1000w, https:\/\/www.pbagora.com.br\/storage\/2025\/05\/carro-danificado-poste-300x188.avif 300w, https:\/\/www.pbagora.com.br\/storage\/2025\/05\/carro-danificado-poste-150x94.avif 150w, https:\/\/www.pbagora.com.br\/storage\/2025\/05\/carro-danificado-poste-768x481.avif 768w, https:\/\/www.pbagora.com.br\/storage\/2025\/05\/carro-danificado-poste-380x238.avif 380w, https:\/\/www.pbagora.com.br\/storage\/2025\/05\/carro-danificado-poste-800x501.avif 800w, https:\/\/www.pbagora.com.br\/storage\/2025\/05\/carro-danificado-poste-80x50.avif 80w, https:\/\/www.pbagora.com.br\/storage\/2025\/05\/carro-danificado-poste-760x476.avif 760w, https:\/\/www.pbagora.com.br\/storage\/2025\/05\/carro-danificado-poste-600x376.avif 600w\" sizes=\"auto, (max-width: 1000px) 100vw, 1000px\" \/><\/p>\n<p>Um acidente inusitado mobilizou a Pol\u00edcia Militar e equipes de resgate na manh\u00e3 desta sexta-feira (09), em Campina Grande. Um motorista colidiu o carro que dirigia contra um poste na Avenida Almirante Barroso e, na tentativa de escapar da abordagem policial, subiu no telhado de resid\u00eancias vizinhas.<\/p>\n\n\n\n<p>Testemunhas relataram que o homem apresentava sinais de embriaguez. Logo ap\u00f3s o impacto, ele abandonou o carro, atravessou a via e escalou os telhados de algumas casas pr\u00f3ximas, danificando estruturas e arremessando telhas na avenida.<\/p>\n\n\n\n<p>No carro estavam outras tr\u00eas pessoas, que ficaram feridas. Uma delas teve a perna presa \u00e0s ferragens e precisou ser retirada com apoio dos bombeiros. O motorista tamb\u00e9m sofreu ferimentos e est\u00e1 sob cust\u00f3dia da Pol\u00edcia Militar.<\/p>\n\n\n\n<p>Todos os ocupantes do ve\u00edculo foram levados ao Hospital de Emerg\u00eancia e Trauma de Campina Grande. Segundo boletim da unidade, tr\u00eas v\u00edtimas apresentam estado de sa\u00fade est\u00e1vel, enquanto uma permanece em estado grave.<\/p>\n\n\n\n<p><strong><em>PB Agora<\/em><\/strong><\/p>\n","protected":false},"excerpt":{"rendered":"<p><img loading=\"lazy\" decoding=\"async\" width=\"1000\" height=\"626\" src=\"https:\/\/www.pbagora.com.br\/storage\/2025\/05\/carro-danificado-poste.avif\" class=\"attachment-large size-large wp-post-image\" alt=\"\" srcset=\"https:\/\/www.pbagora.com.br\/storage\/2025\/05\/carro-danificado-poste.avif 1000w, https:\/\/www.pbagora.com.br\/storage\/2025\/05\/carro-danificado-poste-300x188.avif 300w, https:\/\/www.pbagora.com.br\/storage\/2025\/05\/carro-danificado-poste-150x94.avif 150w, https:\/\/www.pbagora.com.br\/storage\/2025\/05\/carro-danificado-poste-768x481.avif 768w, https:\/\/www.pbagora.com.br\/storage\/2025\/05\/carro-danificado-poste-380x238.avif 380w, https:\/\/www.pbagora.com.br\/storage\/2025\/05\/carro-danificado-poste-800x501.avif 800w, https:\/\/www.pbagora.com.br\/storage\/2025\/05\/carro-danificado-poste-80x50.avif 80w, https:\/\/www.pbagora.com.br\/storage\/2025\/05\/carro-danificado-poste-760x476.avif 760w, https:\/\/www.pbagora.com.br\/storage\/2025\/05\/carro-danificado-poste-600x376.avif 600w\" sizes=\"auto, (max-width: 1000px) 100vw, 1000px\"><\/p>\n<p>Um acidente inusitado mobilizou a Pol\u00edcia Militar e equipes de resgate na manh\u00e3 desta sexta-feira (09), em Campina\u2026<\/p>\n","protected":false},"author":123457,"featured_media":0,"comment_status":"closed","ping_status":"closed","sticky":false,"template":"","format":"standard","meta":{"advgb_blocks_editor_width":"","advgb_blocks_columns_visual_guide":"","footnotes":""},"categories":[34],"tags":[35,10839,10848],"class_list":["post-57083","post","type-post","status-publish","format-standard","hentry","category-g1","tag-g1","tag-policial","tag-rodape-01"],"author_meta":{"display_name":"Reda\u00e7\u00e3o","author_link":"https:\/\/sindaopcpb.org.br\/author\/redacao\/"},"featured_img":null,"coauthors":[],"tax_additional":{"categories":{"linked":["<a href=\"https:\/\/sindaopcpb.org.br\/g1\/\" class=\"advgb-post-tax-term\">G1<\/a>"],"unlinked":["<span class=\"advgb-post-tax-term\">G1<\/span>"]},"tags":{"linked":["<a href=\"https:\/\/sindaopcpb.org.br\/g1\/\" class=\"advgb-post-tax-term\">g1<\/a>","<a href=\"https:\/\/sindaopcpb.org.br\/g1\/\" class=\"advgb-post-tax-term\">Policial<\/a>","<a href=\"https:\/\/sindaopcpb.org.br\/g1\/\" class=\"advgb-post-tax-term\">Rodape 01<\/a>"],"unlinked":["<span class=\"advgb-post-tax-term\">g1<\/span>","<span class=\"advgb-post-tax-term\">Policial<\/span>","<span class=\"advgb-post-tax-term\">Rodape 01<\/span>"]}},"comment_count":"0","relative_dates":{"created":"Publicado 12 meses atr\u00e1s","modified":"Atualizado 12 meses atr\u00e1s"},"absolute_dates":{"created":"Publicado em 9 de maio de 2025","modified":"Atualizado em 9 de maio de 2025"},"absolute_dates_time":{"created":"Publicado em 9 de maio de 2025 11:29","modified":"Atualizado em 9 de maio de 2025 12:50"},"featured_img_caption":"","series_order":"","_links":{"self":[{"href":"https:\/\/sindaopcpb.org.br\/index.php\/wp-json\/wp\/v2\/posts\/57083","targetHints":{"allow":["GET"]}}],"collection":[{"href":"https:\/\/sindaopcpb.org.br\/index.php\/wp-json\/wp\/v2\/posts"}],"about":[{"href":"https:\/\/sindaopcpb.org.br\/index.php\/wp-json\/wp\/v2\/types\/post"}],"author":[{"embeddable":true,"href":"https:\/\/sindaopcpb.org.br\/index.php\/wp-json\/wp\/v2\/users\/123457"}],"replies":[{"embeddable":true,"href":"https:\/\/sindaopcpb.org.br\/index.php\/wp-json\/wp\/v2\/comments?post=57083"}],"version-history":[{"count":2,"href":"https:\/\/sindaopcpb.org.br\/index.php\/wp-json\/wp\/v2\/posts\/57083\/revisions"}],"predecessor-version":[{"id":57090,"href":"https:\/\/sindaopcpb.org.br\/index.php\/wp-json\/wp\/v2\/posts\/57083\/revisions\/57090"}],"wp:attachment":[{"href":"https:\/\/sindaopcpb.org.br\/index.php\/wp-json\/wp\/v2\/media?parent=57083"}],"wp:term":[{"taxonomy":"category","embeddable":true,"href":"https:\/\/sindaopcpb.org.br\/index.php\/wp-json\/wp\/v2\/categories?post=57083"},{"taxonomy":"post_tag","embeddable":true,"href":"https:\/\/sindaopcpb.org.br\/index.php\/wp-json\/wp\/v2\/tags?post=57083"}],"curies":[{"name":"wp","href":"https:\/\/api.w.org\/{rel}","templated":true}]}}