{"id":57080,"date":"2025-05-09T11:39:33","date_gmt":"2025-05-09T14:39:33","guid":{"rendered":"https:\/\/www.pbagora.com.br\/?p=899092"},"modified":"2025-05-09T11:39:33","modified_gmt":"2025-05-09T14:39:33","slug":"discussao-por-vaga-de-garagem-termina-com-morador-baleado-em-jp","status":"publish","type":"post","link":"https:\/\/sindaopcpb.org.br\/index.php\/2025\/05\/09\/discussao-por-vaga-de-garagem-termina-com-morador-baleado-em-jp\/","title":{"rendered":"Discuss\u00e3o por vaga de garagem termina com morador baleado em JP"},"content":{"rendered":"<p><img width=\"800\" height=\"600\" src=\"https:\/\/www.pbagora.com.br\/storage\/2024\/12\/policia-civil-central.webp\" class=\"attachment-large size-large wp-post-image\" alt=\"\" style=\"margin-bottom: 20px;\" decoding=\"async\" loading=\"lazy\" srcset=\"https:\/\/www.pbagora.com.br\/storage\/2024\/12\/policia-civil-central.webp 800w, https:\/\/www.pbagora.com.br\/storage\/2024\/12\/policia-civil-central-300x225.webp 300w, https:\/\/www.pbagora.com.br\/storage\/2024\/12\/policia-civil-central-150x113.webp 150w, https:\/\/www.pbagora.com.br\/storage\/2024\/12\/policia-civil-central-768x576.webp 768w, https:\/\/www.pbagora.com.br\/storage\/2024\/12\/policia-civil-central-200x150.webp 200w, https:\/\/www.pbagora.com.br\/storage\/2024\/12\/policia-civil-central-260x195.webp 260w, https:\/\/www.pbagora.com.br\/storage\/2024\/12\/policia-civil-central-380x285.webp 380w, https:\/\/www.pbagora.com.br\/storage\/2024\/12\/policia-civil-central-80x60.webp 80w, https:\/\/www.pbagora.com.br\/storage\/2024\/12\/policia-civil-central-600x450.webp 600w, https:\/\/www.pbagora.com.br\/storage\/2024\/12\/policia-civil-central-520x390.webp 520w, https:\/\/www.pbagora.com.br\/storage\/2024\/12\/policia-civil-central-760x570.webp 760w\" sizes=\"auto, (max-width: 800px) 100vw, 800px\" \/><\/p>\n<p>Uma discuss\u00e3o entre vizinhos por causa de uma vaga de garagem quase terminou em trag\u00e9dia nessa quinta-feira (08), em um condom\u00ednio residencial no bairro Jos\u00e9 Am\u00e9rico, em Jo\u00e3o Pessoa. Um homem de 44 anos foi baleado no abd\u00f4men e socorrido em estado grave para o Hospital de Emerg\u00eancia e Trauma da capital.<\/p>\n\n\n\n<p>De acordo com as informa\u00e7\u00f5es, o conflito teve in\u00edcio quando a v\u00edtima estacionou seu ve\u00edculo na vaga destinada a outro morador. O dono da vaga, que possui c\u00e2meras de seguran\u00e7a instaladas no local, flagrou a situa\u00e7\u00e3o e foi at\u00e9 o pr\u00e9dio para tirar satisfa\u00e7\u00f5es.<\/p>\n\n\n\n<p>A discuss\u00e3o rapidamente evoluiu para um ato de viol\u00eancia. Imagens de uma c\u00e2mera instalada em um im\u00f3vel vizinho mostram o momento em que o suspeito chega e aponta a arma para a cabe\u00e7a da v\u00edtima, que fazia exerc\u00edcios f\u00edsicos no momento. Um terceiro morador tentou intervir, mas o disparo acabou sendo efetuado, atingindo o abd\u00f4men da v\u00edtima.<\/p>\n\n\n\n<p>Ainda conforme testemunhas o autor do disparo j\u00e1 era conhecido por seu comportamento agressivo no condom\u00ednio. Em um epis\u00f3dio anterior, ele teria atirado contra o apartamento de uma vizinha por estar incomodado com m\u00fasicas religiosas que ela ouvia.<\/p>\n\n\n\n<p>O homem fugiu ap\u00f3s o crime e, at\u00e9 a manh\u00e3 desta sexta-feira (09), segue foragido. <\/p>\n\n\n\n<p>O estado de sa\u00fade da v\u00edtima \u00e9 considerado grave, por\u00e9m est\u00e1vel, segundo boletim m\u00e9dico do Hospital de Trauma.<\/p>\n\n\n\n<p><strong><em>PB Agora<\/em><\/strong><\/p>\n","protected":false},"excerpt":{"rendered":"<p><img decoding=\"async\" width=\"800\" height=\"600\" src=\"https:\/\/www.pbagora.com.br\/storage\/2024\/12\/policia-civil-central.webp\" class=\"attachment-large size-large wp-post-image\" alt=\"\" loading=\"lazy\" srcset=\"https:\/\/www.pbagora.com.br\/storage\/2024\/12\/policia-civil-central.webp 800w, https:\/\/www.pbagora.com.br\/storage\/2024\/12\/policia-civil-central-300x225.webp 300w, https:\/\/www.pbagora.com.br\/storage\/2024\/12\/policia-civil-central-150x113.webp 150w, https:\/\/www.pbagora.com.br\/storage\/2024\/12\/policia-civil-central-768x576.webp 768w, https:\/\/www.pbagora.com.br\/storage\/2024\/12\/policia-civil-central-200x150.webp 200w, https:\/\/www.pbagora.com.br\/storage\/2024\/12\/policia-civil-central-260x195.webp 260w, https:\/\/www.pbagora.com.br\/storage\/2024\/12\/policia-civil-central-380x285.webp 380w, https:\/\/www.pbagora.com.br\/storage\/2024\/12\/policia-civil-central-80x60.webp 80w, https:\/\/www.pbagora.com.br\/storage\/2024\/12\/policia-civil-central-600x450.webp 600w, https:\/\/www.pbagora.com.br\/storage\/2024\/12\/policia-civil-central-520x390.webp 520w, https:\/\/www.pbagora.com.br\/storage\/2024\/12\/policia-civil-central-760x570.webp 760w\" sizes=\"auto, (max-width: 800px) 100vw, 800px\"><\/p>\n<p>Uma discuss\u00e3o entre vizinhos por causa de uma vaga de garagem quase terminou em trag\u00e9dia nessa quinta-feira (08),\u2026<\/p>\n","protected":false},"author":123457,"featured_media":0,"comment_status":"closed","ping_status":"closed","sticky":false,"template":"","format":"standard","meta":{"advgb_blocks_editor_width":"","advgb_blocks_columns_visual_guide":"","footnotes":""},"categories":[34],"tags":[35,10839,10842],"class_list":["post-57080","post","type-post","status-publish","format-standard","hentry","category-g1","tag-g1","tag-policial","tag-principal3"],"author_meta":{"display_name":"Reda\u00e7\u00e3o","author_link":"https:\/\/sindaopcpb.org.br\/author\/redacao\/"},"featured_img":null,"coauthors":[],"tax_additional":{"categories":{"linked":["<a href=\"https:\/\/sindaopcpb.org.br\/g1\/\" class=\"advgb-post-tax-term\">G1<\/a>"],"unlinked":["<span class=\"advgb-post-tax-term\">G1<\/span>"]},"tags":{"linked":["<a href=\"https:\/\/sindaopcpb.org.br\/g1\/\" class=\"advgb-post-tax-term\">g1<\/a>","<a href=\"https:\/\/sindaopcpb.org.br\/g1\/\" class=\"advgb-post-tax-term\">Policial<\/a>","<a href=\"https:\/\/sindaopcpb.org.br\/g1\/\" class=\"advgb-post-tax-term\">Principal3<\/a>"],"unlinked":["<span class=\"advgb-post-tax-term\">g1<\/span>","<span class=\"advgb-post-tax-term\">Policial<\/span>","<span class=\"advgb-post-tax-term\">Principal3<\/span>"]}},"comment_count":"0","relative_dates":{"created":"Publicado 12 meses atr\u00e1s","modified":"Atualizado 12 meses atr\u00e1s"},"absolute_dates":{"created":"Publicado em 9 de maio de 2025","modified":"Atualizado em 9 de maio de 2025"},"absolute_dates_time":{"created":"Publicado em 9 de maio de 2025 11:39","modified":"Atualizado em 9 de maio de 2025 11:39"},"featured_img_caption":"","series_order":"","_links":{"self":[{"href":"https:\/\/sindaopcpb.org.br\/index.php\/wp-json\/wp\/v2\/posts\/57080","targetHints":{"allow":["GET"]}}],"collection":[{"href":"https:\/\/sindaopcpb.org.br\/index.php\/wp-json\/wp\/v2\/posts"}],"about":[{"href":"https:\/\/sindaopcpb.org.br\/index.php\/wp-json\/wp\/v2\/types\/post"}],"author":[{"embeddable":true,"href":"https:\/\/sindaopcpb.org.br\/index.php\/wp-json\/wp\/v2\/users\/123457"}],"replies":[{"embeddable":true,"href":"https:\/\/sindaopcpb.org.br\/index.php\/wp-json\/wp\/v2\/comments?post=57080"}],"version-history":[{"count":1,"href":"https:\/\/sindaopcpb.org.br\/index.php\/wp-json\/wp\/v2\/posts\/57080\/revisions"}],"predecessor-version":[{"id":57081,"href":"https:\/\/sindaopcpb.org.br\/index.php\/wp-json\/wp\/v2\/posts\/57080\/revisions\/57081"}],"wp:attachment":[{"href":"https:\/\/sindaopcpb.org.br\/index.php\/wp-json\/wp\/v2\/media?parent=57080"}],"wp:term":[{"taxonomy":"category","embeddable":true,"href":"https:\/\/sindaopcpb.org.br\/index.php\/wp-json\/wp\/v2\/categories?post=57080"},{"taxonomy":"post_tag","embeddable":true,"href":"https:\/\/sindaopcpb.org.br\/index.php\/wp-json\/wp\/v2\/tags?post=57080"}],"curies":[{"name":"wp","href":"https:\/\/api.w.org\/{rel}","templated":true}]}}